{"id":88,"date":"2026-08-26T16:20:29","date_gmt":"2026-08-26T14:20:29","guid":{"rendered":"https:\/\/magicon.hu\/?p=88"},"modified":"2026-08-31T09:26:20","modified_gmt":"2026-08-31T07:26:20","slug":"avokado-ultetese","status":"publish","type":"post","link":"https:\/\/magicon.hu\/avokado-ultetese\/","title":{"rendered":"Az avok\u00e1d\u00f3 \u00fcltet\u00e9se magr\u00f3l \u00e9s otthoni gondoz\u00e1sa"},"content":{"rendered":"\n<p class=\"wp-block-paragraph\">Az avok\u00e1d\u00f3 mint szoban\u00f6v\u00e9ny tart\u00e1sa az ut\u00f3bbi \u00e9vekben egyre nagyobb n\u00e9pszer\u0171s\u00e9gnek \u00f6rvend a n\u00f6v\u00e9nykedvel\u0151k k\u00f6r\u00e9ben. B\u00e1r a n\u00f6v\u00e9ny eredetileg a tr\u00f3pusi \u00e9s szubtr\u00f3pusi \u00e9ghajlatot kedveli, a boltokban megv\u00e1s\u00e1rolhat\u00f3 gy\u00fcm\u00f6lcs\u00f6k magj\u00e1b\u00f3l otthoni k\u00f6r\u00fclm\u00e9nyek k\u00f6z\u00f6tt is l\u00e1tv\u00e1nyos, \u00f6r\u00f6kz\u00f6ld d\u00edszn\u00f6v\u00e9ny nevelhet\u0151. A magr\u00f3l t\u00f6rt\u00e9n\u0151 szapor\u00edt\u00e1s nemcsak k\u00f6lts\u00e9ghat\u00e9kony megold\u00e1s, hanem egyben izgalmas kert\u00e9szeti k\u00eds\u00e9rlet is. A folyamat sikere a megfelel\u0151 alapanyag kiv\u00e1laszt\u00e1s\u00e1n, a cs\u00edr\u00e1ztat\u00e1si technika helyes alkalmaz\u00e1s\u00e1n, valamint a fiatal n\u00f6v\u00e9ny szakszer\u0171 gondoz\u00e1s\u00e1n m\u00falik.<\/p>\n\n\n\n<h2 class=\"wp-block-heading\">Az avok\u00e1d\u00f3 n\u00f6v\u00e9ny jellemz\u0151i \u00e9s a megfelel\u0151 mag kiv\u00e1laszt\u00e1sa<\/h2>\n\n\n\n<p class=\"wp-block-paragraph\">Az avok\u00e1d\u00f3 (<em>Persea americana<\/em>) a bab\u00e9rf\u00e9l\u00e9k csal\u00e1dj\u00e1ba tartoz\u00f3, K\u00f6z\u00e9p-Amerik\u00e1ban \u0151shonos \u00f6r\u00f6kz\u00f6ld fafajta. Term\u00e9szetes \u00e9l\u0151hely\u00e9n a fa a t\u00f6bb m\u00e9teres magass\u00e1got is el\u00e9rheti, \u00e9s kr\u00e9mes, vitaminokban (A, B, C, E), valamint eg\u00e9szs\u00e9ges zs\u00edrsavakban gazdag gy\u00fcm\u00f6lcs\u00f6t terem. A konyhai felhaszn\u00e1l\u00e1st k\u00f6vet\u0151en visszamarad\u00f3 mag kit\u0171n\u0151 alapot ny\u00fajt az otthoni szapor\u00edt\u00e1shoz.<\/p>\n\n\n\n<p class=\"wp-block-paragraph\">A sikeres cs\u00edr\u00e1ztat\u00e1s el\u0151felt\u00e9tele a megfelel\u0151 min\u0151s\u00e9g\u0171 mag kiv\u00e1laszt\u00e1sa \u00e9s el\u0151k\u00e9sz\u00edt\u00e9se. Az al\u00e1bbi l\u00e9p\u00e9sek betart\u00e1sa szavatolja a cs\u00edr\u00e1z\u00f3k\u00e9pess\u00e9g meg\u0151rz\u00e9s\u00e9t:<\/p>\n\n\n\n<ul class=\"wp-block-list\">\n<li><strong>A gy\u00fcm\u00f6lcs kiv\u00e1laszt\u00e1sa:<\/strong> Olyan \u00e9rett avok\u00e1d\u00f3 megv\u00e1s\u00e1rl\u00e1sa aj\u00e1nlott, amelynek h\u00e9ja enyhe nyom\u00e1sra kiss\u00e9 benyom\u00f3dik, de nem t\u00fal puha vagy s\u00e9r\u00fclt.<\/li>\n\n\n\n<li><strong>\u00d3vatos kibont\u00e1s:<\/strong> A gy\u00fcm\u00f6lcsh\u00fast a mag k\u00f6r\u00fcl \u00f3vatosan kell k\u00f6rbev\u00e1gni, elker\u00fclve, hogy a k\u00e9s peng\u00e9je megs\u00e9rtse a mag bels\u0151 szerkezet\u00e9t.<\/li>\n\n\n\n<li><strong>Tiszt\u00edt\u00e1s:<\/strong> A mag kiemel\u00e9se ut\u00e1n langyos foly\u00f3v\u00edz alatt teljesen el kell t\u00e1vol\u00edtani a fel\u00fcleten maradt tapad\u00f3s gy\u00fcm\u00f6lcsh\u00fast, megel\u0151zve a k\u00e9s\u0151bbi rothad\u00e1si folyamatokat.<\/li>\n\n\n\n<li><strong>A magh\u00e9j kezel\u00e9se:<\/strong> A magot bor\u00edt\u00f3 barna, v\u00e9kony v\u00e9d\u0151r\u00e9teg (magh\u00e9j) term\u00e9szetes v\u00e9delmet ny\u00fajt. Ugyanakkor a mag cs\u00facsos r\u00e9sz\u00e9n tal\u00e1lhat\u00f3 apr\u00f3, 1\u20132 centim\u00e9teres fel\u00fcletr\u0151l a h\u00e1rtya \u00f3vatos elt\u00e1vol\u00edt\u00e1sa el\u0151seg\u00edtheti \u00e9s felgyors\u00edthatja a cs\u00edr\u00e1z\u00e1st.<\/li>\n<\/ul>\n\n\n\n<figure class=\"wp-block-image size-large\"><img loading=\"lazy\" decoding=\"async\" width=\"1200\" height=\"800\" src=\"https:\/\/magicon.hu\/wp-content\/uploads\/2026\/08\/avokado-mag-csiraztatasa.jpg\" alt=\"avok\u00e1d\u00f3 mag cs\u00edr\u00e1ztat\u00e1sa\" class=\"wp-image-87\" srcset=\"https:\/\/magicon.hu\/wp-content\/uploads\/2026\/08\/avokado-mag-csiraztatasa.jpg 1200w, https:\/\/magicon.hu\/wp-content\/uploads\/2026\/08\/avokado-mag-csiraztatasa-300x200.jpg 300w, https:\/\/magicon.hu\/wp-content\/uploads\/2026\/08\/avokado-mag-csiraztatasa-1024x683.jpg 1024w, https:\/\/magicon.hu\/wp-content\/uploads\/2026\/08\/avokado-mag-csiraztatasa-768x512.jpg 768w\" sizes=\"auto, (max-width: 1200px) 100vw, 1200px\" \/><\/figure>\n\n\n\n<h2 class=\"wp-block-heading\">Az avok\u00e1d\u00f3 mag cs\u00edr\u00e1ztat\u00e1sa vizes m\u00f3dszerrel \u00e9s fogpiszk\u00e1l\u00f3val<\/h2>\n\n\n\n<p class=\"wp-block-paragraph\">A poharas gy\u00f6kereztet\u00e9s az egyik legelterjedtebb \u00e9s legl\u00e1tv\u00e1nyosabb elj\u00e1r\u00e1s. Ezzel a technik\u00e1val a gy\u00f6k\u00e9rzet \u00e9s a hajt\u00e1s fejl\u0151d\u00e9se folyamatosan nyomon k\u00f6vethet\u0151. A siker kulcsa a mag pontos t\u00e1jol\u00e1sa: a sz\u00e9lesebb, laposabb r\u00e9sz k\u00e9pezi a mag alj\u00e1t (onnan fejl\u0151dnek a gy\u00f6kerek), m\u00edg a cs\u00facsosabb r\u00e9sz a teteje (ahonnan a z\u00f6ld hajt\u00e1s el\u0151t\u00f6r).<\/p>\n\n\n\n<p class=\"wp-block-paragraph\">Az avok\u00e1d\u00f3 mag cs\u00edr\u00e1ztat\u00e1sa vizes k\u00f6zegben a k\u00f6vetkez\u0151 l\u00e9p\u00e9sek szerint t\u00f6rt\u00e9nik:<\/p>\n\n\n\n<ol class=\"wp-block-list\">\n<li><strong>Fogpiszk\u00e1l\u00f3k behelyez\u00e9se:<\/strong> A mag k\u00f6z\u00e9ps\u0151 vonal\u00e1ban 3 vagy 4 fogpiszk\u00e1l\u00f3t kell a mag oldal\u00e1ba sz\u00farni enyh\u00e9n felfel\u00e9 mutat\u00f3 sz\u00f6gben. Ezek a p\u00e1lcik\u00e1k tart\u00f3v\u00e1zk\u00e9nt szolg\u00e1lnak, amelyek megg\u00e1tolj\u00e1k, hogy a mag teljesen az ed\u00e9ny alj\u00e1ra mer\u00fclj\u00f6n.<\/li>\n\n\n\n<li><strong>Be\u00e1ll\u00edt\u00e1s a vizesed\u00e9nybe:<\/strong> A magot egy vizespoh\u00e1r vagy kis \u00fcveged\u00e9ny perem\u00e9re kell helyezni \u00fagy, hogy a lapos als\u00f3 r\u00e9sz nagyj\u00e1b\u00f3l a fel\u00e9ig a v\u00edzbe \u00e9rjen, mik\u00f6zben a cs\u00facsos fels\u0151 r\u00e9sz teljesen sz\u00e1raz marad.<\/li>\n\n\n\n<li><strong>Elhelyez\u00e9s:<\/strong> Az ed\u00e9nyt meleg, vil\u00e1gos helyis\u00e9gben kell elhelyezni, k\u00f6zvetlen, t\u0171z\u0151 napf\u00e9nyt\u0151l v\u00e9dett k\u00f6rnyezetben. A megfelel\u0151 h\u0151m\u00e9rs\u00e9klet elengedhetetlen a cs\u00edr\u00e1z\u00e1si folyamatok beindul\u00e1s\u00e1hoz.<\/li>\n<\/ol>\n\n\n\n<h2 class=\"wp-block-heading\">Rendszeres v\u00edzcsere \u00e9s az avok\u00e1d\u00f3 gy\u00f6kereztet\u00e9se alatti teend\u0151k<\/h2>\n\n\n\n<p class=\"wp-block-paragraph\">A vizes technika alkalmaz\u00e1sa sor\u00e1n a legfontosabb feladat a k\u00f6rnyezet higi\u00e9ni\u00e1j\u00e1nak fenntart\u00e1sa. A pang\u00f3, elsz\u00ednez\u0151d\u00f6tt v\u00edzben gyorsan elszaporodhatnak a bakt\u00e9riumok \u00e9s a pen\u00e9szgomb\u00e1k, amelyek elpuszt\u00edthatj\u00e1k a fejl\u0151d\u0151 sz\u00f6veteket. Ennek elker\u00fcl\u00e9se \u00e9rdek\u00e9ben a vizet 2-3 naponta friss, szobah\u0151m\u00e9rs\u00e9klet\u0171 v\u00edzre kell cser\u00e9lni.<\/p>\n\n\n\n<p class=\"wp-block-paragraph\">Az avok\u00e1d\u00f3 gy\u00f6kereztet\u00e9se t\u00fcrelmet ig\u00e9nyl\u0151 folyamat. \u00c1ltal\u00e1ban 2\u20138 h\u00e9t sz\u00fcks\u00e9ges ahhoz, hogy a mag burka f\u00fcgg\u0151legesen kett\u00e9repedjen. Ezt k\u00f6vet\u0151en jelenik meg a f\u0151gy\u00f6k\u00e9r a mag alj\u00e1n, majd nem sokkal k\u00e9s\u0151bb a mag cs\u00facs\u00e1n elindul felfel\u00e9 a z\u00f6ld hajt\u00e1s is. A folyamatos v\u00edzszintellen\u0151rz\u00e9s ebben a szakaszban is elengedhetetlen.<\/p>\n\n\n\n<h2 class=\"wp-block-heading\">Az avok\u00e1d\u00f3 mag hajtat\u00e1sa \u00e9s \u00fcltet\u00e9se k\u00f6zvetlen\u00fcl vir\u00e1gf\u00f6ldbe<\/h2>\n\n\n\n<p class=\"wp-block-paragraph\">A vizes m\u00f3dszer alternat\u00edv\u00e1jak\u00e9nt a cs\u00edr\u00e1ztat\u00e1s k\u00f6zvetlen\u00fcl vir\u00e1gf\u00f6ldben is elv\u00e9gezhet\u0151. Ennek a megold\u00e1snak a legnagyobb el\u0151nye, hogy a n\u00f6v\u00e9nyt nem \u00e9ri a k\u00e9s\u0151bbi \u00e1t\u00fcltet\u00e9ssel j\u00e1r\u00f3 gy\u00f6k\u00e9rstressz \u00e9s a gy\u00f6kerek s\u00e9r\u00fcl\u00e9s\u00e9nek kock\u00e1zata is minim\u00e1lisra cs\u00f6kken.<\/p>\n\n\n\n<p class=\"wp-block-paragraph\">Az avok\u00e1d\u00f3 mag hajtat\u00e1sa talajban a k\u00f6vetkez\u0151 szab\u00e1lyok k\u00f6vet\u00e9s\u00e9t ig\u00e9nyli:<\/p>\n\n\n\n<ul class=\"wp-block-list\">\n<li><strong>Talajmin\u0151s\u00e9g:<\/strong> Laza szerkezet\u0171, j\u00f3 v\u00edz\u00e1tereszt\u0151 k\u00e9pess\u00e9ggel rendelkez\u0151 vir\u00e1gf\u00f6ldet kell haszn\u00e1lni, amely megakad\u00e1lyozza a v\u00edz megreked\u00e9s\u00e9t.<\/li>\n\n\n\n<li><strong>\u00dcltet\u00e9si m\u00e9lys\u00e9g:<\/strong> A mag elhelyez\u00e9s\u00e9n\u00e9l kritikus szab\u00e1ly, hogy a lapos als\u00f3 fel\u00e9nek kell a talajba ker\u00fclnie, m\u00edg a fels\u0151 harmad\u00e1nak ki kell l\u00e1tszania a talajfelsz\u00ednb\u0151l. Hab\u00e1r a mag a term\u00e9szetben a f\u00f6ld alatt cs\u00edr\u00e1zik, szobai k\u00f6r\u00fclm\u00e9nyek k\u00f6z\u00f6tt a t\u00fal\u00f6nt\u00f6z\u00e9s miatti gomb\u00e1sod\u00e1s \u00e9s rothad\u00e1s kock\u00e1zat\u00e1t jelent\u0151sen cs\u00f6kkenti, ha a teteje kil\u00e1tszik a talajb\u00f3l.<\/li>\n\n\n\n<li><strong>Nedvess\u00e9gtartalom:<\/strong> A talajt folyamatosan nyirkosan kell tartani, de ker\u00fclend\u0151 a t\u00fal\u00f6nt\u00f6z\u00e9s \u00e9s a s\u00e1ros \u00e1llapot kialakul\u00e1sa.<\/li>\n<\/ul>\n\n\n\n<p class=\"wp-block-paragraph\">Amennyiben a cs\u00edr\u00e1ztat\u00e1s eredetileg v\u00edzben t\u00f6rt\u00e9nt, a f\u00f6ldbe \u00fcltet\u00e9s akkor v\u00e1lik id\u0151szer\u0171v\u00e9, amikor a gy\u00f6k\u00e9rzet m\u00e1r s\u0171r\u0171v\u00e9 v\u00e1lt \u00e9s el\u00e9rte az 5\u20137 centim\u00e9teres hossz\u00fas\u00e1got, a z\u00f6ld hajt\u00e1s pedig 15\u201320 centim\u00e9ter magasra n\u0151tt.<\/p>\n\n\n\n<h2 class=\"wp-block-heading\">Cser\u00e9pv\u00e1laszt\u00e1s \u00e9s a kigy\u00f6kerezett n\u00f6v\u00e9ny cser\u00e9pbe \u00fcltet\u00e9se<\/h2>\n\n\n\n<p class=\"wp-block-paragraph\">A v\u00edzben kigy\u00f6kereztetett avok\u00e1d\u00f3 tart\u00f3s \u00e9s eg\u00e9szs\u00e9ges fejl\u0151d\u00e9s\u00e9hez elengedhetetlen a megfelel\u0151 cser\u00e9p \u00e9s \u00fcltet\u0151k\u00f6zeg biztos\u00edt\u00e1sa. A n\u00f6v\u00e9ny gy\u00f6k\u00e9rzete \u00e9rz\u00e9keny a pang\u00f3 v\u00edzre, ez\u00e9rt a termeszt\u0151ed\u00e9ny kiv\u00e1laszt\u00e1s\u00e1n\u00e1l els\u0151dleges szempont a megfelel\u0151 v\u00edzelvezet\u00e9s.<\/p>\n\n\n\n<p class=\"wp-block-paragraph\">Egy 15\u201320 centim\u00e9ter \u00e1tm\u00e9r\u0151j\u0171, az alj\u00e1n v\u00edzelvezet\u0151 ny\u00edl\u00e1sokkal ell\u00e1tott agyag- vagy m\u0171anyag cser\u00e9p tekinthet\u0151 ide\u00e1lisnak. A cser\u00e9p alj\u00e1ra \u00e9rdemes kavics- vagy agyaggoly\u00f3-r\u00e9teget helyezni a dr\u00e9nhat\u00e1s fokoz\u00e1sa \u00e9rdek\u00e9ben. \u00dcltet\u0151k\u00f6zegk\u00e9nt humuszban gazdag, j\u00f3 szerkezet\u0171, t\u00e1panyagd\u00fas vir\u00e1gf\u00f6ldet c\u00e9lszer\u0171 v\u00e1lasztani, amelyhez kev\u00e9s perlit vagy homok is keverhet\u0151 a leveg\u0151z\u00e9s jav\u00edt\u00e1s\u00e1ra.<\/p>\n\n\n\n<p class=\"wp-block-paragraph\">Az \u00fcltet\u00e9s sor\u00e1n a cserepet meg kell t\u00f6lteni talajjal, majd a k\u00f6zep\u00e9n k\u00e9pzett m\u00e9lyed\u00e9sbe \u00f3vatosan be kell illeszteni a gy\u00f6kereket. Kiemelten fontos szab\u00e1ly, hogy a mag fels\u0151 r\u00e9sze az \u00e1t\u00fcltet\u00e9s ut\u00e1n is a talajfelsz\u00edn felett maradjon. A m\u0171veletet egy alapos, befejez\u0151 \u00f6nt\u00f6z\u00e9ssel kell z\u00e1rni, amely el\u0151seg\u00edti a f\u00f6ld t\u00f6m\u00f6r\u00f6d\u00e9s\u00e9t a gy\u00f6kerek k\u00f6r\u00fcl.<\/p>\n\n\n\n<h2 class=\"wp-block-heading\">A fiatal avok\u00e1d\u00f3fa gondoz\u00e1sa \u00e9s a bokrosod\u00e1st seg\u00edt\u0151 metsz\u00e9s<\/h2>\n\n\n\n<p class=\"wp-block-paragraph\">A fiatal avok\u00e1d\u00f3fa f\u00e9ny- \u00e9s melegig\u00e9nyes n\u00f6v\u00e9ny. A lak\u00e1s legvil\u00e1gosabb pontj\u00e1n, p\u00e9ld\u00e1ul d\u00e9li vagy nyugati fekv\u00e9s\u0171 ablak k\u00f6zel\u00e9ben \u00e9rzi mag\u00e1t a legjobban. A tavaszi \u00e9s ny\u00e1ri id\u0151szakban a n\u00f6v\u00e9ny a szabadba is kitehet\u0151, azonban a k\u00f6zvetlen napf\u00e9nyhez fokozatosan kell hozz\u00e1szoktatni. T\u00e9len a n\u00f6v\u00e9ny nem viseli el a fagyokat, \u00edgy 10\u201315 \u00b0C k\u00f6r\u00fcli, vil\u00e1gos helyis\u00e9gben t\u00f6rt\u00e9n\u0151 teleltet\u00e9se sz\u00fcks\u00e9ges, m\u00e9rs\u00e9kelt \u00f6nt\u00f6z\u00e9s mellett.<\/p>\n\n\n\n<p class=\"wp-block-paragraph\">A gondoz\u00e1si feladatok az al\u00e1bbiak szerint foglalhat\u00f3k \u00f6ssze:<\/p>\n\n\n\n<ul class=\"wp-block-list\">\n<li><strong>T\u00e1panyag-ut\u00e1np\u00f3tl\u00e1s:<\/strong> A tavaszt\u00f3l \u0151szig tart\u00f3 intenz\u00edv n\u00f6veked\u00e9si szakaszban 2-3 hetente c\u00e9lszer\u0171 m\u00e9rs\u00e9kelt t\u00f6m\u00e9nys\u00e9g\u0171 \u00e1ltal\u00e1nos z\u00f6ldn\u00f6v\u00e9ny- vagy mediterr\u00e1n t\u00e1poldatot alkalmazni.<\/li>\n\n\n\n<li><strong>\u00d6nt\u00f6z\u00e9s \u00e9s p\u00e1ratartalom:<\/strong> A talajt egyenletesen nyirkosan kell tartani. A s\u00e1rgul\u00f3, lehull\u00f3 levelek a t\u00fal\u00f6nt\u00f6z\u00e9sre, m\u00edg a konyul\u00f3 levelek a v\u00edzhi\u00e1nyra utalnak. A magas p\u00e1ratartalom kedvez\u0151 a n\u00f6v\u00e9ny sz\u00e1m\u00e1ra, ez\u00e9rt a levelek l\u00e1gy v\u00edzzel val\u00f3 permetez\u00e9s\u00e9t megh\u00e1l\u00e1lja a n\u00f6v\u00e9ny.<\/li>\n\n\n\n<li><strong>Form\u00e1z\u00f3 metsz\u00e9s:<\/strong> Metsz\u00e9s hi\u00e1ny\u00e1ban az avok\u00e1d\u00f3 hajlamos egyetlen felkopaszodott, v\u00e9kony sz\u00e1rat n\u00f6veszteni. Amikor a hajt\u00e1s el\u00e9ri a 15\u201320 centim\u00e9teres magass\u00e1got, aj\u00e1nlott azt a fel\u00e9re visszav\u00e1gni. Ez a drasztikusnak t\u0171n\u0151 l\u00e9p\u00e9s \u00faj oldalhajt\u00e1sok nevel\u00e9s\u00e9re \u00f6szt\u00f6nzi a n\u00f6v\u00e9nyt. A k\u00e9s\u0151bbiekben, amikor az \u00faj \u00e1gak is el\u00e9rik a 15\u201320 centim\u00e9tert, a legfels\u0151 r\u00fcgyek lecs\u00edp\u00e9s\u00e9vel \u00e9rhet\u0151 el a d\u00fas, bokros koronaforma.<\/li>\n<\/ul>\n\n\n\n<h2 class=\"wp-block-heading\">Az otthon nevelt avok\u00e1d\u00f3 d\u00edsz\u00edt\u0151\u00e9rt\u00e9ke \u00e9s elv\u00e1r\u00e1sok a term\u00e9ssel kapcsolatban<\/h2>\n\n\n\n<p class=\"wp-block-paragraph\">Az otthoni avok\u00e1d\u00f3nevel\u00e9s sor\u00e1n fontos a re\u00e1lis elv\u00e1r\u00e1sok megfogalmaz\u00e1sa. A magr\u00f3l nevelt avok\u00e1d\u00f3fa szobai k\u00f6r\u00fclm\u00e9nyek k\u00f6z\u00f6tt szinte biztosan nem fog gy\u00fcm\u00f6lcs\u00f6t teremni. A term\u0151re fordul\u00e1shoz ugyanis speci\u00e1lis \u00e9ghajlati felt\u00e9telek, megfelel\u0151 porz\u00f3t\u00e1rsak, valamint kert\u00e9szeti olt\u00e1si elj\u00e1r\u00e1sok lenn\u00e9nek sz\u00fcks\u00e9gesek.<\/p>\n\n\n\n<p class=\"wp-block-paragraph\">Ezen korl\u00e1tok ellen\u00e9re a n\u00f6v\u00e9ny \u00e9rt\u00e9ke vitathatatlan. Nagym\u00e9ret\u0171, f\u00e9nyes, m\u00e9lyz\u00f6ld leveleivel az avok\u00e1d\u00f3 rendk\u00edv\u00fcl mutat\u00f3s tr\u00f3pusi d\u00edsze lehet a lak\u00e1snak. A mag kics\u00edr\u00e1ztat\u00e1sa, a gy\u00f6k\u00e9rzet n\u00f6veked\u00e9s\u00e9nek megfigyel\u00e9se \u00e9s a fiatal fa alak\u00edt\u00e1sa olyan kert\u00e9szeti \u00e9lm\u00e9nyt ny\u00fajt, amely a n\u00f6v\u00e9nygondoz\u00e1s ir\u00e1nt \u00e9rdekl\u0151d\u0151k sz\u00e1m\u00e1ra egyar\u00e1nt siker\u00e9lm\u00e9nyt biztos\u00edt.<\/p>\n","protected":false},"excerpt":{"rendered":"<p>Az avok\u00e1d\u00f3 mint szoban\u00f6v\u00e9ny tart\u00e1sa az ut\u00f3bbi \u00e9vekben egyre nagyobb n\u00e9pszer\u0171s\u00e9gnek \u00f6rvend a n\u00f6v\u00e9nykedvel\u0151k k\u00f6r\u00e9ben. B\u00e1r a n\u00f6v\u00e9ny\u2026<\/p>\n","protected":false},"author":1,"featured_media":86,"comment_status":"closed","ping_status":"closed","sticky":false,"template":"","format":"standard","meta":{"footnotes":""},"categories":[11],"tags":[20,29,30,31,21,22,23,24,25,26,27,28],"class_list":["post-88","post","type-post","status-publish","format-standard","has-post-thumbnail","hentry","category-otthon-es-kert","tag-20","tag-29","tag-30","tag-31","tag-21","tag-22","tag-23","tag-24","tag-25","tag-26","tag-27","tag-28"],"_links":{"self":[{"href":"https:\/\/magicon.hu\/?rest_route=\/wp\/v2\/posts\/88","targetHints":{"allow":["GET"]}}],"collection":[{"href":"https:\/\/magicon.hu\/?rest_route=\/wp\/v2\/posts"}],"about":[{"href":"https:\/\/magicon.hu\/?rest_route=\/wp\/v2\/types\/post"}],"author":[{"embeddable":true,"href":"https:\/\/magicon.hu\/?rest_route=\/wp\/v2\/users\/1"}],"replies":[{"embeddable":true,"href":"https:\/\/magicon.hu\/?rest_route=%2Fwp%2Fv2%2Fcomments&post=88"}],"version-history":[{"count":2,"href":"https:\/\/magicon.hu\/?rest_route=\/wp\/v2\/posts\/88\/revisions"}],"predecessor-version":[{"id":95,"href":"https:\/\/magicon.hu\/?rest_route=\/wp\/v2\/posts\/88\/revisions\/95"}],"wp:featuredmedia":[{"embeddable":true,"href":"https:\/\/magicon.hu\/?rest_route=\/wp\/v2\/media\/86"}],"wp:attachment":[{"href":"https:\/\/magicon.hu\/?rest_route=%2Fwp%2Fv2%2Fmedia&parent=88"}],"wp:term":[{"taxonomy":"category","embeddable":true,"href":"https:\/\/magicon.hu\/?rest_route=%2Fwp%2Fv2%2Fcategories&post=88"},{"taxonomy":"post_tag","embeddable":true,"href":"https:\/\/magicon.hu\/?rest_route=%2Fwp%2Fv2%2Ftags&post=88"}],"curies":[{"name":"wp","href":"https:\/\/api.w.org\/{rel}","templated":true}]}}