{"id":85,"date":"2026-08-26T16:20:32","date_gmt":"2026-08-26T14:20:32","guid":{"rendered":"https:\/\/magicon.hu\/?p=85"},"modified":"2026-08-31T09:25:15","modified_gmt":"2026-08-31T07:25:15","slug":"torok-lany-nevek","status":"publish","type":"post","link":"https:\/\/magicon.hu\/torok-lany-nevek\/","title":{"rendered":"A legszebb t\u00f6r\u00f6k l\u00e1ny nevek jelent\u00e9se \u00e9s hazai anyak\u00f6nyvez\u00e9se"},"content":{"rendered":"\n<p class=\"wp-block-paragraph\">A t\u00f6r\u00f6k kult\u00fara, valamint a telev\u00edzi\u00f3s sorozatok hazai t\u00e9rh\u00f3d\u00edt\u00e1sa r\u00e9v\u00e9n egyre t\u00f6bb sz\u00fcl\u0151 figyelme fordul a t\u00f6r\u00f6k eredet\u0171, illetve T\u00f6r\u00f6korsz\u00e1gban n\u00e9pszer\u0171 n\u0151i keresztnevek fel\u00e9. Ezek a nevek nemcsak dallamos \u00e9s l\u00e1gy hangz\u00e1suk miatt vonz\u00f3ak, hanem az\u00e9rt is, mert rendk\u00edv\u00fcl gazdag, k\u00f6lt\u0151i jelent\u00e9startalommal b\u00edrnak. A t\u00f6r\u00f6k n\u00e9vad\u00e1si hagyom\u00e1nyokban kiemelt szerep jut a term\u00e9szetnek, az \u00e9gitesteknek \u00e9s az emberi er\u00e9nyeknek, \u00edgy a v\u00e1lasztott nevek k\u00fcl\u00f6nleges \u00e9s egyedi \u00fatraval\u00f3t ny\u00fajthatnak.<\/p>\n\n\n\n<h2 class=\"wp-block-heading\">A n\u0151i t\u00f6r\u00f6k nevek terjed\u00e9se \u00e9s a n\u00e9vad\u00e1s h\u00e1ttere<\/h2>\n\n\n\n<p class=\"wp-block-paragraph\">Az elm\u00falt \u00e9vekben megfigyelhet\u0151, hogy a <strong>n\u0151i t\u00f6r\u00f6k nevek<\/strong> ir\u00e1nti \u00e9rdekl\u0151d\u00e9s sz\u00e1mottev\u0151en n\u00f6vekedett Magyarorsz\u00e1gon. Ebben a folyamatban meghat\u00e1roz\u00f3 szerepet j\u00e1tszott a t\u00f6r\u00f6k telev\u00edzi\u00f3s sorozatok sz\u00e9les k\u00f6r\u0171 hazai sikere, valamint a k\u00e9t orsz\u00e1g k\u00f6z\u00f6tti kultur\u00e1lis \u00e9s t\u00f6rt\u00e9nelmi kapcsolatok \u00e9l\u00e9nk\u00fcl\u00e9se. A sz\u00fcl\u0151k sz\u00e1m\u00e1ra a <strong>t\u00f6r\u00f6k n\u0151i nevek<\/strong> v\u00e1laszt\u00e1sa kiv\u00e1l\u00f3 lehet\u0151s\u00e9get teremt arra, hogy gyermek\u00fcknek egyedi, m\u00e9gsem idegenszer\u0171 nevet adjanak.<\/p>\n\n\n\n<p class=\"wp-block-paragraph\">A t\u00f6r\u00f6k n\u00e9vad\u00e1si kult\u00fara alapj\u00e1t a l\u00edrai megk\u00f6zel\u00edt\u00e9s \u00e9s a term\u00e9szet m\u00e9ly tisztelete k\u00e9pezi. A nevek jelent\u00e9startalma gyakran kapcsol\u00f3dik a kozmoszhoz, k\u00fcl\u00f6n\u00f6sen a Holdhoz, a k\u00fcl\u00f6nb\u00f6z\u0151 vizekhez, a vir\u00e1gokhoz, valamint a legf\u0151bb emberi er\u00e9nyekhez. Ezek a keresztnevek t\u00f6k\u00e9letes hidat k\u00e9peznek a hagyom\u00e1ny \u00e9s a kort\u00e1rs n\u00e9vad\u00e1si trendek k\u00f6z\u00f6tt: rendk\u00edv\u00fcl dallamosak, l\u00e1gy es\u00e9s\u0171ek, \u00e9s elker\u00fclik a megszokott tucatnevek kateg\u00f3ri\u00e1j\u00e1t. Egy-egy j\u00f3l megv\u00e1lasztott n\u00e9v k\u00fcl\u00f6nleges kultur\u00e1lis \u00e9rt\u00e9ket hordoz, mik\u00f6zben a magyar nyelvben is term\u00e9szetesen, g\u00f6rd\u00fcl\u00e9kenyen hangzik.<\/p>\n\n\n\n<h2 class=\"wp-block-heading\">A legszebb t\u00f6r\u00f6k nevek kateg\u00f3ri\u00e1i a term\u00e9szett\u0151l a bels\u0151 er\u00e9nyekig<\/h2>\n\n\n\n<p class=\"wp-block-paragraph\">A t\u00f6r\u00f6k n\u00e9vad\u00e1s gazdags\u00e1ga legink\u00e1bb a nevek m\u00f6g\u00f6tt megh\u00faz\u00f3d\u00f3 szimbolik\u00e1ban \u00e9rhet\u0151 tetten. A <strong>legszebb t\u00f6r\u00f6k nevek<\/strong> csoportos\u00edt\u00e1sa seg\u00edt meg\u00e9rteni azt a l\u00edrai szeml\u00e9letet, amely a n\u00e9vv\u00e1laszt\u00e1st \u00e9vezredek \u00f3ta k\u00eds\u00e9ri.<\/p>\n\n\n\n<h3 class=\"wp-block-heading\">Az \u00e9gitestek \u00e9s a f\u00e9ny \u00e1ltal ihletett nevek<\/h3>\n\n\n\n<p class=\"wp-block-paragraph\">A Hold (t\u00f6r\u00f6k\u00fcl <em>Ay<\/em>) a n\u0151i sz\u00e9ps\u00e9g, a tisztas\u00e1g \u00e9s a meg\u00fajul\u00e1s els\u0151dleges szimb\u00f3luma a t\u00f6r\u00f6k hagyom\u00e1nyban. Az \u00e9gitestek f\u00e9nye \u00e9s misztikuma ir\u00e1nti tisztelet \u00e9vsz\u00e1zadok \u00f3ta jelen van a n\u00e9vad\u00e1si szok\u00e1sokban, \u00edgy a holdhoz kapcsol\u00f3d\u00f3 sz\u00f3t\u00f6vek rendk\u00edv\u00fcl sok kedvelt n\u0151i n\u00e9v alapj\u00e1t k\u00e9pezik:<\/p>\n\n\n\n<ul class=\"wp-block-list\"><li><strong>Aylin:<\/strong> Holdf\u00e9ny, holdudvar, illetve a holdhoz tartoz\u00f3 szem\u00e9ly. L\u00e1gy cseng\u00e9s\u0171, kifejezetten modern benyom\u00e1st kelt\u0151 n\u00e9v.<\/li><li><strong>Aysel:<\/strong> Holdf\u00e9ny \u00e1radata vagy holdpatak, amely a ragyog\u00e1st \u00e9s a folyamatos mozg\u00e1st jelk\u00e9pezi.<\/li><li><strong>Aysun:<\/strong> Hold sz\u00e9ps\u00e9g\u0171, amely a n\u0151i b\u00e1j klasszikus kifejez\u0151je.<\/li><li><strong>Aysu:<\/strong> Holdv\u00edz, amely a k\u00e9t legtiszt\u00e1bb term\u00e9szeti elem \u00f6tv\u00f6z\u00e9s\u00e9b\u0151l sz\u00fcletett.<\/li><li><strong>Nuray:<\/strong> F\u00e9nyes hold, amely a vil\u00e1goss\u00e1got \u00e9s a tisztas\u00e1got hordozza.<\/li><\/ul>\n\n\n\n<h3 class=\"wp-block-heading\">Term\u00e9szeti elemek \u00e9s vir\u00e1gok a n\u00e9vad\u00e1sban<\/h3>\n\n\n\n<p class=\"wp-block-paragraph\">A term\u00e9szet k\u00f6zels\u00e9ge, az elemek ereje \u00e9s a n\u00f6v\u00e9nyvil\u00e1g finoms\u00e1ga \u00e1lland\u00f3 ihletforr\u00e1sk\u00e9nt szolg\u00e1l a t\u00f6r\u00f6k nevek megalkot\u00e1sakor. A vir\u00e1gok \u00e9s a v\u00edzi mot\u00edvumok a harm\u00f3ni\u00e1t \u00e9s a term\u00e9szetes \u00e9letkedvet jelen\u00edtik meg a mindennapi nyelvhaszn\u00e1latban:<\/p>\n\n\n\n<ul class=\"wp-block-list\"><li><strong>Derya:<\/strong> Tenger. Ez a n\u00e9v az er\u0151t, a hat\u00e1rtalan m\u00e9lys\u00e9get \u00e9s a v\u00e9gtelens\u00e9get sug\u00e1rozza.<\/li><li><strong>Selin:<\/strong> Tiszta, zubog\u00f3 v\u00edz vagy \u00e1radat, amely a frissess\u00e9get \u00e9s az \u00e9letenergi\u00e1t jelk\u00e9pezi.<\/li><li><strong>Yasemin \/ Yasmin:<\/strong> J\u00e1zminvir\u00e1g. Nemzetk\u00f6zileg is j\u00f3l ismert, eleg\u00e1ns \u00e9s klasszikus n\u0151i n\u00e9v.<\/li><li><strong>Meltem:<\/strong> Ny\u00e1ri szell\u0151, amely a k\u00f6nnyeds\u00e9get \u00e9s a kellemes enyh\u00fcl\u00e9st hozza el.<\/li><li><strong>Sibel:<\/strong> B\u00fazakal\u00e1sz, amely a term\u00e9kenys\u00e9gre \u00e9s a term\u00e9szetes \u00e9letenergi\u00e1ra utal.<\/li><li><strong>M\u00fcge:<\/strong> Gy\u00f6ngyvir\u00e1g, amely a vir\u00e1gzat tisztas\u00e1g\u00e1t \u00e9s k\u00fcl\u00f6nlegess\u00e9g\u00e9t jelen\u00edti meg.<\/li><\/ul>\n\n\n\n<h3 class=\"wp-block-heading\">Er\u00e9nyek, b\u00e1j \u00e9s bels\u0151 \u00e9rt\u00e9kek<\/h3>\n\n\n\n<p class=\"wp-block-paragraph\">A t\u00f6r\u00f6k l\u00e1nynevek jelent\u0151s r\u00e9sze nem csup\u00e1n a k\u00fcls\u0151 megjelen\u00e9st vagy a term\u00e9szet sz\u00e9ps\u00e9geit, hanem a k\u00edv\u00e1nt bels\u0151 tulajdons\u00e1gokat, a mor\u00e1lis \u00e9rt\u00e9keket \u00e9s a b\u00e1jt t\u00fckr\u00f6zi. Sok sz\u00fcl\u0151 az\u00e9rt v\u00e1lasztja ezeket a neveket, mert szeretn\u00e9 el\u0151revet\u00edteni gyermeke jellembeli \u00e9rt\u00e9keit:<\/p>\n\n\n\n<ul class=\"wp-block-list\"><li><strong>Eda:<\/strong> Elegancia, b\u00e1j \u00e9s kifinomult modor. Kifejezetten r\u00f6vid, a modern elv\u00e1r\u00e1soknak is megfelel\u0151 n\u00e9v.<\/li><li><strong>Elif:<\/strong> Karcs\u00fa, nemes \u00e9s egyenes. Az arab \u00e1b\u00e9c\u00e9 els\u0151 bet\u0171j\u00e9b\u0151l (<em>Alif<\/em>) ered, amely a tart\u00e1st \u00e9s a kecsess\u00e9get szimboliz\u00e1lja.<\/li><li><strong>Narin:<\/strong> Finom, gyeng\u00e9d, t\u00f6r\u00e9keny \u00e9s ragyog\u00f3 szem\u00e9lyis\u00e9gre utal\u00f3 n\u00e9v.<\/li><li><strong>Zeynep:<\/strong> Dr\u00e1gak\u0151, az apa d\u00edsze vagy illatos vir\u00e1g. T\u00f6r\u00f6korsz\u00e1gban hagyom\u00e1nyosan az egyik legmegbecs\u00fcltebb \u00e9s leggyakoribb n\u00e9v.<\/li><li><strong>Dilara:<\/strong> Szeret\u0151, sz\u00edvmelenget\u0151, kedves jelenl\u00e9t\u0171 n\u0151.<\/li><li><strong>Nih\u00e1n:<\/strong> Titok vagy rejtett sz\u00e9ps\u00e9g. A kort\u00e1rs csal\u00e1dok k\u00f6r\u00e9ben az ut\u00f3bbi id\u0151ben v\u00e1lt kiemelked\u0151en n\u00e9pszer\u0171v\u00e9.<\/li><\/ul>\n\n\n\n<h2 class=\"wp-block-heading\">\u00cdgy anyak\u00f6nyvezhet\u0151k a t\u00f6r\u00f6k n\u0151i nevek Magyarorsz\u00e1gon<\/h2>\n\n\n\n<p class=\"wp-block-paragraph\">Amennyiben egy <strong>t\u00f6r\u00f6k n\u0151i n\u00e9v<\/strong> nyeri el a sz\u00fcl\u0151k tetsz\u00e9s\u00e9t, elengedhetetlen a magyarorsz\u00e1gi anyak\u00f6nyvez\u00e9si szab\u00e1lyok \u00e9s a hivatalos elj\u00e1r\u00e1srend pontos ismerete. A hazai jogszab\u00e1lyok \u00e9rtelm\u00e9ben a n\u00e9vv\u00e1laszt\u00e1s sor\u00e1n k\u00e9t alapvet\u0151 \u00fat \u00e1ll a csal\u00e1dok rendelkez\u00e9s\u00e9re.<\/p>\n\n\n\n<p class=\"wp-block-paragraph\">Az els\u0151 \u00e9s legegyszer\u0171bb lehet\u0151s\u00e9g a m\u00e1r elfogadott nevek jegyz\u00e9k\u00e9b\u0151l val\u00f3 v\u00e1laszt\u00e1s. Sz\u00e1mos, a <strong>n\u0151i t\u00f6r\u00f6k nevek<\/strong> k\u00f6z\u00e9 tartoz\u00f3, vagy t\u00f6r\u00f6k k\u00f6zvet\u00edt\u00e9ssel elterjedt keresztn\u00e9v m\u00e1r szerepel a Nyelvtudom\u00e1nyi Kutat\u00f3k\u00f6zpont \u00e1ltal hivatalosan j\u00f3v\u00e1hagyott, anyak\u00f6nyvezhet\u0151 n\u0151i nevek list\u00e1j\u00e1n. Ilyen n\u00e9v p\u00e9ld\u00e1ul az <em>Aylin<\/em>, a <em>Dilara<\/em>, az <em>Emina<\/em>, a <em>Zejnep<\/em> vagy a <em>Leyla<\/em>. Ezek a nevek k\u00fcl\u00f6n elj\u00e1r\u00e1s vagy extra adminisztr\u00e1ci\u00f3 n\u00e9lk\u00fcl, azonnal bejegyezhet\u0151k a sz\u00fclet\u00e9si anyak\u00f6nyvbe.<\/p>\n\n\n\n<p class=\"wp-block-paragraph\">Ha a v\u00e1lasztott n\u00e9v m\u00e9g nem szerepel a hivatalos jegyz\u00e9kben \u2013 mint p\u00e9ld\u00e1ul az ut\u00f3bbi \u00e9vekben ismertt\u00e9 v\u00e1lt <em>Nih\u00e1n<\/em> \u2013, egyedi k\u00e9relmet kell beny\u00fajtani a Nyelvtudom\u00e1nyi Kutat\u00f3k\u00f6zponthoz. A szak\u00e9rt\u0151i bizotts\u00e1g a k\u00e9relmek elb\u00edr\u00e1l\u00e1sa sor\u00e1n szigor\u00fa szakmai szempontokat m\u00e9rlegel:<\/p>\n\n\n\n<ul class=\"wp-block-list\"><li>Vizsg\u00e1lj\u00e1k a n\u00e9v magyar nyelvrendszerbe val\u00f3 beilleszthet\u0151s\u00e9g\u00e9t \u00e9s kiejthet\u0151s\u00e9g\u00e9t.<\/li><li>Ellen\u0151rzik a n\u00e9v hiteles, dokument\u00e1lt nyelvi eredet\u00e9t \u00e9s jelent\u00e9s\u00e9t, kiz\u00e1rva a kital\u00e1lt vagy s\u00e9rt\u0151 elnevez\u00e9seket.<\/li><li>Alkalmazz\u00e1k a magyar helyes\u00edr\u00e1si elveket, ami azt jelent, hogy a neveket \u00e1ltal\u00e1ban a magyar kiejt\u00e9st k\u00f6vet\u0151 \u00edr\u00e1sm\u00f3ddal enged\u00e9lyezik (p\u00e9ld\u00e1ul a <em>Zeynep<\/em> helyett a <em>Zejnep<\/em> form\u00e1t r\u00e9szes\u00edtve el\u0151nyben).<\/li><\/ul>\n\n\n\n<p class=\"wp-block-paragraph\">K\u00fcl\u00f6nleges szab\u00e1ly vonatkozik a k\u00e9tnyelv\u0171 csal\u00e1dokra. Ha a gyermek legal\u00e1bb egyik sz\u00fcl\u0151je t\u00f6r\u00f6k \u00e1llampolg\u00e1rs\u00e1ggal rendelkezik, a hat\u00e1lyos jogszab\u00e1lyok lehet\u0151v\u00e9 teszik a n\u00e9v eredeti, t\u00f6r\u00f6k helyes\u00edr\u00e1s szerinti anyak\u00f6nyvez\u00e9s\u00e9t is, \u00edgy ebben az esetben nem k\u00f6telez\u0151 a magyaros\u00edtott form\u00e1hoz ragaszkodni.<\/p>\n\n","protected":false},"excerpt":{"rendered":"<p>A t\u00f6r\u00f6k kult\u00fara, valamint a telev\u00edzi\u00f3s sorozatok hazai t\u00e9rh\u00f3d\u00edt\u00e1sa r\u00e9v\u00e9n egyre t\u00f6bb sz\u00fcl\u0151 figyelme fordul a t\u00f6r\u00f6k eredet\u0171,\u2026<\/p>\n","protected":false},"author":1,"featured_media":84,"comment_status":"closed","ping_status":"closed","sticky":false,"template":"","format":"standard","meta":{"footnotes":""},"categories":[13],"tags":[20,29,30,31,21,22,23,24,25,26,27,28],"class_list":["post-85","post","type-post","status-publish","format-standard","has-post-thumbnail","hentry","category-eletmod","tag-20","tag-29","tag-30","tag-31","tag-21","tag-22","tag-23","tag-24","tag-25","tag-26","tag-27","tag-28"],"_links":{"self":[{"href":"https:\/\/magicon.hu\/?rest_route=\/wp\/v2\/posts\/85","targetHints":{"allow":["GET"]}}],"collection":[{"href":"https:\/\/magicon.hu\/?rest_route=\/wp\/v2\/posts"}],"about":[{"href":"https:\/\/magicon.hu\/?rest_route=\/wp\/v2\/types\/post"}],"author":[{"embeddable":true,"href":"https:\/\/magicon.hu\/?rest_route=\/wp\/v2\/users\/1"}],"replies":[{"embeddable":true,"href":"https:\/\/magicon.hu\/?rest_route=%2Fwp%2Fv2%2Fcomments&post=85"}],"version-history":[{"count":1,"href":"https:\/\/magicon.hu\/?rest_route=\/wp\/v2\/posts\/85\/revisions"}],"predecessor-version":[{"id":90,"href":"https:\/\/magicon.hu\/?rest_route=\/wp\/v2\/posts\/85\/revisions\/90"}],"wp:featuredmedia":[{"embeddable":true,"href":"https:\/\/magicon.hu\/?rest_route=\/wp\/v2\/media\/84"}],"wp:attachment":[{"href":"https:\/\/magicon.hu\/?rest_route=%2Fwp%2Fv2%2Fmedia&parent=85"}],"wp:term":[{"taxonomy":"category","embeddable":true,"href":"https:\/\/magicon.hu\/?rest_route=%2Fwp%2Fv2%2Fcategories&post=85"},{"taxonomy":"post_tag","embeddable":true,"href":"https:\/\/magicon.hu\/?rest_route=%2Fwp%2Fv2%2Ftags&post=85"}],"curies":[{"name":"wp","href":"https:\/\/api.w.org\/{rel}","templated":true}]}}