{"id":79,"date":"2026-08-26T16:21:30","date_gmt":"2026-08-26T14:21:30","guid":{"rendered":"https:\/\/magicon.hu\/?p=79"},"modified":"2026-08-31T09:21:05","modified_gmt":"2026-08-31T07:21:05","slug":"fura-vilagnapok","status":"publish","type":"post","link":"https:\/\/magicon.hu\/fura-vilagnapok\/","title":{"rendered":"A leg\u00e9rdekesebb fura vil\u00e1gnapok"},"content":{"rendered":"\n<p class=\"wp-block-paragraph\">A hagyom\u00e1nyos \u00fcnnepek \u00e9s csal\u00e1di \u00e9vfordul\u00f3k mellett l\u00e9tezik a napt\u00e1rnak egy kev\u00e9ss\u00e9 ismert, m\u00e9gis rendk\u00edv\u00fcl soksz\u00edn\u0171 vil\u00e1ga, amelyet a legk\u00fcl\u00f6nb\u00f6z\u0151bb kezdem\u00e9nyez\u00e9sek form\u00e1lnak. A szokatlan napt\u00e1ri bejegyz\u00e9sek k\u00f6z\u00f6tt egyar\u00e1nt megtal\u00e1lhat\u00f3ak a t\u00e1rsadalmi figyelmet felh\u00edv\u00f3 akci\u00f3k \u00e9s a kifejezetten humoros civil \u00f6tletek, amelyek sz\u00ednesebb\u00e9 teszik a h\u00e9tk\u00f6znapokat.<\/p>\n\n\n\n<h2 class=\"wp-block-heading\">K\u00fcl\u00f6nleges \u00e9s vicces vil\u00e1gnapok a napt\u00e1rban<\/h2>\n\n\n\n<p class=\"wp-block-paragraph\">A k\u00f6ztudatban els\u0151sorban a komoly hagyom\u00e1nyokkal rendelkez\u0151 jeles napok \u00e9lnek, mint amilyen a F\u00f6ld napja, a k\u00f6lt\u00e9szet napja vagy az any\u00e1k napja. Ha azonban alaposabban megvizsg\u00e1ljuk a nemzetk\u00f6zi \u00e9s a nem hivatalos napt\u00e1rakat, sz\u00e1mos olyan d\u00e1tum bukkan fel, amelyek l\u00e1tt\u00e1n \u00f6nk\u00e9ntelen\u00fcl is felvonhat\u00f3 a szem\u00f6ld\u00f6k. L\u00e9teznek olyan elismer\u00e9sek, amelyek alkalm\u00e1b\u00f3l k\u00e9t elt\u00e9r\u0151 cip\u0151 visel\u00e9se a megszokott, m\u00edg m\u00e1skor a szomsz\u00e9dok megtr\u00e9f\u00e1l\u00e1sa vagy megaj\u00e1nd\u00e9koz\u00e1sa \u00e1ll a k\u00f6z\u00e9ppontban.<\/p>\n\n\n\n<p class=\"wp-block-paragraph\">A hivatalos defin\u00edci\u00f3 \u00e9rtelm\u00e9ben a nemzetk\u00f6zi akci\u00f3napok olyan \u00e9venk\u00e9nt ism\u00e9tl\u0151d\u0151 kezdem\u00e9nyez\u00e9sek, amelyeket glob\u00e1lis szervezetek \u2013 p\u00e9ld\u00e1ul az ENSZ vagy az Eg\u00e9szs\u00e9g\u00fcgyi Vil\u00e1gszervezet (WHO) \u2013 hirdetnek meg egy-egy kiemelt t\u00e1rsadalmi, k\u00f6rnyezetv\u00e9delmi vagy eg\u00e9szs\u00e9g\u00fcgyi t\u00e9ma kapcs\u00e1n. Vel\u00fck szemben a vicces vil\u00e1gnapok jelent\u0151s r\u00e9sze nem hivatalos keretek k\u00f6z\u00f6tt sz\u00fcletik. Ezen alkalmak t\u00falnyom\u00f3 t\u00f6bbs\u00e9ge civil kezdem\u00e9nyez\u00e9sekb\u0151l, az internetes kult\u00far\u00e1b\u00f3l, k\u00f6z\u00f6ss\u00e9gi m\u00e9mekb\u0151l vagy egy-egy sikeres marketingkamp\u00e1nyb\u00f3l n\u0151tte ki mag\u00e1t glob\u00e1lisan ismert jelens\u00e9gg\u00e9. Az online kommunik\u00e1ci\u00f3 terjed\u00e9s\u00e9vel a bels\u0151s po\u00e9nnak indult \u00f6tletek napjainkban pillanatok alatt vil\u00e1gm\u00e9ret\u0171 mozgalomm\u00e1 v\u00e1lhatnak, \u00e9s \u00fajabb k\u00f6z\u00f6ss\u00e9gi szok\u00e1sokat teremtenek.<\/p>\n\n\n\n<h2 class=\"wp-block-heading\">K\u00fcl\u00f6n\u00f6s gasztron\u00f3miai \u00fcnnepek \u00e9s a s\u00f6r vil\u00e1gnapja<\/h2>\n\n\n\n<p class=\"wp-block-paragraph\">Az \u00e9telekhez \u00e9s italokhoz kapcsol\u00f3d\u00f3 jeles napok nem mer\u00fclnek ki a k\u00f6zismert alapanyagok meg\u00fcnnepl\u00e9s\u00e9ben. A gasztron\u00f3mia vil\u00e1g\u00e1ban szinte minden n\u00e9pszer\u0171 fog\u00e1s \u00e9s finoms\u00e1g saj\u00e1t d\u00e1tumot kapott, amely m\u00f6g\u00f6tt gyakran meglep\u0151 t\u00f6rt\u00e9netek h\u00faz\u00f3dnak.<\/p>\n\n\n\n<ul class=\"wp-block-list\"><li><strong>Nutella vil\u00e1gnapja (febru\u00e1r 5.):<\/strong> Ezt a napot egy Sara Rosso nev\u0171 amerikai blogger ind\u00edtotta \u00fatj\u00e1ra 2007-ben. Abban az id\u0151szakban az Egyes\u00fclt \u00c1llamokban m\u00e9g nehezen lehetett hozz\u00e1jutni az olasz mogyor\u00f3kr\u00e9mhez, \u00edgy a kezdem\u00e9nyez\u0151 a szem\u00e9lyes rajong\u00e1s\u00e1n kereszt\u00fcl szerette volna sz\u00e9lesebb k\u00f6rben is megismertetni ezt az \u00e9dess\u00e9get. Az akci\u00f3 akkora sikert aratott, hogy a mogyor\u00f3kr\u00e9m \u00fcnnepl\u00e9se m\u00e1ra nemzetk\u00f6zi m\u00e9ret\u0171v\u00e9 v\u00e1lt.<\/li><li><strong>Csemp\u00e9ssz cukkinit a szomsz\u00e9dod ajtaja el\u00e9 nap (augusztus 8.):<\/strong> Ez a d\u00e1tum nem egy alkalmi internetes tr\u00e9fa, hanem egy \u00e9vr\u0151l \u00e9vre visszat\u00e9r\u0151 hagyom\u00e1ny, amely az Egyes\u00fclt \u00c1llamokb\u00f3l terjedt el. A kezdem\u00e9nyez\u00e9s l\u00e9nyege, hogy a ny\u00e1r v\u00e9g\u00e9n b\u0151s\u00e9gesen term\u0151 cukkinit a kert\u00e9szek n\u00e9vtelen\u00fcl megossz\u00e1k a szomsz\u00e9djaikkal, hogy ezzel is cs\u00f6kkents\u00e9k az \u00e9lelmiszer-pazarl\u00e1st.<\/li><li><strong>Tegy\u00e9l egy p\u00e1rn\u00e1t a h\u0171t\u0151dre nap (m\u00e1jus 29.):<\/strong> Noha az elnevez\u00e9s nem k\u00f6zvetlen\u00fcl egy \u00e9telre utal, a konyhai berendez\u00e9sekhez szorosan kapcsol\u00f3dik. A n\u00e9pi hiedelem szerint ezen a napon a p\u00e1rn\u00e1t a h\u0171t\u0151szekr\u00e9ny tetej\u00e9re kell helyezni a szerencse \u00e9s a j\u00f3l\u00e9t bevonz\u00e1sa \u00e9rdek\u00e9ben.<\/li><li><strong>A s\u00f6r vil\u00e1gnapja (augusztus els\u0151 p\u00e9ntekje):<\/strong> A nemzetk\u00f6zi ital\u00fcnnepek k\u00f6z\u00fcl kiemelkedik a s\u00f6r vil\u00e1gnapja, amelyet eredetileg 2007-ben h\u00edvtak \u00e9letre kaliforniai kezdem\u00e9nyez\u00e9sre. A nap c\u00e9lja a s\u00f6rf\u0151z\u00e9s m\u0171v\u00e9szet\u00e9nek \u00e9s a min\u0151s\u00e9gi s\u00f6rfogyaszt\u00e1s kult\u00far\u00e1j\u00e1nak tisztelete, valamint a s\u00f6rf\u0151z\u0151k \u00e9s a felszolg\u00e1l\u00f3k munk\u00e1j\u00e1nak elismer\u00e9se vil\u00e1gszerte.<\/li><\/ul>\n\n\n\n<h2 class=\"wp-block-heading\">Abszurd mindennapi szok\u00e1sok \u00e9s a lustas\u00e1g vil\u00e1gnapja<\/h2>\n\n\n\n<p class=\"wp-block-paragraph\">A napt\u00e1rban helyet kapnak a legszokatlanabb h\u00e9tk\u00f6znapi cselekedetek \u00e9s a haszn\u00e1lati t\u00e1rgyak is. Ezen kezdem\u00e9nyez\u00e9sek els\u0151dleges c\u00e9lja, hogy z\u00f6kkents\u00e9k ki az embereket a sz\u00fcrke rutinb\u00f3l, \u00e9s lehet\u0151s\u00e9get teremtsenek a k\u00f6tetlen k\u00f6z\u00f6ss\u00e9gi \u00e9lm\u00e9nyekre.<\/p>\n\n\n\n<ul class=\"wp-block-list\"><li><strong>Nemzetk\u00f6zi \u201eBesz\u00e9lj \u00fagy, mint egy kal\u00f3z\u201d nap (szeptember 19.):<\/strong> A kezdem\u00e9nyez\u00e9s alap\u00edt\u00f3i, Mark Summers \u00e9s John Baur egy teniszmeccs sor\u00e1n, egy sportl\u00f6v\u00e9s miatti felki\u00e1lt\u00e1st k\u00f6vet\u0151en d\u00f6nt\u00f6ttek \u00fagy, hogy sz\u00fcks\u00e9g van egy napra, amely a kal\u00f3zos kifejez\u00e9seknek szentel figyelmet. A bar\u00e1ti viccb\u0151l kiindul\u00f3 \u00f6tlet m\u00e1ra nemzetk\u00f6zi n\u00e9pszer\u0171s\u00e9gnek \u00f6rvend.<\/li><li><strong>A rad\u00edr napja (\u00e1prilis 15.):<\/strong> Az \u00edr\u00f3szerek egyik legpraktikusabb tal\u00e1lm\u00e1ny\u00e1nak \u00e1ll\u00edt eml\u00e9ket. B\u00e1r a digit\u00e1lis eszk\u00f6z\u00f6k t\u00e9rnyer\u00e9s\u00e9vel a manu\u00e1lis jav\u00edt\u00e1s szerepe cs\u00f6kkent, ez a nap alkalmat ad arra, hogy a klasszikus \u00e9s az illatos rad\u00edrok nosztalgikus eml\u00e9k\u00e9t felid\u00e9zz\u00fck.<\/li><li><strong>Felem\u00e1s cip\u0151k vil\u00e1gnapja (m\u00e1jus 3.):<\/strong> Ennek a napnak a c\u00e9lja a t\u00e1rsadalmi elv\u00e1r\u00e1sokt\u00f3l val\u00f3 form\u00e1lis elszakad\u00e1s \u00e9s a komfortz\u00f3n\u00e1b\u00f3l val\u00f3 kil\u00e9p\u00e9s. A szab\u00e1lyok szerint k\u00e9t teljesen elt\u00e9r\u0151 l\u00e1bbelit kell felh\u00fazni, ezzel felv\u00e1llalva az egyedis\u00e9get \u00e9s a v\u00e1ltozatoss\u00e1got a mindennapokban.<\/li><li><strong>Nemzetk\u00f6zi p\u00e1rnacsata nap (\u00e1prilis els\u0151 szombatja):<\/strong> A vil\u00e1g sz\u00e1mos nagyv\u00e1ros\u00e1ban szerveznek nyilv\u00e1nos k\u00f6z\u00f6ss\u00e9gi p\u00e1rnacsat\u00e1kat ezen a napon. A rendezv\u00e9nyek szigor\u00fa etikai szab\u00e1lyok szerint zajlanak: kiz\u00e1r\u00f3lag puha p\u00e1rn\u00e1t szabad haszn\u00e1lni, a szem\u00fcveget visel\u0151ket tilos t\u00e1madni, \u00e9s a j\u00e1t\u00e9k a r\u00e9sztvev\u0151k j\u00f3kedv\u00e9ig tart.<\/li><li><strong>A lustas\u00e1g vil\u00e1gnapja (augusztus 10.):<\/strong> A folyamatos teljes\u00edtm\u00e9nyk\u00e9nyszer \u00e9s a felgyorsult \u00e9letm\u00f3d ellens\u00falyoz\u00e1s\u00e1ra j\u00f6tt l\u00e9tre a lustas\u00e1g vil\u00e1gnapja. Ez a d\u00e1tum arra h\u00edvja fel a figyelmet, hogy a ment\u00e1lis \u00e9s fizikai felt\u00f6lt\u0151d\u00e9s \u00e9rdek\u00e9ben elengedhetetlen a struktur\u00e1latlan b\u00e9k\u00e9s pihen\u00e9s \u00e9s a b\u0171ntudat n\u00e9lk\u00fcli kikapcsol\u00f3d\u00e1s.<\/li><\/ul>\n\n\n\n<h2 class=\"wp-block-heading\">Komoly \u00fczenetet hordoz\u00f3 jeles napok \u00e9s a melltart\u00f3 n\u00e9lk\u00fcli vil\u00e1gnap<\/h2>\n\n\n\n<p class=\"wp-block-paragraph\">Sz\u00e1mos olyan napt\u00e1ri esem\u00e9ny l\u00e9tezik, amely els\u0151 hall\u00e1sra megh\u00f6kkent\u0151nek vagy furcs\u00e1nak t\u0171nik, \u00e1m alaposabban megvizsg\u00e1lva rendk\u00edv\u00fcl fontos eg\u00e9szs\u00e9g\u00fcgyi, t\u00e1rsadalmi vagy hum\u00e1nus t\u00f6rekv\u00e9sek \u00e1llnak a h\u00e1tter\u00e9ben.<\/p>\n\n\n\n<p class=\"wp-block-paragraph\">A WC vil\u00e1gnapja (november 19.) n\u00e9vjegy\u00e9ben hordozza a k\u00f6zvetlens\u00e9get, \u00e1m az ENSZ \u00e1ltal 2013-ban hivatalosan is elismert nap m\u00f6g\u00f6tt s\u00falyos glob\u00e1lis probl\u00e9ma h\u00faz\u00f3dik. A kezdem\u00e9nyez\u00e9s a glob\u00e1lis higi\u00e9niai v\u00e1ls\u00e1gra h\u00edvja fel a figyelmet. A F\u00f6ld\u00f6n jelenleg is emberek sz\u00e1zmilli\u00f3i \u00e9lnek megfelel\u0151 illemhelyek \u00e9s csatorn\u00e1z\u00e1s n\u00e9lk\u00fcl, ami k\u00f6zvetlen fert\u0151z\u00e9svesz\u00e9lyt \u00e9s s\u00falyos j\u00e1rv\u00e1ny\u00fcgyi kock\u00e1zatot jelent a fejl\u0151d\u0151 r\u00e9gi\u00f3kban.<\/p>\n\n\n\n<p class=\"wp-block-paragraph\">A feh\u00e9r kend\u0151 napja (szeptember utols\u00f3 vas\u00e1rnapja) Gr\u00fazi\u00e1b\u00f3l indult \u00fatj\u00e1ra 1993-ban, \u00e9s a b\u00e9k\u00e9s megegyez\u00e9s szimb\u00f3lumak\u00e9nt ismert. A hagyom\u00e1ny arra a n\u00e9pi szok\u00e1sra \u00e9p\u00fcl, amely szerint a n\u0151k a k\u00fczd\u0151 felek k\u00f6z\u00e9 dobott feh\u00e9r kend\u0151vel \u00e1ll\u00edtott\u00e1k meg a fegyveres konfliktusokat. Magyarorsz\u00e1g 1994-ben csatlakozott ehhez a b\u00e9k\u00e9t szorgalmaz\u00f3 kezdem\u00e9nyez\u00e9shez.<\/p>\n\n\n\n<p class=\"wp-block-paragraph\">A falusi n\u0151k vil\u00e1gnapja (okt\u00f3ber 15.) szint\u00e9n az ENSZ \u00e1ltal elismert jeles nap, amely a vid\u00e9ken \u00e9l\u0151 n\u0151k \u00e9s any\u00e1k felbecs\u00fclhetetlen \u00e9rt\u00e9k\u0171 munk\u00e1j\u00e1ra vil\u00e1g\u00edt r\u00e1. Ezen a napon a mez\u0151gazdas\u00e1gi termel\u00e9sben, az \u00e9lelmiszer-biztons\u00e1g megteremt\u00e9s\u00e9ben \u00e9s a csal\u00e1dok fenntart\u00e1s\u00e1ban bet\u00f6lt\u00f6tt szerep\u00fck ker\u00fcl el\u0151t\u00e9rbe.<\/p>\n\n\n\n<p class=\"wp-block-paragraph\">Hasonl\u00f3an kiemelt eg\u00e9szs\u00e9g\u00fcgyi c\u00e9lokat szolg\u00e1l a melltart\u00f3 n\u00e9lk\u00fcli vil\u00e1gnap (okt\u00f3ber 13.) is. A rendezv\u00e9ny a mellr\u00e1k elleni k\u00fczdelemre, a rendszeres \u00f6nvizsg\u00e1lat fontoss\u00e1g\u00e1ra \u00e9s a korai diagn\u00f3zis \u00e9letment\u0151 szerep\u00e9re h\u00edvja fel a figyelmet, \u00f6sszekapcsolva a tabuk led\u00f6nt\u00e9s\u00e9t a megel\u0151z\u00e9ssel.<\/p>\n\n\n\n<h2 class=\"wp-block-heading\">Szem\u00e9lyes kapcsolatok \u00e9s a bar\u00e1tn\u0151k vil\u00e1gnapja<\/h2>\n\n\n\n<p class=\"wp-block-paragraph\">Az emberi kapcsolatok min\u0151s\u00e9ge meghat\u00e1rozza a mindennapi j\u00f3ll\u00e9tet \u00e9s a t\u00e1rsadalmi koh\u00e9zi\u00f3t. A napt\u00e1rban tal\u00e1lhat\u00f3 kapcsolati f\u00f3kusz\u00fa jeles napok lehet\u0151s\u00e9get teremtenek a szoci\u00e1lis k\u00f6tel\u00e9kek tudatos \u00e1pol\u00e1s\u00e1ra \u00e9s az \u00f6sszetartoz\u00e1s kifejez\u00e9s\u00e9re.<\/p>\n\n\n\n<p class=\"wp-block-paragraph\">A modern \u00e9letm\u00f3d mellett a szem\u00e9lyes tal\u00e1lkoz\u00e1sok \u00e9s a m\u00e9ly besz\u00e9lget\u00e9sek gyakran h\u00e1tt\u00e9rbe szorulnak. Az olyan alkalmak, mint a bar\u00e1tn\u0151k vil\u00e1gnapja (augusztus 1.), a n\u0151i k\u00f6z\u00f6ss\u00e9gek, az egym\u00e1st t\u00e1mogat\u00f3 kapcsolatok \u00e9s a bar\u00e1ti k\u00f6tel\u00e9kek megtart\u00f3 erej\u00e9re vil\u00e1g\u00edtanak r\u00e1. Ezen a napon a hangs\u00faly a k\u00f6lcs\u00f6n\u00f6s odafigyel\u00e9sen, a szoci\u00e1lis h\u00e1l\u00f3 meger\u0151s\u00edt\u00e9s\u00e9n \u00e9s a szem\u00e9lyes jelenl\u00e9t fontoss\u00e1g\u00e1n van.<\/p>\n\n\n\n<p class=\"wp-block-paragraph\">A bar\u00e1ts\u00e1gok \u00e9s a k\u00f6z\u00f6ss\u00e9gi kapcsolatok fenntart\u00e1sa bizony\u00edtottan cs\u00f6kkenti a stresszt \u00e9s n\u00f6veli az egy\u00e9ni biztons\u00e1g\u00e9rzetet. A c\u00e9lzott napt\u00e1ri eml\u00e9keztet\u0151k el\u0151seg\u00edtik, hogy a mindennapi teend\u0151k k\u00f6zepette is jusson id\u0151 a t\u00e1rsas kapcsolatok akt\u00edv meg\u00e9l\u00e9s\u00e9re.<\/p>\n\n\n\n<h2 class=\"wp-block-heading\">Kultuszok \u00e9s a f\u0171 vil\u00e1gnapja a popul\u00e1ris kult\u00far\u00e1ban<\/h2>\n\n\n\n<p class=\"wp-block-paragraph\">A kort\u00e1rs kult\u00far\u00e1ban a k\u00fcl\u00f6nleges jeles napok a popul\u00e1ris k\u00f6z\u00f6ss\u00e9gek form\u00e1l\u00e1s\u00e1nak is hat\u00e9kony eszk\u00f6zei. A popkult\u00fara t\u00e9m\u00e1i k\u00f6r\u00e9 szervez\u0151d\u0151 \u00fcnnepek megmutatj\u00e1k, hogy a k\u00f6z\u00f6s \u00e9rdekl\u0151d\u00e9si k\u00f6r\u00f6k milyen gyorsan k\u00e9pesek glob\u00e1lis csoportokat kialak\u00edtani.<\/p>\n\n\n\n<p class=\"wp-block-paragraph\">Ide tartozik a f\u0171 vil\u00e1gnapja (\u00e1prilis 20.) is, amely a nemzetk\u00f6zi ellenkult\u00far\u00e1b\u00f3l kiindulva v\u00e1lt a popul\u00e1ris m\u00e9dia \u00e9s a fogyaszt\u00f3i kult\u00fara r\u00e9sz\u00e9v\u00e9, r\u00e1vil\u00e1g\u00edtva a n\u00f6v\u00e9nyi szimb\u00f3lumok k\u00f6r\u00e9 \u00e9p\u00fcl\u0151 t\u00e1rsadalmi vit\u00e1kra \u00e9s jogi v\u00e1ltoz\u00e1sokra. Hasonl\u00f3an jellegzetesek a k\u00fcl\u00f6nb\u00f6z\u0151 \u00e9telspecialit\u00e1sok k\u00f6r\u00e9 \u00e9p\u00fcl\u0151 kultuszok, mint a t\u00e9sztaf\u00e9l\u00e9k vagy a k\u00fcl\u00f6nleges \u00e9dess\u00e9gek \u00fcnnepei, de a vesz\u00e9lyeztetett \u00e1llatfajok v\u00e9delm\u00e9re kijel\u00f6lt napok is sikeresen mozg\u00f3s\u00edtanak nagy k\u00f6z\u00f6ss\u00e9geket.<\/p>\n\n\n\n<p class=\"wp-block-paragraph\">Legyen sz\u00f3 a mindennapi apr\u00f3s\u00e1gok meg\u00fcnnepl\u00e9s\u00e9r\u0151l, a szomsz\u00e9dok megtr\u00e9f\u00e1l\u00e1s\u00e1r\u00f3l vagy egy-egy kultikus t\u00e9ma k\u00f6rbej\u00e1r\u00e1s\u00e1r\u00f3l, a szokatlan napt\u00e1ri napok j\u00f3l szeml\u00e9ltetik az emberi kreativit\u00e1st. Egy-egy monotonabb id\u0151szakban \u00e9rdemes \u00e1ttekinteni az aktu\u00e1lis napt\u00e1rt, hiszen b\u00e1rmikor el\u0151fordulhat, hogy \u00e9ppen a bubor\u00e9kf\u00f3lia pukkaszt\u00e1s\u00e1nak vagy a felem\u00e1s cip\u0151k visel\u00e9s\u00e9nek hivatalos napja ad okot a kikapcsol\u00f3d\u00e1sra.<\/p>\n\n","protected":false},"excerpt":{"rendered":"<p>A hagyom\u00e1nyos \u00fcnnepek \u00e9s csal\u00e1di \u00e9vfordul\u00f3k mellett l\u00e9tezik a napt\u00e1rnak egy kev\u00e9ss\u00e9 ismert, m\u00e9gis rendk\u00edv\u00fcl soksz\u00edn\u0171 vil\u00e1ga, amelyet\u2026<\/p>\n","protected":false},"author":1,"featured_media":78,"comment_status":"closed","ping_status":"closed","sticky":false,"template":"","format":"standard","meta":{"footnotes":""},"categories":[15],"tags":[20,29,30,31,21,22,23,24,25,26,27,28],"class_list":["post-79","post","type-post","status-publish","format-standard","has-post-thumbnail","hentry","category-tech-es-tudomany","tag-20","tag-29","tag-30","tag-31","tag-21","tag-22","tag-23","tag-24","tag-25","tag-26","tag-27","tag-28"],"_links":{"self":[{"href":"https:\/\/magicon.hu\/?rest_route=\/wp\/v2\/posts\/79","targetHints":{"allow":["GET"]}}],"collection":[{"href":"https:\/\/magicon.hu\/?rest_route=\/wp\/v2\/posts"}],"about":[{"href":"https:\/\/magicon.hu\/?rest_route=\/wp\/v2\/types\/post"}],"author":[{"embeddable":true,"href":"https:\/\/magicon.hu\/?rest_route=\/wp\/v2\/users\/1"}],"replies":[{"embeddable":true,"href":"https:\/\/magicon.hu\/?rest_route=%2Fwp%2Fv2%2Fcomments&post=79"}],"version-history":[{"count":1,"href":"https:\/\/magicon.hu\/?rest_route=\/wp\/v2\/posts\/79\/revisions"}],"predecessor-version":[{"id":92,"href":"https:\/\/magicon.hu\/?rest_route=\/wp\/v2\/posts\/79\/revisions\/92"}],"wp:featuredmedia":[{"embeddable":true,"href":"https:\/\/magicon.hu\/?rest_route=\/wp\/v2\/media\/78"}],"wp:attachment":[{"href":"https:\/\/magicon.hu\/?rest_route=%2Fwp%2Fv2%2Fmedia&parent=79"}],"wp:term":[{"taxonomy":"category","embeddable":true,"href":"https:\/\/magicon.hu\/?rest_route=%2Fwp%2Fv2%2Fcategories&post=79"},{"taxonomy":"post_tag","embeddable":true,"href":"https:\/\/magicon.hu\/?rest_route=%2Fwp%2Fv2%2Ftags&post=79"}],"curies":[{"name":"wp","href":"https:\/\/api.w.org\/{rel}","templated":true}]}}