{"id":77,"date":"2026-08-26T16:21:58","date_gmt":"2026-08-26T14:21:58","guid":{"rendered":"https:\/\/magicon.hu\/?p=77"},"modified":"2026-08-31T09:24:19","modified_gmt":"2026-08-31T07:24:19","slug":"legjobb-gyerekmesek","status":"publish","type":"post","link":"https:\/\/magicon.hu\/legjobb-gyerekmesek\/","title":{"rendered":"A legjobb gyerekmes\u00e9k koroszt\u00e1lyok szerint"},"content":{"rendered":"\n<p class=\"wp-block-paragraph\">A meseolvas\u00e1s \u00e9s a t\u00f6rt\u00e9netmes\u00e9l\u00e9s a gyermekkor legmeghat\u00e1roz\u00f3bb \u00e9lm\u00e9nyei k\u00f6z\u00e9 tartozik. Az \u00e9letkornak megfelel\u0151en kiv\u00e1lasztott t\u00f6rt\u00e9netek nemcsak a sz\u00f3rakoz\u00e1st szolg\u00e1lj\u00e1k, hanem alapvet\u0151en meghat\u00e1rozz\u00e1k a kognit\u00edv, \u00e9rzelmi \u00e9s szoci\u00e1lis fejl\u0151d\u00e9st. A gyermekek fejl\u0151d\u00e9si szakaszaik sor\u00e1n elt\u00e9r\u0151 ingerekre, sz\u00f3kincsre \u00e9s cselekm\u00e9nybonyolults\u00e1gra nyitottak, ez\u00e9rt a megfelel\u0151 mes\u00e9k kiv\u00e1laszt\u00e1sa tudatoss\u00e1got ig\u00e9nyel a sz\u00fcl\u0151k r\u00e9sz\u00e9r\u0151l. A k\u00f6nyvek lapozgat\u00e1s\u00e1t\u00f3l kezdve az els\u0151 n\u00e9pmes\u00e9ken \u00e1t a csal\u00e1di anim\u00e1ci\u00f3s alkot\u00e1sokig a t\u00f6rt\u00e9netek vil\u00e1ga v\u00e9gigk\u00eds\u00e9ri a gyermekeket a n\u00f6veked\u00e9s \u00fatj\u00e1n, mik\u00f6zben biztons\u00e1gos \u00e9rzelmi keretet \u00e9s \u00e9rt\u00e9kes k\u00f6z\u00f6s \u00e9lm\u00e9nyeket ny\u00fajt az eg\u00e9sz csal\u00e1d sz\u00e1m\u00e1ra.<\/p>\n\n\n\n<h2 class=\"wp-block-heading\">A tudatos mese \u00e9s k\u00f6nyvv\u00e1laszt\u00e1s szerepe a gyermek fejl\u0151d\u00e9s\u00e9ben<\/h2>\n\n\n\n<p class=\"wp-block-paragraph\">A j\u00f3l megv\u00e1lasztott t\u00f6rt\u00e9netek nem csup\u00e1n kellemes kikapcsol\u00f3d\u00e1st jelentenek, hanem \u00f6sszetett m\u00f3don t\u00e1mogatj\u00e1k a gyermek szem\u00e9lyis\u00e9gfejl\u0151d\u00e9s\u00e9t. A rendszeres mes\u00e9l\u00e9s bizony\u00edtottan b\u0151v\u00edti a sz\u00f3kincset, fejleszti a mem\u00f3ri\u00e1t, a sz\u00f6veg\u00e9rt\u00e9si k\u00e9pess\u00e9get, valamint az \u00e9rzelmi intelligenci\u00e1t. Emellett a mes\u00e9k biztons\u00e1gos k\u00f6zeget teremtenek ahhoz, hogy a kicsik feldolgozhass\u00e1k a mindennapi \u00e9let sor\u00e1n felgy\u00fclemlett bels\u0151 fesz\u00fclts\u00e9geket \u00e9s szorong\u00e1sokat.<\/p>\n\n\n\n<p class=\"wp-block-paragraph\">El\u0151fordul azonban, hogy a gyermek hamar elvesz\u00edti az \u00e9rdekl\u0151d\u00e9s\u00e9t, elkalandozik a figyelme, vagy kifejezetten k\u00e9ri az olvas\u00e1s megszak\u00edt\u00e1s\u00e1t. Ez a jelens\u00e9g leggyakrabban arra utal, hogy a kiv\u00e1lasztott k\u00f6nyv vagy t\u00f6rt\u00e9net nem felel meg az \u00e9letkori saj\u00e1toss\u00e1goknak. A koroszt\u00e1lyhoz k\u00e9pest t\u00fal bonyolult cselekm\u00e9ny vagy a t\u00falzottan p\u00f6rg\u0151s k\u00e9pi vil\u00e1g t\u00falterhelheti a kisgyermek m\u00e9g fejletlen idegrendszer\u00e9t, ami nyugtalans\u00e1ghoz vezethet. Ezzel szemben a t\u00fal egyszer\u0171, kih\u00edv\u00e1st nem jelent\u0151 t\u00f6rt\u00e9netek a nagyobb gyermekek sz\u00e1m\u00e1ra v\u00e1lnak gyorsan unalmass\u00e1.<\/p>\n\n\n\n<p class=\"wp-block-paragraph\">A sz\u00fcl\u0151k k\u00f6r\u00fcltekint\u0151 d\u00f6nt\u00e9sein m\u00falik, hogy a mesehallgat\u00e1s \u00f6r\u00f6mteli \u00e9lm\u00e9ny maradjon. A megfelel\u0151en adagolt \u00e9lm\u00e9nyek nemcsak az \u00e9rzelmi biztons\u00e1got er\u0151s\u00edtik, hanem hossz\u00fa t\u00e1von megalapozz\u00e1k a k\u00f6nyvek ir\u00e1nti szeretetet \u00e9s az elk\u00f6telezett olvas\u00f3v\u00e1 v\u00e1l\u00e1st is.<\/p>\n\n\n\n<h2 class=\"wp-block-heading\">A legjobb mes\u00e9k a legkisebbeknek 1-t\u0151l 4 \u00e9ves korig<\/h2>\n\n\n\n<p class=\"wp-block-paragraph\">A legkisebb koroszt\u00e1ly sz\u00e1m\u00e1ra a mes\u00e9l\u00e9s els\u0151sorban a vil\u00e1g felfedez\u00e9s\u00e9r\u0151l \u00e9s a besz\u00e9dfejl\u0151d\u00e9s t\u00e1mogat\u00e1s\u00e1r\u00f3l sz\u00f3l. Az 1 \u00e9s 4 \u00e9v k\u00f6z\u00f6tti gyermekekn\u00e9l a fokozatoss\u00e1g \u00e9s a koroszt\u00e1lyi ig\u00e9nyek pontos figyelembev\u00e9tele a siker kulcsa. A legjobb mes\u00e9k ebben az id\u0151szakban az al\u00e1bbi kateg\u00f3ri\u00e1kba tartoznak:<\/p>\n\n\n\n<ul class=\"wp-block-list\">\n<li><strong>B\u00f6lcs\u0151d\u00e9s koroszt\u00e1ly (1\u20132 \u00e9vesek):<\/strong> Ebben az \u00e9letszakaszban a vizu\u00e1lis \u00e9s akusztikus \u00e9lm\u00e9nyek domin\u00e1lnak. A kem\u00e9nyt\u00e1bl\u00e1s lapoz\u00f3k a legalkalmasabbak, amelyek egy-egy oldalon egyetlen nagy, j\u00f3l felismerhet\u0151 t\u00e1rgyat, \u00e1llatot vagy j\u00e1rm\u0171vet \u00e1br\u00e1zolnak. A sz\u00fcl\u0151i felolvas\u00e1st \u00e9rdemes k\u00e9pmutogat\u00e1ssal, ritmusos mond\u00f3k\u00e1kkal \u00e9s hangut\u00e1nz\u00f3 szavakkal k\u00eds\u00e9rni. Az Amerikai Gyermekgy\u00f3gy\u00e1szati Akad\u00e9mia (AAP) aj\u00e1nl\u00e1sa szerint 18 h\u00f3napos kor alatt \u00e9rdemes teljesen ker\u00fclni a k\u00e9perny\u0151haszn\u00e1latot.<\/li>\n\n\n\n<li><strong>Kis- \u00e9s k\u00f6z\u00e9ps\u0151 \u00f3vod\u00e1sok (3\u20134 \u00e9vesek):<\/strong> Ebben a korban jelenik meg az ig\u00e9ny a r\u00f6vid, egyszer\u0171 szerkezet\u0171 t\u00f6rt\u00e9netek ir\u00e1nt. A leghat\u00e9konyabbak a lassan h\u00f6mp\u00f6lyg\u0151, er\u0151szakmentes \u00e9n-mes\u00e9k, amelyek a gyermekek mindennapi \u00e9lethelyzeteit, csal\u00e1di rutinj\u00e1t \u00e9s \u00e9rzelmi hull\u00e1mz\u00e1sait mutatj\u00e1k be. Kiv\u00e1l\u00f3 p\u00e9ld\u00e1t jelentenek erre a <em>Bogy\u00f3 \u00e9s Bab\u00f3ca<\/em>, a <em>Kippkopp<\/em> vagy a <em>Boribon<\/em> k\u00f6tetek. Amennyiben szigor\u00faan korl\u00e1tozott keretek k\u00f6z\u00f6tt k\u00e9perny\u0151s tartalom is megjelenik, a letisztult k\u00e9pi vil\u00e1g\u00fa, konfliktusmentes sorozatok aj\u00e1nlottak, mint a <em>Peppa malac<\/em>, a <em>Maja, a m\u00e9hecske<\/em> vagy a kisgyermeki fesz\u00fclts\u00e9geket felold\u00f3 <em>Bing nyuszi<\/em>.<\/li>\n<\/ul>\n\n\n\n<h2 class=\"wp-block-heading\">T\u00fcnd\u00e9rmes\u00e9k \u00e9s n\u00e9pmes\u00e9k a nagyobb \u00f3vod\u00e1sok \u00e9let\u00e9ben<\/h2>\n\n\n\n<p class=\"wp-block-paragraph\">Az \u00f6t\u00e9ves \u00e9s hat\u00e9ves koroszt\u00e1lyba l\u00e9pve a gyermekek fant\u00e1zi\u00e1ja intenz\u00edv fejl\u0151d\u00e9snek indul. Ebben az \u00e9letszakaszban a kicsik m\u00e1r k\u00e9pesek k\u00f6vetni az \u00f6sszetettebb, ok-okozati \u00f6sszef\u00fcgg\u00e9sekre \u00e9p\u00fcl\u0151 cselekm\u00e9nysz\u00e1lakat, \u00edgy nyitott\u00e1 v\u00e1lnak a var\u00e1zslatos elemeket tartalmaz\u00f3 t\u00f6rt\u00e9netekre.<\/p>\n\n\n\n<p class=\"wp-block-paragraph\">A klasszikus t\u00fcnd\u00e9rmes\u00e9k \u00e9s n\u00e9pmes\u00e9k kiemelked\u0151 szerepet j\u00e1tszanak a nagy\u00f3vod\u00e1sok fejl\u0151d\u00e9s\u00e9ben. A t\u00f6rt\u00e9netekben vil\u00e1gosan megjelen\u0151 j\u00f3 \u00e9s rossz k\u00fczdelme, valamint a pr\u00f3bat\u00e9telek szimbolikus rendszere seg\u00edt a gyermekeknek saj\u00e1t bels\u0151 f\u00e9lelmeik, szorong\u00e1saik \u00e9s konfliktusaik feldolgoz\u00e1s\u00e1ban. A magyar n\u00e9pmes\u00e9k gazdag nyelvezete \u00e9s szimbolik\u00e1ja, valamint a Grimm fiv\u00e9rek \u00e9s Andersen klasszikus alkot\u00e1sai mind hozz\u00e1j\u00e1rulnak az erk\u00f6lcsi \u00e9rz\u00e9k \u00e9s a k\u00e9pzel\u0151er\u0151 m\u00e9ly\u00edt\u00e9s\u00e9hez.<\/p>\n\n\n\n<p class=\"wp-block-paragraph\">A hagyom\u00e1nyos mes\u00e9k mellett a modern t\u00f6rt\u00e9netek is \u00e9rt\u00e9kes elemekkel gazdag\u00edthatj\u00e1k a gyermekek vil\u00e1g\u00e1t. Az olyan kort\u00e1rs kedvencek, mint a <em>Mancs \u0151rj\u00e1rat<\/em>, a csapatmunka, az egy\u00fcttm\u0171k\u00f6d\u00e9s \u00e9s az \u00f6nzetlen seg\u00edts\u00e9gny\u00fajt\u00e1s fontoss\u00e1g\u00e1t hangs\u00falyozz\u00e1k. A klasszikus \u00e9s modern mes\u00e9k kiegyens\u00falyozott jelenl\u00e9te biztos\u00edtja, hogy a gyermek egyszerre kapcsol\u00f3djon a kultur\u00e1lis hagyom\u00e1nyokhoz \u00e9s a kort\u00e1rs k\u00f6z\u00f6ss\u00e9gi \u00e9rt\u00e9kekhez.<\/p>\n\n\n\n<h2 class=\"wp-block-heading\">\u00c9rt\u00e9kes anim\u00e1ci\u00f3s mes\u00e9k \u00e9s t\u00f6rt\u00e9netek kisiskol\u00e1soknak<\/h2>\n\n\n\n<p class=\"wp-block-paragraph\">A h\u00e9t\u00e9ves vagy ann\u00e1l id\u0151sebb kisiskol\u00e1sok m\u00e1r k\u00e9pesek m\u00e9lyebben azonosulni a szerepl\u0151kkel, \u00e9s nyitottak a mor\u00e1lis dilemm\u00e1kat \u00e9s komplex emberi kapcsolatokat bemutat\u00f3 cselekm\u00e9nyekre. Az ig\u00e9nyes anim\u00e1ci\u00f3s mes\u00e9k \u00e9s ifj\u00fas\u00e1gi t\u00f6rt\u00e9netek ebben a korban m\u00e1r komoly seg\u00edts\u00e9get ny\u00fajtanak az \u00e9rzelmi intelligencia \u00e9s az emp\u00e1tia fejleszt\u00e9s\u00e9ben.<\/p>\n\n\n\n<p class=\"wp-block-paragraph\">A csal\u00e1di filmn\u00e9z\u00e9shez \u00e9s megbesz\u00e9l\u00e9shez a k\u00f6vetkez\u0151 kiemelked\u0151 alkot\u00e1sok k\u00edn\u00e1lnak \u00e9rt\u00e9kes alapanyagot:<\/p>\n\n\n\n<ul class=\"wp-block-list\">\n<li><strong>Agyman\u00f3k (Inside Out):<\/strong> Egyed\u00fcl\u00e1ll\u00f3 m\u00f3don mutatja be az emberi bels\u0151 \u00e9rzelmek m\u0171k\u00f6d\u00e9s\u00e9t. R\u00e1vil\u00e1g\u00edt arra, hogy minden \u00e9rzelemnek \u2013 a szomor\u00fas\u00e1gnak \u00e9s a d\u00fchnek is \u2013 megvan a maga n\u00e9lk\u00fcl\u00f6zhetetlen szerepe az egyens\u00faly fenntart\u00e1s\u00e1ban.<\/li>\n<\/ul>\n\n\n\n<figure class=\"wp-block-embed is-type-video is-provider-youtube wp-block-embed-youtube wp-embed-aspect-16-9 wp-has-aspect-ratio\"><div class=\"wp-block-embed__wrapper\">\n<iframe loading=\"lazy\" title=\"Agyman\u00f3k - Szinkronos el\u0151zetes (KNE)\" width=\"500\" height=\"281\" src=\"https:\/\/www.youtube.com\/embed\/56eY2_b3_54?feature=oembed\" frameborder=\"0\" allow=\"accelerometer; autoplay; clipboard-write; encrypted-media; gyroscope; picture-in-picture; web-share\" referrerpolicy=\"strict-origin-when-cross-origin\" allowfullscreen><\/iframe>\n<\/div><\/figure>\n\n\n\n<ul class=\"wp-block-list\">\n<li><strong>Toy Story \u2013 J\u00e1t\u00e9kh\u00e1bor\u00fa:<\/strong> Id\u0151tlen klasszikus a lojalit\u00e1sr\u00f3l, az igaz bar\u00e1ts\u00e1gr\u00f3l, a v\u00e1ltoz\u00e1sok elfogad\u00e1s\u00e1r\u00f3l \u00e9s az elenged\u00e9s k\u00e9pess\u00e9g\u00e9r\u0151l.<\/li>\n<\/ul>\n\n\n\n<figure class=\"wp-block-embed is-type-video is-provider-youtube wp-block-embed-youtube wp-embed-aspect-16-9 wp-has-aspect-ratio\"><div class=\"wp-block-embed__wrapper\">\n<iframe loading=\"lazy\" title=\"Toy Story (1995) - ,,B\u00e9k\u00e9s sz\u00e1nd\u00e9kkal j\u00f6ttem&quot;\" width=\"500\" height=\"281\" src=\"https:\/\/www.youtube.com\/embed\/HTL2gS19GYs?feature=oembed\" frameborder=\"0\" allow=\"accelerometer; autoplay; clipboard-write; encrypted-media; gyroscope; picture-in-picture; web-share\" referrerpolicy=\"strict-origin-when-cross-origin\" allowfullscreen><\/iframe>\n<\/div><\/figure>\n\n\n\n<ul class=\"wp-block-list\">\n<li><strong>Fel! (Up):<\/strong> Meghat\u00f3 t\u00f6rt\u00e9net az \u00e9letre sz\u00f3l\u00f3 kalandokr\u00f3l, a vesztes\u00e9gek feldolgoz\u00e1s\u00e1r\u00f3l \u00e9s az \u00faj c\u00e9lok megtal\u00e1l\u00e1s\u00e1nak lehet\u0151s\u00e9g\u00e9r\u0151l b\u00e1rmely \u00e9letkorban.<\/li>\n<\/ul>\n\n\n\n<figure class=\"wp-block-embed is-type-video is-provider-youtube wp-block-embed-youtube wp-embed-aspect-4-3 wp-has-aspect-ratio\"><div class=\"wp-block-embed__wrapper\">\n<iframe loading=\"lazy\" title=\"Fel szinkronos el\u0151zetes (Cinemani)\" width=\"500\" height=\"375\" src=\"https:\/\/www.youtube.com\/embed\/6IaAuqrgiwQ?feature=oembed\" frameborder=\"0\" allow=\"accelerometer; autoplay; clipboard-write; encrypted-media; gyroscope; picture-in-picture; web-share\" referrerpolicy=\"strict-origin-when-cross-origin\" allowfullscreen><\/iframe>\n<\/div><\/figure>\n\n\n\n<ul class=\"wp-block-list\">\n<li><strong>\u00cdgy neveld a s\u00e1rk\u00e1nyodat:<\/strong> Mag\u00e1val ragad\u00f3 mese a m\u00e1ss\u00e1g elfogad\u00e1s\u00e1r\u00f3l, a szem\u00e9lyes b\u00e1tors\u00e1gr\u00f3l \u00e9s az alaptalan t\u00e1rsadalmi el\u0151\u00edt\u00e9letek lek\u00fczd\u00e9s\u00e9r\u0151l.<\/li>\n<\/ul>\n\n\n\n<figure class=\"wp-block-embed is-type-video is-provider-youtube wp-block-embed-youtube wp-embed-aspect-4-3 wp-has-aspect-ratio\"><div class=\"wp-block-embed__wrapper\">\n<iframe loading=\"lazy\" title=\"\u00cdgy neveld a s\u00e1rk\u00e1nyodat szinkronos el\u0151zetes\" width=\"500\" height=\"375\" src=\"https:\/\/www.youtube.com\/embed\/QCG76DKH-Ok?feature=oembed\" frameborder=\"0\" allow=\"accelerometer; autoplay; clipboard-write; encrypted-media; gyroscope; picture-in-picture; web-share\" referrerpolicy=\"strict-origin-when-cross-origin\" allowfullscreen><\/iframe>\n<\/div><\/figure>\n\n\n\n<h2 class=\"wp-block-heading\">A legjobb mesefilmek kiv\u00e1laszt\u00e1sa \u00e9s a k\u00e9perny\u0151haszn\u00e1lat szab\u00e1lyai<\/h2>\n\n\n\n<p class=\"wp-block-paragraph\">A vizu\u00e1lis tartalmak kor\u00e1ban a tudatos sz\u00fcl\u0151i sz\u0171r\u00e9s elengedhetetlen felt\u00e9tele a gyermekek ment\u00e1lis higi\u00e9n\u00e9j\u00e9nek. A legjobb mesefilmek kiv\u00e1laszt\u00e1sa sor\u00e1n nem elegend\u0151 a bor\u00edt\u00f3ra vagy a n\u00e9pszer\u0171s\u00e9gre hagyatkozni, hanem \u00e9rdemes szigor\u00fa szempontrendszert alkalmazni a t\u00falingerl\u00e9s \u00e9s a szorong\u00e1s elker\u00fcl\u00e9se \u00e9rdek\u00e9ben:<\/p>\n\n\n\n<ul class=\"wp-block-list\">\n<li><strong>T\u00e1j\u00e9koz\u00f3d\u00e1s megb\u00edzhat\u00f3 forr\u00e1sokb\u00f3l:<\/strong> A filmek kiv\u00e1laszt\u00e1sa el\u0151tt c\u00e9lszer\u0171 olyan szakmai adatb\u00e1zisokat ellen\u0151rizni, mint az <em>IMDb<\/em> vagy a <em>Common Sense Media<\/em>, amelyek r\u00e9szletes sz\u00fcl\u0151i \u00fatmutat\u00f3t adnak a tartalom er\u0151szakoss\u00e1gi \u00e9s f\u00e9lelemkelt\u0151 elemeir\u0151l.<\/li>\n\n\n\n<li><strong>A t\u00falingerl\u00e9s elker\u00fcl\u00e9se:<\/strong> A t\u00fal gyors v\u00e1g\u00e1sokkal dolgoz\u00f3, t\u00falzottan p\u00f6rg\u0151s vagy vill\u00f3dz\u00f3 k\u00e9pi vil\u00e1g\u00fa rajzfilmek t\u00faltel\u00edthetik a kisgyermekek idegrendszer\u00e9t. Ez a folyamat k\u00e9s\u0151bb nyugtalans\u00e1ghoz, figyelmetlens\u00e9gben vagy alv\u00e1szavarokban nyilv\u00e1nulhat meg.<\/li>\n\n\n\n<li><strong>K\u00f6z\u00f6s filmn\u00e9z\u00e9s \u00e9s megbesz\u00e9l\u00e9s:<\/strong> A k\u00e9perny\u0151 el\u0151tt t\u00f6lt\u00f6tt id\u0151 akkor a legbiztons\u00e1gosabb, ha a sz\u00fcl\u0151 jelen van. A k\u00f6z\u00f6s n\u00e9z\u00e9s sor\u00e1n az ijeszt\u0151 vagy nehezen feldolgozhat\u00f3 jelenetek azonnal megbesz\u00e9lhet\u0151k, feloldva a felgy\u00fcleml\u0151 bels\u0151 fesz\u00fclts\u00e9get.<\/li>\n\n\n\n<li><strong>Egyens\u00faly a k\u00e9perny\u0151 \u00e9s a val\u00f3s\u00e1g k\u00f6z\u00f6tt:<\/strong> A k\u00e9perny\u0151id\u0151 szigor\u00fa korl\u00e1tok k\u00f6z\u00e9 szor\u00edtand\u00f3, \u00e9s soha nem helyettes\u00edtheti a szabadban val\u00f3 mozg\u00e1st, a k\u00f6z\u00f6s kreat\u00edv j\u00e1t\u00e9kot, valamint a sz\u00fcl\u0151 hangj\u00e1n megsz\u00f3lal\u00f3, k\u00f6nyvb\u0151l t\u00f6rt\u00e9n\u0151 esti meseolvas\u00e1st.<\/li>\n<\/ul>\n\n\n\n<h2 class=\"wp-block-heading\">A k\u00f6z\u00f6s mese\u00e9lm\u00e9ny var\u00e1zsa \u00e9s a min\u0151s\u00e9gi id\u0151 fontoss\u00e1ga<\/h2>\n\n\n\n<p class=\"wp-block-paragraph\">A meseolvas\u00e1s \u00e9s a t\u00f6rt\u00e9netmes\u00e9l\u00e9s legf\u0151bb \u00e9rt\u00e9ke nem mag\u00e1ban a t\u00f6rt\u00e9netben, hanem a felolvas\u00f3 sz\u00fcl\u0151 \u00e9s a hallgat\u00f3 gyermek k\u00f6z\u00f6tt kialakul\u00f3 m\u00e9ly \u00e9rzelmi kapcsolatban rejlik. F\u00fcggetlen\u00fcl att\u00f3l, hogy egy egyszer\u0171 kem\u00e9nyt\u00e1bl\u00e1s lapoz\u00f3r\u00f3l, egy hagyom\u00e1nyos n\u00e9pmes\u00e9r\u0151l vagy egy modern anim\u00e1ci\u00f3s filmr\u0151l van sz\u00f3, a l\u00e9nyeg a k\u00f6z\u00f6sen elt\u00f6lt\u00f6tt min\u0151s\u00e9gi id\u0151 \u00e9s a bizalmas l\u00e9gk\u00f6r megteremt\u00e9se.<\/p>\n\n\n\n<p class=\"wp-block-paragraph\">A k\u00f6z\u00f6s \u00e9lm\u00e9nyek sor\u00e1n ny\u00fajtott \u00e9rzelmi biztons\u00e1g \u00e9s a t\u00f6rt\u00e9netek var\u00e1zsa egy \u00e9letre meghat\u00e1rozza a gyermek viszony\u00e1t a tanul\u00e1shoz, az olvas\u00e1shoz \u00e9s a k\u00fclvil\u00e1ghoz. A tudatosan v\u00e1logatott mes\u00e9k \u00edgy nemcsak a jelen pillanat \u00f6r\u00f6m\u00e9t adj\u00e1k meg, hanem hossz\u00fa t\u00e1von is megalapozz\u00e1k a kiegyens\u00falyozott szem\u00e9lyis\u00e9gfejl\u0151d\u00e9st.<\/p>\n","protected":false},"excerpt":{"rendered":"<p>A meseolvas\u00e1s \u00e9s a t\u00f6rt\u00e9netmes\u00e9l\u00e9s a gyermekkor legmeghat\u00e1roz\u00f3bb \u00e9lm\u00e9nyei k\u00f6z\u00e9 tartozik. Az \u00e9letkornak megfelel\u0151en kiv\u00e1lasztott t\u00f6rt\u00e9netek nemcsak a\u2026<\/p>\n","protected":false},"author":1,"featured_media":76,"comment_status":"closed","ping_status":"closed","sticky":false,"template":"","format":"standard","meta":{"footnotes":""},"categories":[13],"tags":[20,29,30,31,21,22,23,24,25,26,27,28],"class_list":["post-77","post","type-post","status-publish","format-standard","has-post-thumbnail","hentry","category-eletmod","tag-20","tag-29","tag-30","tag-31","tag-21","tag-22","tag-23","tag-24","tag-25","tag-26","tag-27","tag-28"],"_links":{"self":[{"href":"https:\/\/magicon.hu\/?rest_route=\/wp\/v2\/posts\/77","targetHints":{"allow":["GET"]}}],"collection":[{"href":"https:\/\/magicon.hu\/?rest_route=\/wp\/v2\/posts"}],"about":[{"href":"https:\/\/magicon.hu\/?rest_route=\/wp\/v2\/types\/post"}],"author":[{"embeddable":true,"href":"https:\/\/magicon.hu\/?rest_route=\/wp\/v2\/users\/1"}],"replies":[{"embeddable":true,"href":"https:\/\/magicon.hu\/?rest_route=%2Fwp%2Fv2%2Fcomments&post=77"}],"version-history":[{"count":2,"href":"https:\/\/magicon.hu\/?rest_route=\/wp\/v2\/posts\/77\/revisions"}],"predecessor-version":[{"id":98,"href":"https:\/\/magicon.hu\/?rest_route=\/wp\/v2\/posts\/77\/revisions\/98"}],"wp:featuredmedia":[{"embeddable":true,"href":"https:\/\/magicon.hu\/?rest_route=\/wp\/v2\/media\/76"}],"wp:attachment":[{"href":"https:\/\/magicon.hu\/?rest_route=%2Fwp%2Fv2%2Fmedia&parent=77"}],"wp:term":[{"taxonomy":"category","embeddable":true,"href":"https:\/\/magicon.hu\/?rest_route=%2Fwp%2Fv2%2Fcategories&post=77"},{"taxonomy":"post_tag","embeddable":true,"href":"https:\/\/magicon.hu\/?rest_route=%2Fwp%2Fv2%2Ftags&post=77"}],"curies":[{"name":"wp","href":"https:\/\/api.w.org\/{rel}","templated":true}]}}