{"id":198,"date":"2026-09-01T14:33:04","date_gmt":"2026-09-01T12:33:04","guid":{"rendered":"https:\/\/magicon.hu\/?p=198"},"modified":"2026-09-01T14:33:04","modified_gmt":"2026-09-01T12:33:04","slug":"marvel-filmek-es-sorozatok-sorrendben","status":"publish","type":"post","link":"https:\/\/magicon.hu\/marvel-filmek-es-sorozatok-sorrendben\/","title":{"rendered":"A Marvel filmek \u00e9s sorozatok sorrendben az els\u0151 f\u00e1zist\u00f3l a multiverzumig"},"content":{"rendered":"\n<p class=\"wp-block-paragraph\">A Marvel-moziuniverzum (MCU) az elm\u00falt m\u00e1sf\u00e9l \u00e9vtizedben a filmt\u00f6rt\u00e9net leg\u00e1tfog\u00f3bb \u00e9s leg\u00f6sszetettebb franchise-\u00e1v\u00e1 fejl\u0151d\u00f6tt. A t\u00f6bb mint harminc\u00f6t mozifilmb\u0151l, sz\u00e1mos \u00e9l\u0151szerepl\u0151s Disney+ sorozatb\u00f3l \u00e9s k\u00fcl\u00f6nleges kiad\u00e1sb\u00f3l \u00e1ll\u00f3 sz\u00f6vev\u00e9nyes h\u00e1l\u00f3zat k\u00f6vet\u00e9se komoly feladat el\u00e9 \u00e1ll\u00edtja a n\u00e9z\u0151ket. A t\u00f6rt\u00e9netmes\u00e9l\u00e9si sz\u00e1lak, a karakterfejl\u0151d\u00e9si \u00edvek \u00e9s az egym\u00e1sra \u00e9p\u00fcl\u0151 st\u00e1blist\u00e1s utal\u00e1sok pontos meg\u00e9rt\u00e9s\u00e9hez elengedhetetlen a megfelel\u0151 megtekint\u00e9si logika kiv\u00e1laszt\u00e1sa.<\/p>\n\n\n\n<h2 class=\"wp-block-heading\">Hogyan \u00e9rdemes k\u00f6vetni a szuperh\u0151s\u00f6k t\u00f6rt\u00e9net\u00e9t a k\u00e9perny\u0151n<\/h2>\n\n\n\n<p class=\"wp-block-paragraph\">Az MCU \u00f3ri\u00e1si terjedelme miatt az els\u0151 l\u00e9p\u00e9s a legmegfelel\u0151bb megtekint\u00e9si strat\u00e9gia kiv\u00e1laszt\u00e1sa. A szuperh\u0151s\u00f6k kalandjait k\u00e9t alapvet\u0151 megk\u00f6zel\u00edt\u00e9s szerint k\u00f6vethetj\u00fck, amelyek elt\u00e9r\u0151 \u00e9lm\u00e9nyt ny\u00fajtanak a k\u00e9perny\u0151 el\u0151tt:<\/p>\n\n\n\n<ul class=\"wp-block-list\">\n<li><strong>Megjelen\u00e9si sorrend &#8211; kezd\u0151knek aj\u00e1nlott:<\/strong> A filmek \u00e9s sorozatok eredeti bemutat\u00f3i szerinti halad\u00e1s a legc\u00e9lszer\u0171bb v\u00e1laszt\u00e1s azok sz\u00e1m\u00e1ra, akik most ismerkednek a franchise vil\u00e1g\u00e1val. A Marvel Studios tudatosan \u00e9p\u00edtette fel a t\u00f6rt\u00e9net\u00edveket: a st\u00e1blist\u00e1s jelenetek, az elrejtett utal\u00e1sok \u00e9s a karakterek fokozatos bemutatkoz\u00e1sa ebben a rendben v\u00e1ltja ki a legnagyobb dramaturgiai hat\u00e1st. Ha p\u00e9ld\u00e1ul az 1940-es \u00e9vekben j\u00e1tsz\u00f3d\u00f3 <em>Amerika Kapit\u00e1ny: Az els\u0151 bossz\u00fa\u00e1ll\u00f3<\/em> megtekint\u00e9se megel\u0151zi a <em>Vasember<\/em> c\u00edm\u0171 alkot\u00e1st, elv\u00e9sz a modern vil\u00e1gra val\u00f3 r\u00e1csod\u00e1lkoz\u00e1s \u00e9lm\u00e9nye \u00e9s a sz\u00e1nd\u00e9kosan fel\u00e9p\u00edtett fesz\u00fclts\u00e9g.<\/li>\n\n\n\n<li><strong>Kronol\u00f3giai sorrend:<\/strong> A cselekm\u00e9ny bels\u0151 id\u0151vonala szerinti halad\u00e1s izgalmas perspekt\u00edv\u00e1t ny\u00fajt a tapasztaltabb rajong\u00f3knak. Ez a megk\u00f6zel\u00edt\u00e9s a m\u00e1sodik vil\u00e1gh\u00e1bor\u00fas esem\u00e9nyekt\u0151l kezdve eg\u00e9szen a multiverzum \u00f6sszetett jelen\u00e9ig k\u00f6veti az esem\u00e9nyeket, l\u00e1that\u00f3v\u00e1 t\u00e9ve az univerzum val\u00f3s idej\u0171 alakul\u00e1s\u00e1t \u00e9s az \u00f6sszef\u00fcgg\u00e9sek szoros h\u00e1l\u00f3j\u00e1t.<\/li>\n<\/ul>\n\n\n\n<p class=\"wp-block-paragraph\">\u00c9rdemes fejben tartani, hogy a Marvel v\u00e9djegy\u00e9v\u00e9 v\u00e1lt a st\u00e1blist\u00e1s jelenetek elhelyez\u00e9se: a filmek k\u00f6zep\u00e9n \u00e9s legv\u00e9g\u00e9n tal\u00e1lhat\u00f3 r\u00f6vid bej\u00e1tsz\u00e1sok fontos el\u0151rejelz\u00e9st adnak a k\u00f6vetkez\u0151 t\u00f6rt\u00e9netekr\u0151l. Az MCU produkci\u00f3inak t\u00falnyom\u00f3 t\u00f6bbs\u00e9ge megtal\u00e1lhat\u00f3 a Disney+ k\u00edn\u00e1lat\u00e1ban; kiv\u00e9telt k\u00e9peznek a Tom Holland-f\u00e9le \u00f6n\u00e1ll\u00f3 <em>P\u00f3kember<\/em>-filmek, amelyek a Sony jogtulajdona miatt m\u00e1s streaming-szolg\u00e1ltat\u00f3kn\u00e1l vagy digit\u00e1lis fel\u00fcleteken \u00e9rhet\u0151k el.<\/p>\n\n\n\n<h2 class=\"wp-block-heading\">A teljes MCU kronol\u00f3giai sorrendje a t\u00f6rt\u00e9net ideje szerint<\/h2>\n\n\n\n<p class=\"wp-block-paragraph\">A t\u00f6rt\u00e9netbeli id\u0151vonal a m\u00falt sz\u00e1zad k\u00f6zep\u00e9t\u0151l napjainkig, s\u0151t a k\u00f6zeli j\u00f6v\u0151ig \u00edvel. Az al\u00e1bbi rendszerez\u00e9s a mozifilmek \u00e9s a hivatalos Disney+ sorozatok cselekm\u00e9ny\u00e9nek bels\u0151, val\u00f3s idej\u0171 kronol\u00f3gi\u00e1j\u00e1t k\u00f6veti:<\/p>\n\n\n\n<ol class=\"wp-block-list\">\n<li><strong>Amerika Kapit\u00e1ny: Az els\u0151 bossz\u00fa\u00e1ll\u00f3<\/strong> <em>(1942\u20131945)<\/em><\/li>\n\n\n\n<li><strong>Marvel Kapit\u00e1ny<\/strong> <em>(1995)<\/em><\/li>\n\n\n\n<li><strong>Vasember<\/strong> <em>(2010)<\/em><\/li>\n\n\n\n<li><strong>Vasember 2.<\/strong> <em>(2011)<\/em><\/li>\n\n\n\n<li><strong>A hihetetlen Hulk<\/strong> <em>(2011)<\/em><\/li>\n\n\n\n<li><strong>Thor<\/strong> <em>(2011)<\/em><\/li>\n\n\n\n<li><strong>Bossz\u00fa\u00e1ll\u00f3k<\/strong> <em>(2012)<\/em><\/li>\n\n\n\n<li><strong>Vasember 3.<\/strong> <em>(2012)<\/em><\/li>\n\n\n\n<li><strong>Thor: S\u00f6t\u00e9t vil\u00e1g<\/strong> <em>(2013)<\/em><\/li>\n\n\n\n<li><strong>Amerika Kapit\u00e1ny: A t\u00e9l katon\u00e1ja<\/strong> <em>(2014)<\/em><\/li>\n\n\n\n<li><strong>A galaxis \u0151rz\u0151i<\/strong> <em>(2014)<\/em><\/li>\n\n\n\n<li><strong>A galaxis \u0151rz\u0151i Vol. 2.<\/strong> <em>(2014)<\/em><\/li>\n\n\n\n<li><strong>Bossz\u00fa\u00e1ll\u00f3k: Ultron kora<\/strong> <em>(2015)<\/em><\/li>\n\n\n\n<li><strong>A Hangya<\/strong> <em>(2015)<\/em><\/li>\n\n\n\n<li><strong>Amerika Kapit\u00e1ny: Polg\u00e1rh\u00e1bor\u00fa<\/strong> <em>(2016)<\/em><\/li>\n\n\n\n<li><strong>Fekete \u00d6zvegy<\/strong> <em>(2016)<\/em><\/li>\n\n\n\n<li><strong>Fekete P\u00e1rduc<\/strong> <em>(2016)<\/em><\/li>\n\n\n\n<li><strong>P\u00f3kember: Hazat\u00e9r\u00e9s<\/strong> <em>(2016)<\/em><\/li>\n\n\n\n<li><strong>Doctor Strange<\/strong> <em>(2016\u20132017)<\/em><\/li>\n\n\n\n<li><strong>Thor: Ragnar\u00f6k<\/strong> <em>(2017)<\/em><\/li>\n\n\n\n<li><strong>A Hangya \u00e9s a Dar\u00e1zs<\/strong> <em>(2018)<\/em><\/li>\n\n\n\n<li><strong>Bossz\u00fa\u00e1ll\u00f3k: V\u00e9gtelen h\u00e1bor\u00fa<\/strong> <em>(2018)<\/em><\/li>\n\n\n\n<li><strong>Bossz\u00fa\u00e1ll\u00f3k: V\u00e9gj\u00e1t\u00e9k<\/strong> <em>(2018\u20132023)<\/em><\/li>\n\n\n\n<li><strong>P\u00f3kember: Idegenben<\/strong> <em>(2024)<\/em><\/li>\n\n\n\n<li><strong>Shang-Chi \u00e9s a T\u00edz Gy\u0171r\u0171 legend\u00e1ja<\/strong> <em>(2024)<\/em><\/li>\n\n\n\n<li><strong>\u00d6r\u00f6kk\u00e9val\u00f3k<\/strong> <em>(2024)<\/em><\/li>\n\n\n\n<li><strong>P\u00f3kember: Nincs haza\u00fat<\/strong> <em>(2024)<\/em><\/li>\n\n\n\n<li><strong>Doctor Strange az \u0151r\u00fclet multiverzum\u00e1ban<\/strong> <em>(2024\u20132025)<\/em><\/li>\n\n\n\n<li><strong>She-Hulk<\/strong> <em>(sorozat, 2025)<\/em> n.<\/li>\n\n\n\n<li><strong>Thor: Szerelem \u00e9s mennyd\u00f6rg\u00e9s<\/strong> <em>(2025)<\/em><\/li>\n\n\n\n<li><strong>\u00c9jjeli V\u00e9rfarkas<\/strong> <em>(k\u00fcl\u00f6nkiad\u00e1s, 2025)<\/em><\/li>\n\n\n\n<li><strong>A galaxis \u0151rz\u0151i \u2013 \u00dcnnepi k\u00fcl\u00f6nkiad\u00e1s<\/strong> <em>(2025)<\/em><\/li>\n\n\n\n<li><strong>A Hangya \u00e9s a Dar\u00e1zs: Kvantum\u00e1nia<\/strong> <em>(2025)<\/em><\/li>\n\n\n\n<li><strong>Titkos inv\u00e1zi\u00f3<\/strong> <em>(sorozat, 2025)<\/em><\/li>\n\n\n\n<li><strong>Marvelek<\/strong> <em>(2025)<\/em><\/li>\n\n\n\n<li><strong>Echo<\/strong> <em>(sorozat, 2025)<\/em><\/li>\n\n\n\n<li><strong>Deadpool &amp; Rozsom\u00e1k<\/strong> <em>(2024\/2025)<\/em><\/li>\n\n\n\n<li><strong>Mindv\u00e9gig Agatha<\/strong> <em>(sorozat, 2026)<\/em><\/li>\n\n\n\n<li><strong>Amerika Kapit\u00e1ny: Sz\u00e9p \u00faj vil\u00e1g<\/strong> <em>(2026\u20132027)<\/em><\/li>\n\n\n\n<li><strong>Fenegyerek: \u00dajj\u00e1sz\u00fclet\u00e9s<\/strong> <em>(sorozat, 2026\u20132027)<\/em><\/li>\n\n\n\n<li><strong>Mennyd\u00f6rg\u0151k<\/strong>* <em>(2025)<\/em><\/li>\n<\/ol>\n\n\n\n<h2 class=\"wp-block-heading\">Az els\u0151 h\u00e1rom f\u00e1zis t\u00f6rt\u00e9nete<\/h2>\n\n\n\n<p class=\"wp-block-paragraph\">Az MCU megalapoz\u00e1s\u00e1t \u00e9s els\u0151 nagy\u00edv\u0171 korszak\u00e1t a V\u00e9gtelen saga (The Infinity saga) jelenti, amely h\u00e1rom elk\u00fcl\u00f6n\u00fcl\u0151 f\u00e1zisra oszlik. Ez a szakasz a k\u00fcl\u00f6n\u00e1ll\u00f3 karakterek bemutat\u00e1s\u00e1t\u00f3l a k\u00f6zponti fenyeget\u00e9s kibontakoz\u00e1s\u00e1ig terjed.<\/p>\n\n\n\n<p class=\"wp-block-paragraph\">Az <strong>I. F\u00e1zis (2008\u20132012)<\/strong> k\u00f6z\u00e9ppontj\u00e1ban a legfontosabb alapkarakterek bevezet\u00e9se \u00e9s a csapat\u00e9p\u00edt\u00e9s \u00e1llt. A <em>Vasember<\/em>, <em>Hulk<\/em>, a <em>Vasember 2.<\/em>, a <em>Thor<\/em> \u00e9s az <em>Amerika Kapit\u00e1ny: Az els\u0151 bossz\u00fa\u00e1ll\u00f3<\/em> fel\u00e9p\u00edtett\u00e9k azokat a sarokpontokat, amelyek a <em>Bossz\u00fa\u00e1ll\u00f3k<\/em> c\u00edm\u0171 filmben egyes\u00fcltek el\u0151sz\u00f6r egyetlen nagy\u00edv\u0171 t\u00f6rt\u00e9nett\u00e9.<\/p>\n\n\n\n<figure class=\"wp-block-embed is-type-video is-provider-youtube wp-block-embed-youtube wp-embed-aspect-16-9 wp-has-aspect-ratio\"><div class=\"wp-block-embed__wrapper\">\n<iframe loading=\"lazy\" title=\"Thor - Trailer (OFFICIAL)\" width=\"500\" height=\"281\" src=\"https:\/\/www.youtube.com\/embed\/JOddp-nlNvQ?feature=oembed\" frameborder=\"0\" allow=\"accelerometer; autoplay; clipboard-write; encrypted-media; gyroscope; picture-in-picture; web-share\" referrerpolicy=\"strict-origin-when-cross-origin\" allowfullscreen><\/iframe>\n<\/div><\/figure>\n\n\n\n<p class=\"wp-block-paragraph\">A <strong>II. F\u00e1zis (2013\u20132015)<\/strong> kiterjesztette a hat\u00e1rokat. A <em>Vasember 3.<\/em>, a <em>Thor: S\u00f6t\u00e9t vil\u00e1g<\/em> \u00e9s az <em>Amerika Kapit\u00e1ny: A t\u00e9l katon\u00e1ja<\/em> mellett felt\u0171nt <em>A galaxis \u0151rz\u0151i<\/em>, amely beemelte a kozmikus t\u00e9rs\u00e9get a k\u00e1nonba. A szakasz a <em>Bossz\u00fa\u00e1ll\u00f3k: Ultron kora<\/em> \u00e9s <em>A Hangya<\/em> t\u00f6rt\u00e9neteivel z\u00e1rult, el\u0151k\u00e9sz\u00edtve a m\u00e9lyebb konfliktusokat.<\/p>\n\n\n\n<figure class=\"wp-block-embed is-type-video is-provider-youtube wp-block-embed-youtube wp-embed-aspect-16-9 wp-has-aspect-ratio\"><div class=\"wp-block-embed__wrapper\">\n<iframe loading=\"lazy\" title=\"Bossz\u00fa\u00e1ll\u00f3k: Ultron kora (12V) - hivatalos szinkronos el\u0151zetes 2#\" width=\"500\" height=\"281\" src=\"https:\/\/www.youtube.com\/embed\/oiDNOIr_NIo?feature=oembed\" frameborder=\"0\" allow=\"accelerometer; autoplay; clipboard-write; encrypted-media; gyroscope; picture-in-picture; web-share\" referrerpolicy=\"strict-origin-when-cross-origin\" allowfullscreen><\/iframe>\n<\/div><\/figure>\n\n\n\n<p class=\"wp-block-paragraph\">A <strong>III. F\u00e1zis (2016\u20132019)<\/strong> hozta el a t\u00f6rt\u00e9netmes\u00e9l\u00e9s cs\u00facspontj\u00e1t. Az <em>Amerika Kapit\u00e1ny: Polg\u00e1rh\u00e1bor\u00fa<\/em>, a <em>Doctor Strange<\/em>, <em>A galaxis \u0151rz\u0151i Vol. 2.<\/em>, a <em>P\u00f3kember: Hazat\u00e9r\u00e9s<\/em>, a <em>Thor: Ragnar\u00f6k<\/em>, a <em>Fekete P\u00e1rduc<\/em>, a <em>Marvel Kapit\u00e1ny<\/em> \u00e9s <em>A Hangya \u00e9s a Dar\u00e1zs<\/em> mind a Thanos elleni v\u00e9gs\u0151 \u00f6sszecsap\u00e1st alapozt\u00e1k meg. A korszak a <em>Bossz\u00fa\u00e1ll\u00f3k: V\u00e9gtelen h\u00e1bor\u00fa<\/em>, a <em>Bossz\u00fa\u00e1ll\u00f3k: V\u00e9gj\u00e1t\u00e9k<\/em> \u00e9s a levezet\u0151 <em>P\u00f3kember: Idegenben<\/em> alkot\u00e1sokkal \u00e9rte el dr\u00e1mai lez\u00e1r\u00e1s\u00e1t.<\/p>\n\n\n\n<h2 class=\"wp-block-heading\">A negyedik \u00e9s \u00f6t\u00f6dik f\u00e1zis \u00fajdons\u00e1gai a k\u00e1nonban<\/h2>\n\n\n\n<p class=\"wp-block-paragraph\">A negyedik f\u00e1zissal kezdet\u00e9t vette a Multiverzum saga (The Multiverse Saga), amely gy\u00f6keres v\u00e1ltoz\u00e1sokat hozott a franchise szerkezet\u00e9be. Ebben az id\u0151szakban a moziel\u0151ad\u00e1sok mellett a Disney+ platformra \u00e9rkez\u0151 \u00e9l\u0151szerepl\u0151s sorozatok is a f\u0151vonalbeli k\u00e1non szerves r\u00e9sz\u00e9v\u00e9 v\u00e1ltak.<\/p>\n\n\n\n<p class=\"wp-block-paragraph\">A <strong>IV. F\u00e1zis (2021\u20132022)<\/strong> sor\u00e1n a t\u00f6rt\u00e9netmes\u00e9l\u00e9s t\u00f6bb s\u00edkon folytat\u00f3dott. Az olyan sorozatok, mint a <em>WandaV\u00edzi\u00f3<\/em>, <em>A S\u00f3lyom \u00e9s a T\u00e9l Katon\u00e1ja<\/em>, a <em>Loki<\/em>, a <em>S\u00f3lyomszem<\/em>, a <em>Holdlovag<\/em> \u00e9s a <em>Ms. Marvel<\/em> k\u00f6zvetlen hat\u00e1ssal voltak a mozifilmek esem\u00e9nyeire. Ezzel p\u00e1rhuzamosan a moziv\u00e1sznon a <em>Fekete \u00d6zvegy<\/em>, a <em>Shang-Chi \u00e9s a T\u00edz Gy\u0171r\u0171 legend\u00e1ja<\/em>, az <em>\u00d6r\u00f6kk\u00e9val\u00f3k<\/em>, a <em>P\u00f3kember: Nincs haza\u00fat<\/em>, a <em>Doctor Strange az \u0151r\u00fclet multiverzum\u00e1ban<\/em>, a <em>Thor: Szerelem \u00e9s mennyd\u00f6rg\u00e9s<\/em> \u00e9s a <em>Fekete P\u00e1rduc 2.<\/em> mutattak be \u00faj h\u0151s\u00f6ket \u00e9s a multiverzum vesz\u00e9lyeit.<\/p>\n\n\n\n<figure class=\"wp-block-embed is-type-video is-provider-youtube wp-block-embed-youtube wp-embed-aspect-16-9 wp-has-aspect-ratio\"><div class=\"wp-block-embed__wrapper\">\n<iframe loading=\"lazy\" title=\"P\u00f3kember: Nincs haza\u00fat - magyar el\u0151zetes #2\" width=\"500\" height=\"281\" src=\"https:\/\/www.youtube.com\/embed\/3MtvLjnXcaA?feature=oembed\" frameborder=\"0\" allow=\"accelerometer; autoplay; clipboard-write; encrypted-media; gyroscope; picture-in-picture; web-share\" referrerpolicy=\"strict-origin-when-cross-origin\" allowfullscreen><\/iframe>\n<\/div><\/figure>\n\n\n\n<p class=\"wp-block-paragraph\">Az <strong>V. F\u00e1zis (2023\u20132025)<\/strong> tov\u00e1bb m\u00e9ly\u00edtette az id\u0151s\u00edkok k\u00f6z\u00f6tti \u00f6sszef\u00fcgg\u00e9seket. A folyamatot <em>A Hangya \u00e9s a Dar\u00e1zs: Kvantum\u00e1nia<\/em>, <em>A galaxis \u0151rz\u0151i Vol. 3.<\/em> \u00e9s a <em>Marvelek<\/em> mozipremierjei, valamint a <em>Titkos inv\u00e1zi\u00f3<\/em>, az <em>Echo<\/em>, a <em>Mindv\u00e9gig Agatha<\/em> \u00e9s az <em>Ironheart<\/em> sorozatok f\u00e9mjelezt\u00e9k. A szakasz kiemelked\u0151 \u00e1llom\u00e1sa a <em>Deadpool &amp; Rozsom\u00e1k<\/em> lett, amely sikeresen integr\u00e1lt kor\u00e1bbi, k\u00e1nonon k\u00edv\u00fcli karaktereket a f\u0151sodorba, m\u00edg az <em>Amerika Kapit\u00e1ny: Sz\u00e9p \u00faj vil\u00e1g<\/em>, a <em>Fenegyerek: \u00dajj\u00e1sz\u00fclet\u00e9s<\/em> \u00e9s a <em>Mennyd\u00f6rg\u0151k<\/em>* a f\u00f6ldh\u00f6zragadtabb, politikai \u00e9s utcai sz\u00e1lakat er\u0151s\u00edtett\u00e9k meg.<\/p>\n\n\n\n<figure class=\"wp-block-embed is-type-video is-provider-youtube wp-block-embed-youtube wp-embed-aspect-16-9 wp-has-aspect-ratio\"><div class=\"wp-block-embed__wrapper\">\n<iframe loading=\"lazy\" title=\"Deadpool &amp; Rozsom\u00e1k - magyar szinkronos el\u0151zetes #2\" width=\"500\" height=\"281\" src=\"https:\/\/www.youtube.com\/embed\/0r5xNewL1No?feature=oembed\" frameborder=\"0\" allow=\"accelerometer; autoplay; clipboard-write; encrypted-media; gyroscope; picture-in-picture; web-share\" referrerpolicy=\"strict-origin-when-cross-origin\" allowfullscreen><\/iframe>\n<\/div><\/figure>\n\n\n\n<h2 class=\"wp-block-heading\">A hatodik f\u00e1zis \u00e9s a multiverzum lez\u00e1r\u00e1sa<\/h2>\n\n\n\n<p class=\"wp-block-paragraph\">A VI. F\u00e1zis a Multiverzum saganagyszab\u00e1s\u00fa betet\u0151z\u00e9s\u00e9t k\u00e9sz\u00edti el\u0151. A Marvel Studios ebben az id\u0151szakban a megfontoltabb, min\u0151s\u00e9gf\u00f3kusz\u00fa tartalomgy\u00e1rt\u00e1sra helyezi a hangs\u00falyt, kevesebb, de jelent\u0151sebb projektre \u00f6sszpontos\u00edtva.<\/p>\n\n\n\n<p class=\"wp-block-paragraph\">A szakasz alapk\u00f6v\u00e9t <em>A Fantasztikus N\u00e9gyes: Els\u0151 l\u00e9p\u00e9sek<\/em> jelentette, amely visszahozta a k\u00e9preg\u00e9nyt\u00f6rt\u00e9nelem egyik legfontosabb csapat\u00e1t a k\u00e9perny\u0151re. A f\u00e1zis menetrendj\u00e9ben olyan kiemelt produkci\u00f3k szerepelnek, mint a <em>Wonder Man<\/em> \u00e9s a <em>Fenegyerek: \u00dajj\u00e1sz\u00fclet\u00e9s<\/em> m\u00e1sodik \u00e9vada.<\/p>\n\n\n\n<figure class=\"wp-block-embed is-type-video is-provider-youtube wp-block-embed-youtube wp-embed-aspect-16-9 wp-has-aspect-ratio\"><div class=\"wp-block-embed__wrapper\">\n<iframe loading=\"lazy\" title=\"A Fantasztikus 4-es: Els\u0151 l\u00e9p\u00e9sek - magyar szinkronos el\u0151zetes #2\" width=\"500\" height=\"281\" src=\"https:\/\/www.youtube.com\/embed\/2FjN9cNxTS0?feature=oembed\" frameborder=\"0\" allow=\"accelerometer; autoplay; clipboard-write; encrypted-media; gyroscope; picture-in-picture; web-share\" referrerpolicy=\"strict-origin-when-cross-origin\" allowfullscreen><\/iframe>\n<\/div><\/figure>\n\n\n\n<p class=\"wp-block-paragraph\">A multiverz\u00e1lis cselekm\u00e9nyvonalak v\u00e9gs\u0151 \u00f6sszefut\u00e1s\u00e1t a c\u00edm n\u00e9lk\u00fcli negyedik <em>P\u00f3kember<\/em>-film, valamint a k\u00e9t egym\u00e1st k\u00f6vet\u0151 gigaprojekt, a <em>Bossz\u00fa\u00e1ll\u00f3k: \u00cdt\u00e9letnap<\/em> (Avengers: Doomsday) \u00e9s a <em>Bossz\u00fa\u00e1ll\u00f3k: Titkos h\u00e1bor\u00fa<\/em> (Avengers: Secret Wars) hozz\u00e1k el. Ezek az alkot\u00e1sok hivatottak elvarrni a szerte\u00e1gaz\u00f3 id\u0151s\u00edkokat, megteremtve a franchise hossz\u00fa t\u00e1v\u00fa j\u00f6v\u0151j\u00e9nek alapjait.<\/p>\n\n\n\n<figure class=\"wp-block-embed is-type-video is-provider-youtube wp-block-embed-youtube wp-embed-aspect-16-9 wp-has-aspect-ratio\"><div class=\"wp-block-embed__wrapper\">\n<iframe loading=\"lazy\" title=\"Avengers: Doomsday | Official Trailer | In Theaters December 18\" width=\"500\" height=\"281\" src=\"https:\/\/www.youtube.com\/embed\/irVNGjRFZGk?feature=oembed\" frameborder=\"0\" allow=\"accelerometer; autoplay; clipboard-write; encrypted-media; gyroscope; picture-in-picture; web-share\" referrerpolicy=\"strict-origin-when-cross-origin\" allowfullscreen><\/iframe>\n<\/div><\/figure>\n","protected":false},"excerpt":{"rendered":"<p>A Marvel-moziuniverzum (MCU) az elm\u00falt m\u00e1sf\u00e9l \u00e9vtizedben a filmt\u00f6rt\u00e9net leg\u00e1tfog\u00f3bb \u00e9s leg\u00f6sszetettebb franchise-\u00e1v\u00e1 fejl\u0151d\u00f6tt. A t\u00f6bb mint harminc\u00f6t\u2026<\/p>\n","protected":false},"author":1,"featured_media":197,"comment_status":"closed","ping_status":"closed","sticky":false,"template":"","format":"standard","meta":{"footnotes":""},"categories":[12,4],"tags":[20,29,30,31,21,22,23,24,25,26,27,28],"class_list":["post-198","post","type-post","status-publish","format-standard","has-post-thumbnail","hentry","category-utazas-es-szabadido","category-szezonalis","tag-20","tag-29","tag-30","tag-31","tag-21","tag-22","tag-23","tag-24","tag-25","tag-26","tag-27","tag-28"],"_links":{"self":[{"href":"https:\/\/magicon.hu\/?rest_route=\/wp\/v2\/posts\/198","targetHints":{"allow":["GET"]}}],"collection":[{"href":"https:\/\/magicon.hu\/?rest_route=\/wp\/v2\/posts"}],"about":[{"href":"https:\/\/magicon.hu\/?rest_route=\/wp\/v2\/types\/post"}],"author":[{"embeddable":true,"href":"https:\/\/magicon.hu\/?rest_route=\/wp\/v2\/users\/1"}],"replies":[{"embeddable":true,"href":"https:\/\/magicon.hu\/?rest_route=%2Fwp%2Fv2%2Fcomments&post=198"}],"version-history":[{"count":2,"href":"https:\/\/magicon.hu\/?rest_route=\/wp\/v2\/posts\/198\/revisions"}],"predecessor-version":[{"id":202,"href":"https:\/\/magicon.hu\/?rest_route=\/wp\/v2\/posts\/198\/revisions\/202"}],"wp:featuredmedia":[{"embeddable":true,"href":"https:\/\/magicon.hu\/?rest_route=\/wp\/v2\/media\/197"}],"wp:attachment":[{"href":"https:\/\/magicon.hu\/?rest_route=%2Fwp%2Fv2%2Fmedia&parent=198"}],"wp:term":[{"taxonomy":"category","embeddable":true,"href":"https:\/\/magicon.hu\/?rest_route=%2Fwp%2Fv2%2Fcategories&post=198"},{"taxonomy":"post_tag","embeddable":true,"href":"https:\/\/magicon.hu\/?rest_route=%2Fwp%2Fv2%2Ftags&post=198"}],"curies":[{"name":"wp","href":"https:\/\/api.w.org\/{rel}","templated":true}]}}