{"id":196,"date":"2026-09-01T14:28:58","date_gmt":"2026-09-01T12:28:58","guid":{"rendered":"https:\/\/magicon.hu\/?p=196"},"modified":"2026-09-01T14:28:58","modified_gmt":"2026-09-01T12:28:58","slug":"tukor-szamok-jelentese","status":"publish","type":"post","link":"https:\/\/magicon.hu\/tukor-szamok-jelentese\/","title":{"rendered":"A t\u00fck\u00f6r sz\u00e1mok jelent\u00e9se \u00e9s az \u00f3r\u00e1n megjelen\u0151 &#8222;titkos&#8221; \u00fczenetek"},"content":{"rendered":"\n<p class=\"wp-block-paragraph\">Gyakran el\u0151fordul, hogy az \u00f3r\u00e1ra, a telefon kijelz\u0151j\u00e9re vagy egy h\u00e1ztart\u00e1si g\u00e9pre pillantva szimmetrikus, ism\u00e9tl\u0151d\u0151 sz\u00e1msorok t\u0171nnek fel. Az olyan id\u0151pontok, mint a 11:11, a 22:22 vagy a 12:21 els\u0151 l\u00e1t\u00e1sra puszta v\u00e9letlennek t\u0171nhetnek, azonban a rendszeres \u00e9szlel\u00e9s\u00fck m\u00f6g\u00f6tt sokan m\u00e9lyebb tartalmat sejtenek.<\/p>\n\n\n\n<h2 class=\"wp-block-heading\">A t\u00fck\u00f6rsz\u00e1mok spiritu\u00e1lis szimbolik\u00e1ja<\/h2>\n\n\n\n<p class=\"wp-block-paragraph\">A sz\u00e1mmisztika (numerol\u00f3gia) \u00e9s a spiritu\u00e1lis ir\u00e1nyzatok \u00e9rtelmez\u00e9se alapj\u00e1n a gyakran visszat\u00e9r\u0151 t\u00fck\u00f6rsz\u00e1mok, valamint a ford\u00edtott t\u00fck\u00f6r\u00f3r\u00e1k az egy\u00e9ni \u00e9let\u00fat szempontj\u00e1b\u00f3l relev\u00e1ns \u00fczeneteket, ir\u00e1nymutat\u00e1st vagy figyelmeztet\u00e9st k\u00f6zvet\u00edthetnek az Univerzum vagy a spiritu\u00e1lis vezet\u0151 er\u0151k r\u00e9sz\u00e9r\u0151l.<\/p>\n\n\n\n<p class=\"wp-block-paragraph\">A jelens\u00e9g meg\u00e9rt\u00e9s\u00e9hez a spiritu\u00e1lis tanok mellett pszichol\u00f3giai megk\u00f6zel\u00edt\u00e9s is rendelkez\u00e9sre \u00e1ll. Carl Gustav Jung, a neves sv\u00e1jci pszichi\u00e1ter \u00e9s pszichoanalitikus dolgozta ki a szinkronicit\u00e1s elm\u00e9let\u00e9t. Ez a hipotetikus elm\u00e9leti koncepci\u00f3 olyan esem\u00e9nyek egyidej\u0171 fenn\u00e1ll\u00e1s\u00e1t \u00edrja le, amelyek k\u00f6z\u00f6tt nincs k\u00f6zvetlen ok-okozati \u00f6sszef\u00fcgg\u00e9s, az egy\u00e9n sz\u00e1m\u00e1ra m\u00e9gis m\u00e9ly, \u00e9rtelmi kapcsolatot hordoznak.<\/p>\n\n\n\n<p class=\"wp-block-paragraph\">A kognit\u00edv pszichol\u00f3gia szempontj\u00e1b\u00f3l a kijelz\u0151k\u00f6n \u00e9szlelt szimmetria m\u00f6g\u00f6tt olyan j\u00f3l ismert jelens\u00e9gek is \u00e1llhatnak, mint a meger\u0151s\u00edt\u00e9si torz\u00edt\u00e1s (confirmation bias), az apof\u00e9nia \u2013 vagyis a mint\u00e1zatok megl\u00e1t\u00e1s\u00e1nak ig\u00e9nye a v\u00e9letlenszer\u0171 adatokban \u2013, valamint a frekvencia-ill\u00fazi\u00f3 (Baader-Meinhof-jelens\u00e9g). Az emberi elme term\u00e9szet\u00e9n\u00e9l fogva keresi az \u00e9rtelmezhet\u0151 form\u00e1kat, \u00edgy a tudati folyamatok k\u00f6nnyebben r\u00f6gz\u00edtik azokat a pillanatokat, amikor az \u00f3ra kijelz\u0151je egy adott bels\u0151 \u00e1llapotra, gondolatra vagy \u00e9lethelyzetre r\u00edmel\u0151 sz\u00e1msort mutat. A szimmetrikus id\u0151pontok \u00e9szlel\u00e9se \u00edgy a bels\u0151 tudati folyamatok \u00e9s a k\u00fcls\u0151 val\u00f3s\u00e1g tal\u00e1lkoz\u00e1si pontjak\u00e9nt is felfoghat\u00f3, ami t\u00e1mogatja a tudatoss\u00e1g elm\u00e9ly\u00edt\u00e9s\u00e9t.<\/p>\n\n\n\n<h2 class=\"wp-block-heading\">A tiszta t\u00fck\u00f6r\u00f3r\u00e1k<\/h2>\n\n\n\n<p class=\"wp-block-paragraph\">A spiritu\u00e1lis \u00e9s numerol\u00f3giai szakirodalom a megfigyelt id\u0151pontokat k\u00e9t f\u0151 kateg\u00f3ri\u00e1ba sorolja. Az egyik t\u00edpust a tiszta t\u00fck\u00f6r\u00f3r\u00e1k (vagy ikersz\u00e1mok) k\u00e9pezik, ahol az \u00f3ra \u00e9s a perc \u00e9rt\u00e9ke teljesen megegyezik. <\/p>\n\n\n\n<figure class=\"wp-block-image size-large\"><img loading=\"lazy\" decoding=\"async\" width=\"1200\" height=\"800\" src=\"https:\/\/magicon.hu\/wp-content\/uploads\/2026\/09\/magikus-szamok.jpg\" alt=\"M\u00e1gikus sz\u00e1mok\" class=\"wp-image-195\" srcset=\"https:\/\/magicon.hu\/wp-content\/uploads\/2026\/09\/magikus-szamok.jpg 1200w, https:\/\/magicon.hu\/wp-content\/uploads\/2026\/09\/magikus-szamok-300x200.jpg 300w, https:\/\/magicon.hu\/wp-content\/uploads\/2026\/09\/magikus-szamok-1024x683.jpg 1024w, https:\/\/magicon.hu\/wp-content\/uploads\/2026\/09\/magikus-szamok-768x512.jpg 768w\" sizes=\"auto, (max-width: 1200px) 100vw, 1200px\" \/><\/figure>\n\n\n\n<p class=\"wp-block-paragraph\">A szimmetria ezen form\u00e1ja a numerol\u00f3gi\u00e1ban a harm\u00f3nia, az egyens\u00faly \u00e9s a tiszta energetikai strukt\u00far\u00e1k szimb\u00f3luma. Mivel minden egyes sz\u00e1mjegy egyedi rezg\u00e9ssel \u00e9s jelent\u00e9startalommal b\u00edr, az ism\u00e9tl\u0151d\u0151 digit\u00e1lis mint\u00e1zatok elt\u00e9r\u0151 \u00e9letter\u00fcletekre mutathatnak r\u00e1.<\/p>\n\n\n\n<p class=\"wp-block-paragraph\">A leggyakrabban \u00e9szlelt tiszta t\u00fck\u00f6r\u00f3r\u00e1k szimbolikus \u00fczenetei:<\/p>\n\n\n\n<ul class=\"wp-block-list\">\n<li><strong>00:00 \u2013 Spiritu\u00e1lis \u00fajrakezd\u00e9s:<\/strong> A tiszta lap \u00e9s a teljes potenci\u00e1l jelk\u00e9pe. Egy kor\u00e1bbi \u00e9letciklus lez\u00e1rul\u00e1s\u00e1t \u00e9s egy \u00faj szakasz kezdet\u00e9t jelzi, mik\u00f6zben a szem\u00e9lyes p\u00f3tolhatatlans\u00e1g \u00e9s az egyedi \u00e9rt\u00e9kess\u00e9g \u00fczenet\u00e9t is hordozza.<\/li>\n\n\n\n<li><strong>11:11 \u2013 A manifeszt\u00e1ci\u00f3 kapuja:<\/strong> A sz\u00e1mmisztik\u00e1ban az egyik leger\u0151teljesebb szimb\u00f3lumnak sz\u00e1m\u00edt. Arra h\u00edvja fel a figyelmet, hogy a gondolati mint\u00e1k \u00e9s a sz\u00e1nd\u00e9kok rendk\u00edv\u00fcl gyorsan \u00f6ltenek form\u00e1t a val\u00f3s\u00e1gban, ez\u00e9rt a c\u00e9lokra \u00e9s a pozit\u00edv t\u00f6rekv\u00e9sekre val\u00f3 \u00f6sszpontos\u00edt\u00e1s, valamint a f\u00e9lelmek elenged\u00e9se kiemelten fontoss\u00e1 v\u00e1lik.<\/li>\n\n\n\n<li><strong>12:12 \u2013 Egyens\u00faly \u00e9s spiritu\u00e1lis fejl\u0151d\u00e9s:<\/strong> A bels\u0151 stabilit\u00e1s, a hit \u00e9s a szellemi \u00e9r\u00e9s meger\u0151s\u00edt\u00e9se. Arra utal, hogy a bizonytalans\u00e1g id\u0151szakaiban is \u00e9rdemes meg\u0151rizni a nyugalmat \u00e9s b\u00edzni a folyamatok term\u00e9szetes kibontakoz\u00e1s\u00e1ban.<\/li>\n\n\n\n<li><strong>13:13 \u2013 Transzform\u00e1ci\u00f3 \u00e9s meg\u00fajul\u00e1s:<\/strong> A struktur\u00e1lis \u00e1talakul\u00e1sok k\u00f6zeledt\u00e9t jelzi. B\u00e1r a v\u00e1ltoz\u00e1si folyamatok gyakran j\u00e1rnak fesz\u00fclts\u00e9ggel, a bels\u0151 er\u0151 fel\u00e9breszt\u00e9s\u00e9t \u00e9s a fejl\u0151d\u00e9shez sz\u00fcks\u00e9ges spiritu\u00e1lis v\u00e9delmet k\u00e9pviselik.<\/li>\n\n\n\n<li><strong>17:17 \u2013 Szellemi \u00e1tt\u00f6r\u00e9s:<\/strong> Az inspir\u00e1ci\u00f3, az elm\u00e9leti felismer\u00e9sek \u00e9s a megvil\u00e1gosod\u00e1s sz\u00e1msora. Azt mutatja, hogy a kijel\u00f6lt \u00fat megfelel\u0151, ugyanakkor \u00f3v a t\u00falzott elszigetel\u0151d\u00e9st\u0151l \u00e9s a saj\u00e1t gondolatokba val\u00f3 bez\u00e1rk\u00f3z\u00e1st\u00f3l.<\/li>\n\n\n\n<li><strong>20:20 \u2013 Stabilit\u00e1s \u00e9s t\u00fcrelem:<\/strong> A megfontolts\u00e1g \u00e9s a m\u00e9rt\u00e9kletess\u00e9g fontoss\u00e1g\u00e1ra eml\u00e9keztet. Megel\u0151zi a kapkod\u00e1st, \u00e9s arra \u00f6szt\u00f6n\u00f6z, hogy a c\u00e9lok el\u00e9r\u00e9s\u00e9hez sz\u00fcks\u00e9ges id\u0151t \u00e9s egyens\u00falyt biztos\u00edtsa az egy\u00e9n.<\/li>\n\n\n\n<li><strong>22:22 \u2013 T\u00f6k\u00e9letes harm\u00f3nia:<\/strong> A tart\u00f3s b\u00e9ke \u00e9s a bels\u0151 egyens\u00faly cs\u00facspontja. Azt szimboliz\u00e1lja, hogy a kor\u00e1bbi befektetett er\u0151fesz\u00edt\u00e9sek hamarosan meghozz\u00e1k a v\u00e1rt eredm\u00e9nyeket.<\/li>\n<\/ul>\n\n\n\n<h2 class=\"wp-block-heading\">Mit jelent a ford\u00edtott t\u00fck\u00f6r \u00f3ra \u00e9s milyen \u00e9lethelyzetekre utal<\/h2>\n\n\n\n<p class=\"wp-block-paragraph\">A tiszta sz\u00e1msorok mellett a digit\u00e1lis kijelz\u0151k terjed\u00e9s\u00e9vel megjelent a ford\u00edtott t\u00fck\u00f6r \u00f3ra t\u00edpus is. Ebben az esetben a sz\u00e1msor els\u0151 \u00e9s m\u00e1sodik fele egym\u00e1s t\u00fck\u00f6rk\u00e9pek\u00e9nt jelenik meg. M\u00edg a tiszta sz\u00e1msorok f\u0151k\u00e9nt az elvontabb spiritu\u00e1lis fejl\u0151d\u00e9st szimboliz\u00e1lj\u00e1k, a ford\u00edtott t\u00fck\u00f6r \u00f3ra mint\u00e1zatai ink\u00e1bb az emberi kapcsolatokra, a rejtett \u00e9rzelmi dinamik\u00e1kra \u00e9s a konkr\u00e9t d\u00f6nt\u00e9si helyzetekre ir\u00e1ny\u00edtj\u00e1k a figyelmet.<\/p>\n\n\n\n<p class=\"wp-block-paragraph\">Az egyes sz\u00e1msorok saj\u00e1tos figyelmeztet\u0151 vagy meger\u0151s\u00edt\u0151 jelent\u00e9sei:<\/p>\n\n\n\n<ul class=\"wp-block-list\">\n<li><strong>01:10 \u2013 Titkos \u00e9rzelmek \u00e9s kezdem\u00e9nyez\u00e9s:<\/strong> A k\u00f6zvetlen k\u00f6rnyezetben jelen l\u00e9v\u0151, egyel\u0151re kifejezetlen vonzalomra utal. Arra h\u00edvja fel a figyelmet, hogy a helyzet kibontakoz\u00e1s\u00e1hoz akt\u00edv nyitotts\u00e1gra vagy az els\u0151 l\u00e9p\u00e9s megt\u00e9tel\u00e9re lehet sz\u00fcks\u00e9g.<\/li>\n\n\n\n<li><strong>03:30 \u2013 Csendes v\u00e1gyakoz\u00e1s:<\/strong> Olyan rejtett \u00e9rzelmi k\u00f6t\u0151d\u00e9s jelenl\u00e9t\u00e9t jelzi a h\u00e1tt\u00e9rben, amely kifejez\u00e9s\u00e9re a m\u00e1sik f\u00e9l r\u00e9sz\u00e9r\u0151l m\u00e9g nem gy\u0171lt \u00f6ssze elegend\u0151 b\u00e1tors\u00e1g.<\/li>\n\n\n\n<li><strong>04:40 \u2013 Megb\u00e1n\u00e1s \u00e9s a korrekci\u00f3 ig\u00e9nye:<\/strong> Arra a lehet\u0151s\u00e9gre figyelmeztet, hogy egy nemr\u00e9gen tett l\u00e9p\u00e9s vagy kijelent\u00e9s akaratlanul s\u00e9r\u00fcl\u00e9st okozott valakinek. A kapcsolatok rendez\u00e9se \u00e9rdek\u00e9ben a lelkiismeret megnyugtat\u00e1sa \u00e9s a j\u00f3v\u00e1t\u00e9tel v\u00e1lik sz\u00fcks\u00e9gess\u00e9.<\/li>\n\n\n\n<li><strong>05:50 \u2013 Kellemes meglepet\u00e9sek:<\/strong> Egy k\u00f6zeled\u0151, v\u00e1ratlan \u00e9s kedvez\u0151 esem\u00e9ny vagy h\u00edr el\u0151jele, amely pozit\u00edv ir\u00e1nyba mozd\u00edthatja el a mindennapi menetrendet.<\/li>\n\n\n\n<li><strong>10:01 \u2013 Figyelmeztet\u00e9s a kapcsolatokban:<\/strong> \u00d3vatoss\u00e1gra int az \u00e9rzelmi befektet\u00e9sek ter\u00e9n. Jelz\u00e9s\u00e9rt\u00e9k\u0171 lehet arra vonatkoz\u00f3an, hogy a kiszemelt szem\u00e9ly \u00e9rzelmileg m\u00e1r elk\u00f6telezett, \u00edgy a csal\u00f3d\u00e1sok elker\u00fcl\u00e9se \u00e9rdek\u00e9ben \u00e9rdemes re\u00e1lisan felm\u00e9rni a helyzetet.<\/li>\n\n\n\n<li><strong>12:21 \u2013 A bizalom \u00e9s az \u00f3vatoss\u00e1g k\u00e9rd\u00e9se:<\/strong> A k\u00f6rnyezetben jelen l\u00e9v\u0151 lehets\u00e9ges \u0151szintes\u00e9ghi\u00e1nyra vagy h\u00e1t m\u00f6g\u00f6tti kritik\u00e1kra h\u00edvja fel a figyelmet. Arra int, hogy a szem\u00e9lyes inform\u00e1ci\u00f3k megoszt\u00e1sa sor\u00e1n sz\u00fcks\u00e9ges a k\u00f6r\u00fcltekint\u00e9s.<\/li>\n\n\n\n<li><strong>13:31 \u2013 V\u00e1ratlan fordulatok:<\/strong> A hirtelen bek\u00f6vetkez\u0151 v\u00e1ltoz\u00e1sok el\u0151szele a szakmai vagy mag\u00e1n\u00e9leti ter\u00fcleten. B\u00e1r a kezdeti \u00e1talakul\u00e1s k\u00e9nyelmetlens\u00e9ggel j\u00e1rhat, hossz\u00fa t\u00e1von a szem\u00e9lyes fejl\u0151d\u00e9st szolg\u00e1lja.<\/li>\n\n\n\n<li><strong>14:41 \u2013 Vesztes\u00e9g \u00e9s \u00e9rzelmi t\u00e1mogat\u00e1s:<\/strong> Egy kor\u00e1bbi vesztes\u00e9g vagy neh\u00e9z peri\u00f3dus feldolgoz\u00e1s\u00e1t k\u00eds\u00e9r\u0151 szimb\u00f3lum. A t\u00e1mogat\u00e1s \u00e9s a bels\u0151 megnyugv\u00e1s jelenl\u00e9t\u00e9t er\u0151s\u00edti meg a feldolgoz\u00e1s folyamat\u00e1ban.<\/li>\n<\/ul>\n\n\n\n<h2 class=\"wp-block-heading\">Mindig \u00e9szrevessz\u00fck?<\/h2>\n\n\n\n<p class=\"wp-block-paragraph\">A visszat\u00e9r\u0151 sz\u00e1msorok \u00e9szlel\u00e9se lehet\u0151s\u00e9get biztos\u00edt a tudatoss\u00e1g n\u00f6vel\u00e9s\u00e9re \u00e9s a bels\u0151 \u00e1llapotok pontosabb meg\u00e9rt\u00e9s\u00e9re. Amikor a mindennapokban rendszeresen felt\u0171nik egy-egy t\u00fck\u00f6rsz\u00e1m vagy ford\u00edtott t\u00fck\u00f6r\u00f3ra, a puszta r\u00e1csod\u00e1lkoz\u00e1son t\u00fal \u00e9rdemes gyakorlati l\u00e9p\u00e9seket tenni a jelens\u00e9g szem\u00e9lyes feldolgoz\u00e1sa \u00e9rdek\u00e9ben.<\/p>\n\n\n\n<p class=\"wp-block-paragraph\">Az egyik leghat\u00e9konyabb m\u00f3dszer a gondolatok megfigyel\u00e9se \u00e9s a rendszeres napl\u00f3z\u00e1s. A sz\u00e1msor felt\u0171n\u00e9s\u00e9nek pillanat\u00e1ban c\u00e9lszer\u0171 felid\u00e9zni a pontosan abban a m\u00e1sodpercben megl\u00e9v\u0151 gondolatokat, \u00e9rz\u00e9seket vagy dilemm\u00e1kat, mivel a sz\u00e1mok gyakran ezekre adnak k\u00f6zvetett v\u00e1laszokat vagy meger\u0151s\u00edt\u00e9st. A feljegyz\u00e9sek k\u00e9sz\u00edt\u00e9se \u2013 r\u00f6gz\u00edtve a pontos id\u0151pontot, a sz\u00e1msort \u00e9s az aznapi f\u0151bb esem\u00e9nyeket \u2013 id\u0151vel seg\u00edt felismerni a saj\u00e1t, egy\u00e9ni \u00e9letmint\u00e1zatokat. A figyelmeztet\u0151 jelleg\u0171 sz\u00e1msorok nem f\u00e9lelmet hivatottak kelteni, hanem a megfontolts\u00e1gra \u00f6szt\u00f6n\u00f6zve seg\u00edtik a felk\u00e9sz\u00fcl\u00e9st \u00e9s a helyes d\u00f6nt\u00e9sek meghozatal\u00e1t. A szimmetrikus id\u0151pontok \u00edgy a mindennapi rutinban olyan finom jelz\u00e9sekk\u00e9nt m\u0171k\u00f6dhetnek, amelyek visszaterelik a figyelmet a jelen pillanatra \u00e9s az egy\u00e9ni \u00e9let\u00fat t\u00e1mogat\u00e1s\u00e1ra.<\/p>\n","protected":false},"excerpt":{"rendered":"<p>Gyakran el\u0151fordul, hogy az \u00f3r\u00e1ra, a telefon kijelz\u0151j\u00e9re vagy egy h\u00e1ztart\u00e1si g\u00e9pre pillantva szimmetrikus, ism\u00e9tl\u0151d\u0151 sz\u00e1msorok t\u0171nnek fel.\u2026<\/p>\n","protected":false},"author":1,"featured_media":194,"comment_status":"closed","ping_status":"closed","sticky":false,"template":"","format":"standard","meta":{"footnotes":""},"categories":[12],"tags":[20,29,30,31,21,22,23,24,25,26,27,28],"class_list":["post-196","post","type-post","status-publish","format-standard","has-post-thumbnail","hentry","category-utazas-es-szabadido","tag-20","tag-29","tag-30","tag-31","tag-21","tag-22","tag-23","tag-24","tag-25","tag-26","tag-27","tag-28"],"_links":{"self":[{"href":"https:\/\/magicon.hu\/?rest_route=\/wp\/v2\/posts\/196","targetHints":{"allow":["GET"]}}],"collection":[{"href":"https:\/\/magicon.hu\/?rest_route=\/wp\/v2\/posts"}],"about":[{"href":"https:\/\/magicon.hu\/?rest_route=\/wp\/v2\/types\/post"}],"author":[{"embeddable":true,"href":"https:\/\/magicon.hu\/?rest_route=\/wp\/v2\/users\/1"}],"replies":[{"embeddable":true,"href":"https:\/\/magicon.hu\/?rest_route=%2Fwp%2Fv2%2Fcomments&post=196"}],"version-history":[{"count":2,"href":"https:\/\/magicon.hu\/?rest_route=\/wp\/v2\/posts\/196\/revisions"}],"predecessor-version":[{"id":200,"href":"https:\/\/magicon.hu\/?rest_route=\/wp\/v2\/posts\/196\/revisions\/200"}],"wp:featuredmedia":[{"embeddable":true,"href":"https:\/\/magicon.hu\/?rest_route=\/wp\/v2\/media\/194"}],"wp:attachment":[{"href":"https:\/\/magicon.hu\/?rest_route=%2Fwp%2Fv2%2Fmedia&parent=196"}],"wp:term":[{"taxonomy":"category","embeddable":true,"href":"https:\/\/magicon.hu\/?rest_route=%2Fwp%2Fv2%2Fcategories&post=196"},{"taxonomy":"post_tag","embeddable":true,"href":"https:\/\/magicon.hu\/?rest_route=%2Fwp%2Fv2%2Ftags&post=196"}],"curies":[{"name":"wp","href":"https:\/\/api.w.org\/{rel}","templated":true}]}}