{"id":192,"date":"2026-09-01T09:38:08","date_gmt":"2026-09-01T07:38:08","guid":{"rendered":"https:\/\/magicon.hu\/?p=192"},"modified":"2026-09-01T09:38:08","modified_gmt":"2026-09-01T07:38:08","slug":"karacsonyi-filmek","status":"publish","type":"post","link":"https:\/\/magicon.hu\/karacsonyi-filmek\/","title":{"rendered":"A legkedveltebb kar\u00e1csonyi filmek"},"content":{"rendered":"\n<p class=\"wp-block-paragraph\">A filmt\u00f6rt\u00e9net legmeghat\u00e1roz\u00f3bb kar\u00e1csonyi alkot\u00e1sai a fekete-feh\u00e9r aranykor id\u0151tlen klasszikusait\u00f3l kezdve a n\u00e9pszer\u0171 csal\u00e1di v\u00edgj\u00e1t\u00e9kokon \u00e9s romantikus t\u00f6rt\u00e9neteken \u00e1t eg\u00e9szen az anim\u00e1ci\u00f3s remekm\u0171vekig \u00e9s a rendhagy\u00f3 akci\u00f3filmekig seg\u00edtenek megid\u00e9zni az \u00fcnnep igazi hangulat\u00e1t.<\/p>\n\n\n\n<h2 class=\"wp-block-heading\">A \u00fcnnepi \u00e9lm\u00e9ny egyik alapk\u00f6ve<\/h2>\n\n\n\n<p class=\"wp-block-paragraph\">A hideg t\u00e9li napokon \u00e9s a korai s\u00f6t\u00e9ted\u00e9sben az otthon melege szinte vonzza az embert a pihentet\u0151 bekuck\u00f3z\u00e1sra. A kar\u00e1csonyi filmn\u00e9z\u00e9s m\u00e1ra az \u00fcnnepi k\u00e9sz\u00fcl\u0151d\u00e9s \u00e9s a csal\u00e1di trad\u00edci\u00f3k elmaradhatatlan r\u00e9sz\u00e9v\u00e9 v\u00e1lt. Ezek az alkot\u00e1sok nemcsak kikapcsolnak, hanem k\u00f6zelebb hozz\u00e1k a kar\u00e1csony val\u00f3di \u00fczenet\u00e9t: a szeretetet, az \u00f6sszetartoz\u00e1st \u00e9s a csal\u00e1d fontoss\u00e1g\u00e1t.<\/p>\n\n\n\n<p class=\"wp-block-paragraph\">Pszichol\u00f3giai szempontb\u00f3l a decemberi id\u0151szakban \u00e1t\u00e9lt lelassul\u00e1s kulcsfontoss\u00e1g\u00fa az \u00e9v k\u00f6zben felhalmoz\u00f3dott ment\u00e1lis f\u00e1radts\u00e1g kipihen\u00e9s\u00e9ben. A k\u00f6z\u00f6s mozi\u00e9lm\u00e9ny egyfajta \u00e9rzelmi v\u00e9d\u0151h\u00e1l\u00f3t \u00e9s biztons\u00e1got ny\u00fajt a r\u00e9sztvev\u0151k sz\u00e1m\u00e1ra, hiszen a megszokott, j\u00f3l ismert t\u00f6rt\u00e9netek \u00fajra\u00e9lhet\u0151s\u00e9get \u00e9s stabilit\u00e1st sug\u00e1roznak. A k\u00e9perny\u0151 el\u0151tt elt\u00f6lt\u00f6tt id\u0151 alatt a csal\u00e1di k\u00f6z\u00f6ss\u00e9g tagjai egym\u00e1sra figyelhetnek, az \u00fcnnepi narrat\u00edv\u00e1k pedig p\u00e1rbesz\u00e9det ind\u00edthatnak el olyan alapvet\u0151 k\u00e9rd\u00e9sekr\u0151l, mint a megbocs\u00e1t\u00e1s, az odafigyel\u00e9s \u00e9s a lelki egyens\u00faly meg\u0151rz\u00e9se. A filmek \u00e1ltal k\u00f6zvet\u00edtett szimbolika \u00edgy szervesen be\u00e9p\u00fcl az \u00fcnnepi k\u00e9sz\u00fcl\u0151d\u00e9s ritu\u00e1l\u00e9j\u00e1ba.<\/p>\n\n\n\n<p class=\"wp-block-paragraph\">A t\u00f6k\u00e9letes \u00fcnnepi moziz\u00e1shoz \u00e9rdemes megadni a m\u00f3dj\u00e1t a k\u00e9sz\u00fcl\u0151d\u00e9snek. A hangulat megteremt\u00e9s\u00e9hez el\u00e9g lekapcsolni a f\u0151vil\u00e1g\u00edt\u00e1st, gyerty\u00e1t gy\u00fajtani vagy bekapcsolni a kar\u00e1csonyfa f\u00e9nyeit, \u00e9s el\u0151k\u00e9sz\u00edteni a kedvenc nassolnival\u00f3kat \u2013 a forr\u00f3 csoki, a pillecukor, a meleg tea, a m\u00e9zeskal\u00e1cs \u00e9s a friss popcorn szinte k\u00f6telez\u0151 kell\u00e9kek. Ha csal\u00e1di filmez\u00e9st tervez\u00fcnk, c\u00e9lszer\u0171 el\u0151re kiv\u00e1lasztani a filmet, hogy elker\u00fclj\u00fck a hosszas b\u00f6ng\u00e9sz\u00e9st a streaming szolg\u00e1ltat\u00f3k (p\u00e9ld\u00e1ul a Netflix, a HBO Max vagy a Disney+) b\u0151s\u00e9ges k\u00edn\u00e1lat\u00e1ban. B\u00e1rmelyik m\u0171faj mellett d\u00f6nt\u00fcnk is, a kar\u00e1csonyi filmek legnagyobb ereje abban rejlik, hogy kiszak\u00edtanak a h\u00e9tk\u00f6znapi rohan\u00e1sb\u00f3l, \u00e9s lehet\u0151s\u00e9get adnak a lelassul\u00e1sra, valamint a min\u0151s\u00e9gi id\u0151t\u00f6lt\u00e9sre a szeretteinkkel.<\/p>\n\n\n\n<h2 class=\"wp-block-heading\">Klasszikus kar\u00e1csonyi alkot\u00e1sok<\/h2>\n\n\n\n<p class=\"wp-block-paragraph\">A kar\u00e1csonyi filmek t\u00f6rt\u00e9nete messze t\u00falmutat a modern kor sikerein. Ha igaz\u00e1n m\u00e9ly, sz\u00edvhez sz\u00f3l\u00f3 \u00e9s nosztalgikus \u00e9lm\u00e9nyre v\u00e1gyunk, \u00e9rdemes visszany\u00falni a gy\u00f6kerekhez, Hollywood aranykor\u00e1nak felejthetetlen alkot\u00e1saihoz. A klasszikus korszak filmjei nem puszt\u00e1n t\u00f6rt\u00e9neteket mes\u00e9lnek el, hanem olyan id\u0151t\u00e1ll\u00f3 erk\u00f6lcsi ir\u00e1nyt\u0171t k\u00edn\u00e1lnak, amely a modern, felgyorsult vil\u00e1gban is \u00e9rv\u00e9nyes marad.<\/p>\n\n\n\n<p class=\"wp-block-paragraph\">Ezen alkot\u00e1sok k\u00f6z\u00fcl kiemelkedik Frank Capra 1946-ban bemutatott rendez\u00e9se, <em>Az \u00e9let csodasz\u00e9p<\/em> (<em>It&#8217;s a Wonderful Life<\/em>). Sokak szerint ez minden id\u0151k legszebb \u00e9s legink\u00e1bb inspir\u00e1l\u00f3 kar\u00e1csonyi filmje. A t\u00f6rt\u00e9net egy elkeseredett f\u00e9rfi, George Bailey (James Stewart) \u00e9let\u00e9t k\u00f6veti nyomon, akit szenteste egy sz\u00e1rnyait keres\u0151 v\u00e9d\u0151angyal ment meg a teljes k\u00e9ts\u00e9gbees\u00e9st\u0151l.<\/p>\n\n\n\n<figure class=\"wp-block-embed is-type-video is-provider-youtube wp-block-embed-youtube wp-embed-aspect-4-3 wp-has-aspect-ratio\"><div class=\"wp-block-embed__wrapper\">\n<iframe loading=\"lazy\" title=\"It&amp;apos;s a Wonderful Life Az \u00e9let csodasz\u00e9p\" width=\"500\" height=\"375\" src=\"https:\/\/www.youtube.com\/embed\/8CPxk-GpU0g?feature=oembed\" frameborder=\"0\" allow=\"accelerometer; autoplay; clipboard-write; encrypted-media; gyroscope; picture-in-picture; web-share\" referrerpolicy=\"strict-origin-when-cross-origin\" allowfullscreen><\/iframe>\n<\/div><\/figure>\n\n\n\n<p class=\"wp-block-paragraph\"> Az angyal megmutatja neki, milyen lenne a vil\u00e1g \u00e9s a sz\u00fcl\u0151v\u00e1rosa, ha \u0151 meg sem sz\u00fcletett volna. A film csod\u00e1latos eml\u00e9keztet\u0151 arra, hogy minden egyes emberi \u00e9letnek p\u00f3tolhatatlan \u00e9rt\u00e9ke van, \u00e9s a legnagyobb gazdags\u00e1g nem a materi\u00e1lis javakban, hanem a szeretetben, a j\u00f3indulatban \u00e9s a k\u00f6z\u00f6ss\u00e9gi \u00f6sszefog\u00e1sban rejlik. A r\u00e9gi klasszikusok l\u00e9lekemel\u0151 ereje \u00e9s nosztalgikus atmoszf\u00e9r\u00e1ja seg\u00edt visszatal\u00e1lni az \u00fcnnep tiszta, emberk\u00f6zpont\u00fa l\u00e9nyeg\u00e9hez.<\/p>\n\n\n\n<h2 class=\"wp-block-heading\">Kihagyhatatlan csal\u00e1di filmek kar\u00e1csonyra<\/h2>\n\n\n\n<p class=\"wp-block-paragraph\">A sz\u00f3rakoztat\u00f3, k\u00f6nnyed hangv\u00e9tel\u0171 csal\u00e1di filmek kar\u00e1csonyra a t\u00e9li id\u0151szak legn\u00e9pszer\u0171bb m\u0171faj\u00e1t k\u00e9pviselik, hiszen k\u00e9pesek a legfiatalabb n\u00e9z\u0151kt\u0151l a nagysz\u00fcl\u0151kig minden gener\u00e1ci\u00f3t megsz\u00f3l\u00edtani. A k\u00f6z\u00f6s nevet\u00e9s \u00e9s a humor egyetemes nyelve \u00f6sszek\u00f6ti a csal\u00e1dtagokat, mik\u00f6zben az alak\u00edt\u00e1sok m\u00f6g\u00f6tt megh\u00faz\u00f3d\u00f3 \u00e9rt\u00e9kek a k\u00f6z\u00f6ss\u00e9gi \u00f6sszetartoz\u00e1st er\u0151s\u00edtik. A telev\u00edzi\u00f3s csatorn\u00e1k \u00e9s a streaming szolg\u00e1ltat\u00f3k k\u00edn\u00e1lat\u00e1b\u00f3l elengedhetetlen n\u00e9pszer\u0171 darabok rendre az \u00f6nzetlens\u00e9g \u00e9s a csal\u00e1di f\u00e9szek meleg\u00e9nek jelent\u0151s\u00e9g\u00e9re mutatnak r\u00e1.<\/p>\n\n\n\n<ul class=\"wp-block-list\">\n<li><strong>Csoda a 34. utc\u00e1ban (<em>Miracle on 34th Street<\/em>, 1947 \/ 1994):<\/strong> Egy sz\u00edvmelenget\u0151 t\u00f6rt\u00e9net a hitr\u0151l \u00e9s a kar\u00e1csony var\u00e1zs\u00e1r\u00f3l. A cselekm\u00e9ny k\u00f6z\u00e9ppontj\u00e1ban egy \u00e1ruh\u00e1zi Mikul\u00e1s \u00e1ll, aki azt \u00e1ll\u00edtja mag\u00e1r\u00f3l, hogy \u0151 az igazi Kris Kringle. A t\u00f6rt\u00e9net r\u00e1vil\u00e1g\u00edt arra, hogy a kar\u00e1csonyi csoda nem a bolti v\u00e1s\u00e1rl\u00e1sokban \u00e9s a fogyaszt\u00e1si javakban, hanem a gyermeki hitben, az emp\u00e1ti\u00e1ban \u00e9s az emberi j\u00f3indulatban gy\u00f6kerezik.<\/li>\n<\/ul>\n\n\n\n<figure class=\"wp-block-embed is-type-video is-provider-youtube wp-block-embed-youtube wp-embed-aspect-16-9 wp-has-aspect-ratio\"><div class=\"wp-block-embed__wrapper\">\n<iframe loading=\"lazy\" title=\"Miracle on 34th Street (1947\/1994): side-by-side comparison\" width=\"500\" height=\"281\" src=\"https:\/\/www.youtube.com\/embed\/mW2FDHedNMM?feature=oembed\" frameborder=\"0\" allow=\"accelerometer; autoplay; clipboard-write; encrypted-media; gyroscope; picture-in-picture; web-share\" referrerpolicy=\"strict-origin-when-cross-origin\" allowfullscreen><\/iframe>\n<\/div><\/figure>\n\n\n\n<ul class=\"wp-block-list\">\n<li><strong>Reszkessetek, bet\u00f6r\u0151k! 1\u20132. (<em>Home Alone<\/em>, 1990, 1992):<\/strong> Ahogy a n\u00e9pszer\u0171 mond\u00e1s tartja: <em>&#8222;Nincs kar\u00e1csony Kevin n\u00e9lk\u00fcl!&#8221;<\/em> Chris Columbus rendez\u0151 \u00e9s John Hughes forgat\u00f3k\u00f6nyv\u00edr\u00f3 zseni\u00e1lis alkot\u00e1sa a mai napig a legn\u00e9pszer\u0171bb \u00fcnnepi film vil\u00e1gszerte. A csal\u00e1dja \u00e1ltal otthon felejtett, majd New Yorkban elt\u00e9vedt Kevin McCallister (Macaulay Culkin) \u00e9s a k\u00e9t k\u00e9tbalkezes bet\u00f6r\u0151 (Joe Pesci \u00e9s Daniel Stern) macska-eg\u00e9r j\u00e1t\u00e9ka megunhatatlan humorforr\u00e1s. A kacag\u00e1s m\u00f6g\u00f6tt azonban m\u00e9lyebb \u00fczenet rejlik: a csal\u00e1di hi\u00e1ny\u00e9rzet feldolgoz\u00e1sa, a megbocs\u00e1t\u00e1s \u00e9s az otthon biztons\u00e1g\u00e1nak felbecs\u00fclhetetlen \u00e9rt\u00e9ke.<\/li>\n<\/ul>\n\n\n\n<figure class=\"wp-block-embed is-type-video is-provider-youtube wp-block-embed-youtube wp-embed-aspect-16-9 wp-has-aspect-ratio\"><div class=\"wp-block-embed__wrapper\">\n<iframe loading=\"lazy\" title=\"All Home Alone Traps and Injuries (1-6)\" width=\"500\" height=\"281\" src=\"https:\/\/www.youtube.com\/embed\/DYZWDa7PBRM?feature=oembed\" frameborder=\"0\" allow=\"accelerometer; autoplay; clipboard-write; encrypted-media; gyroscope; picture-in-picture; web-share\" referrerpolicy=\"strict-origin-when-cross-origin\" allowfullscreen><\/iframe>\n<\/div><\/figure>\n\n\n\n<ul class=\"wp-block-list\">\n<li><strong>Kar\u00e1csonyi vak\u00e1ci\u00f3 (<em>National Lampoon&#8217;s Christmas Vacation<\/em>, 1989):<\/strong> A Griswold csal\u00e1d katasztrof\u00e1lisan vicces kar\u00e1csonyi k\u00e9sz\u00fcl\u0151d\u00e9s\u00e9t bemutat\u00f3 v\u00edgj\u00e1t\u00e9k Chevy Chase f\u0151szerepl\u00e9s\u00e9vel a m\u0171faj egyik vitathatatlan cs\u00facsa. A t\u00falzott elv\u00e1r\u00e1sok, a felhalmoz\u00f3d\u00f3 stressz \u00e9s a kaotikus csal\u00e1di dinamik\u00e1k felold\u00e1s\u00e1t a kom\u00e9dia eszk\u00f6z\u00e9vel \u00e9ri el.<\/li>\n<\/ul>\n\n\n\n<figure class=\"wp-block-embed is-type-video is-provider-youtube wp-block-embed-youtube wp-embed-aspect-16-9 wp-has-aspect-ratio\"><div class=\"wp-block-embed__wrapper\">\n<iframe loading=\"lazy\" title=\"National Lampoon&amp;apos;s Christmas Vacation (1989) Trailer #1 | Movieclips Classic Trailers\" width=\"500\" height=\"281\" src=\"https:\/\/www.youtube.com\/embed\/RmEZ72Z5WpA?feature=oembed\" frameborder=\"0\" allow=\"accelerometer; autoplay; clipboard-write; encrypted-media; gyroscope; picture-in-picture; web-share\" referrerpolicy=\"strict-origin-when-cross-origin\" allowfullscreen><\/iframe>\n<\/div><\/figure>\n\n\n\n<ul class=\"wp-block-list\">\n<li><strong>A Grincs (<em>How the Grinch Stole Christmas<\/em>, 2000):<\/strong> Jim Carrey felejthetetlen alak\u00edt\u00e1sa a z\u00f6ld, kar\u00e1csonygy\u0171l\u00f6l\u0151 l\u00e9ny szerep\u00e9ben m\u00e1ra popkultur\u00e1lis ikonn\u00e1 v\u00e1lt. Dr. Seuss klasszikus mes\u00e9je l\u00e1tv\u00e1nyos k\u00f6nt\u00f6sben tan\u00edtja meg a n\u00e9z\u0151knek, hogy a kar\u00e1csony nem a csomagol\u00f3pap\u00edrokr\u00f3l \u00e9s az aj\u00e1nd\u00e9kokr\u00f3l sz\u00f3l, hanem a sz\u00edvb\u00e9li nyitotts\u00e1gr\u00f3l.<\/li>\n<\/ul>\n\n\n\n<figure class=\"wp-block-embed is-type-video is-provider-youtube wp-block-embed-youtube wp-embed-aspect-16-9 wp-has-aspect-ratio\"><div class=\"wp-block-embed__wrapper\">\n<iframe loading=\"lazy\" title=\"How the Grinch Stole Christmas | The Grinch Steals Christmas\" width=\"500\" height=\"281\" src=\"https:\/\/www.youtube.com\/embed\/pbFma8Bd-AI?feature=oembed\" frameborder=\"0\" allow=\"accelerometer; autoplay; clipboard-write; encrypted-media; gyroscope; picture-in-picture; web-share\" referrerpolicy=\"strict-origin-when-cross-origin\" allowfullscreen><\/iframe>\n<\/div><\/figure>\n\n\n\n<h2 class=\"wp-block-heading\">Romantika \u00e9s \u00e9rzelmes pillanatok<\/h2>\n\n\n\n<p class=\"wp-block-paragraph\">Az \u00fcnnepi id\u0151szak \u00e9s a romantikus t\u00f6rt\u00e9netek term\u00e9szetes m\u00f3don fon\u00f3dnak \u00f6ssze, hiszen a t\u00e9l k\u00f6zeledte, a decemberi f\u00e9nyek \u00e9s az \u00e9v v\u00e9gi le\u00e1ll\u00e1s kedvez az \u00e9rzelmi elm\u00e9ly\u00fcl\u00e9snek. A kar\u00e1csonyi romantikus filmek nem csup\u00e1n az ide\u00e1lis p\u00e1rkapcsolatokr\u00f3l sz\u00f3lnak, hanem az emberi kapcsolatok soksz\u00edn\u0171s\u00e9g\u00e9t, az elt\u00e1volod\u00e1st, a megbocs\u00e1t\u00e1st \u00e9s az \u00fajrakezd\u00e9s lehet\u0151s\u00e9g\u00e9t helyezik a k\u00f6z\u00e9ppontba.<\/p>\n\n\n\n<p class=\"wp-block-paragraph\">Az egyik legmeghat\u00e1roz\u00f3bb m\u0171faji alapvet\u00e9s az <em>Igaz\u00e1b\u00f3l szerelem<\/em> (<em>Love Actually<\/em>, 2003), amely olyan elismert sz\u00edn\u00e9szek felvonultat\u00e1s\u00e1val, mint Hugh Grant, Emma Thompson, Colin Firth \u00e9s Keira Knightley, kilenc p\u00e1rhuzamosan fut\u00f3 t\u00f6rt\u00e9neten kereszt\u00fcl mutatja be a szeretet ezer arc\u00e1t a londoni \u00fcnnepi forgatagban.<\/p>\n\n\n\n<figure class=\"wp-block-embed is-type-video is-provider-youtube wp-block-embed-youtube wp-embed-aspect-16-9 wp-has-aspect-ratio\"><div class=\"wp-block-embed__wrapper\">\n<iframe loading=\"lazy\" title=\"Igaz\u00e1b\u00f3l szerelem | magyar szinkronos el\u0151zetes\" width=\"500\" height=\"281\" src=\"https:\/\/www.youtube.com\/embed\/fL1VikDgYgs?feature=oembed\" frameborder=\"0\" allow=\"accelerometer; autoplay; clipboard-write; encrypted-media; gyroscope; picture-in-picture; web-share\" referrerpolicy=\"strict-origin-when-cross-origin\" allowfullscreen><\/iframe>\n<\/div><\/figure>\n\n\n\n<p class=\"wp-block-paragraph\"> A film egy\u00e9rtelm\u0171v\u00e9 teszi, hogy az \u00e9rzelmi k\u00f6tel\u00e9kek a legv\u00e1ratlanabb helyzetekben is jelen vannak. Ugyancsak az \u00fcnnepi meg\u00fajul\u00e1st \u00e9s a bels\u0151 gy\u00f3gyul\u00e1st helyezi k\u00f6z\u00e9ppontba a <em>Holiday<\/em> (2006), amelyben Cameron Diaz \u00e9s Kate Winslet karakterei otthont cser\u00e9lnek az \u00fcnnepekre. Egy havas angol kunyh\u00f3 \u00e9s egy luxus kaliforniai villa k\u00f6rnyezetv\u00e1ltoz\u00e1sa mutatja meg, hogy a saj\u00e1t korl\u00e1taink \u00e1tl\u00e9p\u00e9se utat nyit a boldogs\u00e1gnak. <\/p>\n\n\n\n<figure class=\"wp-block-embed is-type-video is-provider-youtube wp-block-embed-youtube wp-embed-aspect-16-9 wp-has-aspect-ratio\"><div class=\"wp-block-embed__wrapper\">\n<iframe loading=\"lazy\" title=\"M\u00falt kar\u00e1csony - magyar nyelv\u0171 el\u0151zetes\" width=\"500\" height=\"281\" src=\"https:\/\/www.youtube.com\/embed\/LxoyVzn0OZE?feature=oembed\" frameborder=\"0\" allow=\"accelerometer; autoplay; clipboard-write; encrypted-media; gyroscope; picture-in-picture; web-share\" referrerpolicy=\"strict-origin-when-cross-origin\" allowfullscreen><\/iframe>\n<\/div><\/figure>\n\n\n\n<p class=\"wp-block-paragraph\">A modern vonalat k\u00e9pviseli a <em>M\u00falt kar\u00e1csony<\/em> (<em>Last Christmas<\/em>, 2019) Emilia Clarke \u00e9s Henry Golding f\u0151szerepl\u00e9s\u00e9vel, amely George Michael \u00e9s a Wham! zen\u00e9j\u00e9re \u00e9p\u00fclve k\u00edn\u00e1l sz\u00edvbemarkol\u00f3, az \u00e9let \u00e9rt\u00e9keit \u00fajragondol\u00f3 t\u00f6rt\u00e9netet.<\/p>\n\n\n\n<h2 class=\"wp-block-heading\">Var\u00e1zslatos anim\u00e1ci\u00f3s \u00e9s stop-motion mes\u00e9k<\/h2>\n\n\n\n<p class=\"wp-block-paragraph\">Az anim\u00e1ci\u00f3s \u00e9s stop-motion technik\u00e1val k\u00e9sz\u00fclt kar\u00e1csonyi alkot\u00e1sok kiemelt helyet foglalnak el az \u00fcnnepi kult\u00far\u00e1ban. A vizu\u00e1lis t\u00f6rt\u00e9netmes\u00e9l\u00e9s gazdag eszk\u00f6zt\u00e1ra lehet\u0151v\u00e9 teszi, hogy a mes\u00e9k a legkisebbek sz\u00e1m\u00e1ra is \u00e9rthet\u0151 \u00e9s \u00e1t\u00e9lhet\u0151 m\u00f3don k\u00f6zvet\u00edtsenek m\u00e9ly t\u00e1rsadalmi \u00e9s pszichol\u00f3giai \u00fczeneteket, mik\u00f6zben a feln\u0151tt n\u00e9z\u0151k\u00f6z\u00f6ns\u00e9g sz\u00e1m\u00e1ra is komplex eszt\u00e9tikai \u00e9s \u00e9rzelmi \u00e9lm\u00e9nyt ny\u00fajtanak.<\/p>\n\n\n\n<figure class=\"wp-block-embed is-type-video is-provider-youtube wp-block-embed-youtube wp-embed-aspect-16-9 wp-has-aspect-ratio\"><div class=\"wp-block-embed__wrapper\">\n<iframe loading=\"lazy\" title=\"The Polar Express (2004) Official Trailer - Tom Hanks, Robert Zemeckis Movie HD\" width=\"500\" height=\"281\" src=\"https:\/\/www.youtube.com\/embed\/TQhRqtt-Fpo?feature=oembed\" frameborder=\"0\" allow=\"accelerometer; autoplay; clipboard-write; encrypted-media; gyroscope; picture-in-picture; web-share\" referrerpolicy=\"strict-origin-when-cross-origin\" allowfullscreen><\/iframe>\n<\/div><\/figure>\n\n\n\n<p class=\"wp-block-paragraph\">Robert Zemeckis rendez\u00e9se, a <em>Polar Expressz<\/em> (<em>The Polar Express<\/em>, 2004) egy olyan kisfi\u00fa bels\u0151 utaz\u00e1s\u00e1t mutatja be, aki kezdi elvesz\u00edteni a hit\u00e9t a csod\u00e1kban, \u00e1m az \u00c9szaki-sarkra tart\u00f3 titokzatos vonaton \u00e1t\u00e9lt \u00e9lm\u00e9nyek sor\u00e1n meg\u00e9rti a bizalom, a bar\u00e1ts\u00e1g \u00e9s a k\u00f6z\u00f6ss\u00e9gi \u00e9lm\u00e9nyek megtart\u00f3 erej\u00e9t. Tim Burton \u00f6tlete alapj\u00e1n k\u00e9sz\u00fclt, Henry Selick \u00e1ltal rendezett egyed\u00fcl\u00e1ll\u00f3 hangulat\u00fa stop-motion mese, a <em>Kar\u00e1csonyi lid\u00e9rcnyom\u00e1s<\/em> (<em>The Nightmare Before Christmas<\/em>, 1993) a s\u00f6t\u00e9tebb t\u00f3nusok \u00e9s a sz\u00edvmelenget\u0151 elemek \u00f6tv\u00f6z\u00e9s\u00e9vel mutatja be Rosszcsont Jack t\u00e9velyg\u00e9seit, r\u00e1vil\u00e1g\u00edtva a saj\u00e1t identit\u00e1s elfogad\u00e1s\u00e1nak fontoss\u00e1g\u00e1ra. <\/p>\n\n\n\n<figure class=\"wp-block-embed is-type-video is-provider-youtube wp-block-embed-youtube wp-embed-aspect-16-9 wp-has-aspect-ratio\"><div class=\"wp-block-embed__wrapper\">\n<iframe loading=\"lazy\" title=\"The Nightmare Before Christmas (1993) Official Trailer #1 - Animated Movie\" width=\"500\" height=\"281\" src=\"https:\/\/www.youtube.com\/embed\/wr6N_hZyBCk?feature=oembed\" frameborder=\"0\" allow=\"accelerometer; autoplay; clipboard-write; encrypted-media; gyroscope; picture-in-picture; web-share\" referrerpolicy=\"strict-origin-when-cross-origin\" allowfullscreen><\/iframe>\n<\/div><\/figure>\n\n\n\n<p class=\"wp-block-paragraph\">A modern anim\u00e1ci\u00f3 egyik legkiemelked\u0151bb darabja a <em>Klaus<\/em> (2019), amely egy \u00f6nz\u0151 post\u00e1s \u00e9s egy mag\u00e1nyos j\u00e1t\u00e9kk\u00e9sz\u00edt\u0151 szokatlan bar\u00e1ts\u00e1g\u00e1n kereszt\u00fcl mes\u00e9li el a Mikul\u00e1s-legenda eredet\u00e9t. Ez a meghat\u00f3 t\u00f6rt\u00e9net arra tan\u00edtja a gyerekeket, hogy a n\u00e9vtelen j\u00f3s\u00e1g \u00e9s a kedvess\u00e9g legkisebb gesztusa is k\u00e9pes feloldani az \u00e9vsz\u00e1zados visz\u00e1lyokat.<\/p>\n\n\n\n<figure class=\"wp-block-embed is-type-video is-provider-youtube wp-block-embed-youtube wp-embed-aspect-16-9 wp-has-aspect-ratio\"><div class=\"wp-block-embed__wrapper\">\n<iframe loading=\"lazy\" title=\"Klaus | Official Trailer | Netflix\" width=\"500\" height=\"281\" src=\"https:\/\/www.youtube.com\/embed\/taE3PwurhYM?feature=oembed\" frameborder=\"0\" allow=\"accelerometer; autoplay; clipboard-write; encrypted-media; gyroscope; picture-in-picture; web-share\" referrerpolicy=\"strict-origin-when-cross-origin\" allowfullscreen><\/iframe>\n<\/div><\/figure>\n\n\n\n<h2 class=\"wp-block-heading\">\u00c9s a kihagyhatatlan akci\u00f3&#8230;<\/h2>\n\n\n\n<p class=\"wp-block-paragraph\">Nem minden n\u00e9z\u0151 v\u00e1gyik a megszokott, kifejezetten \u00e9rzelmes vagy mes\u00e9s \u00fcnnepi hangulatra szenteste. A m\u0171faji soksz\u00edn\u0171s\u00e9gnek k\u00f6sz\u00f6nhet\u0151en l\u00e9teznek olyan alternat\u00edv alkot\u00e1sok is, amelyek p\u00f6rg\u0151s cselekm\u00e9nnyel, fesz\u00fclts\u00e9ggel \u00e9s akci\u00f3val teszik eml\u00e9kezetess\u00e9 a kar\u00e1csonyi kikapcsol\u00f3d\u00e1st, m\u00e9gis elv\u00e1laszthatatlanul k\u00f6t\u0151dnek a decemberi id\u0151szakhoz.<\/p>\n\n\n\n<figure class=\"wp-block-embed is-type-video is-provider-youtube wp-block-embed-youtube wp-embed-aspect-16-9 wp-has-aspect-ratio\"><div class=\"wp-block-embed__wrapper\">\n<iframe loading=\"lazy\" title=\"Die Hard (1988) Trailer #1 | Movieclips Classic Trailers\" width=\"500\" height=\"281\" src=\"https:\/\/www.youtube.com\/embed\/jaJuwKCmJbY?feature=oembed\" frameborder=\"0\" allow=\"accelerometer; autoplay; clipboard-write; encrypted-media; gyroscope; picture-in-picture; web-share\" referrerpolicy=\"strict-origin-when-cross-origin\" allowfullscreen><\/iframe>\n<\/div><\/figure>\n\n\n\n<p class=\"wp-block-paragraph\">Ennek a kateg\u00f3ri\u00e1nak a legn\u00e9pszer\u0171bb \u00e9s legt\u00f6bbet vitatott k\u00e9pvisel\u0151je a <em>Die Hard \u2013 Dr\u00e1g\u00e1n add az \u00e9leted!<\/em> (1988). B\u00e1r els\u0151sorban klasszikus akci\u00f3filmr\u0151l van sz\u00f3, a cselekm\u00e9ny szenteste j\u00e1tsz\u00f3dik egy felh\u0151karcol\u00f3 kar\u00e1csonyi partij\u00e1n, a h\u00e1tt\u00e9rben pedig mindv\u00e9gig \u00fcnnepi dallamok csend\u00fclnek fel. John McClane (Bruce Willis) elsz\u00e1nt k\u00fczdelme a terrorist\u00e1kkal sokak sz\u00e1m\u00e1ra ugyanolyan k\u00f6telez\u0151 decemberi programm\u00e1 v\u00e1lt, mint a feny\u0151fa fel\u00e1ll\u00edt\u00e1sa. Az izgalmas \u00e9s p\u00f6rg\u0151s jelenetek m\u00f6g\u00f6tt ebben az esetben is felfedezhet\u0151 a t\u00f6rt\u00e9net m\u00e9lyebb \u00fczenete: az otthon v\u00e9delme, a csal\u00e1d egys\u00e9g\u00e9nek meg\u0151rz\u00e9se \u00e9s a szerettek ir\u00e1nti felel\u0151ss\u00e9gv\u00e1llal\u00e1s, amely minden \u00fcnnepi t\u00f6rt\u00e9net legfontosabb k\u00f6z\u00f6s alapk\u00f6ve.<\/p>\n","protected":false},"excerpt":{"rendered":"<p>A filmt\u00f6rt\u00e9net legmeghat\u00e1roz\u00f3bb kar\u00e1csonyi alkot\u00e1sai a fekete-feh\u00e9r aranykor id\u0151tlen klasszikusait\u00f3l kezdve a n\u00e9pszer\u0171 csal\u00e1di v\u00edgj\u00e1t\u00e9kokon \u00e9s romantikus t\u00f6rt\u00e9neteken\u2026<\/p>\n","protected":false},"author":1,"featured_media":191,"comment_status":"closed","ping_status":"closed","sticky":false,"template":"","format":"standard","meta":{"footnotes":""},"categories":[12],"tags":[20,29,30,31,21,22,23,24,25,26,27,28],"class_list":["post-192","post","type-post","status-publish","format-standard","has-post-thumbnail","hentry","category-utazas-es-szabadido","tag-20","tag-29","tag-30","tag-31","tag-21","tag-22","tag-23","tag-24","tag-25","tag-26","tag-27","tag-28"],"_links":{"self":[{"href":"https:\/\/magicon.hu\/?rest_route=\/wp\/v2\/posts\/192","targetHints":{"allow":["GET"]}}],"collection":[{"href":"https:\/\/magicon.hu\/?rest_route=\/wp\/v2\/posts"}],"about":[{"href":"https:\/\/magicon.hu\/?rest_route=\/wp\/v2\/types\/post"}],"author":[{"embeddable":true,"href":"https:\/\/magicon.hu\/?rest_route=\/wp\/v2\/users\/1"}],"replies":[{"embeddable":true,"href":"https:\/\/magicon.hu\/?rest_route=%2Fwp%2Fv2%2Fcomments&post=192"}],"version-history":[{"count":1,"href":"https:\/\/magicon.hu\/?rest_route=\/wp\/v2\/posts\/192\/revisions"}],"predecessor-version":[{"id":193,"href":"https:\/\/magicon.hu\/?rest_route=\/wp\/v2\/posts\/192\/revisions\/193"}],"wp:featuredmedia":[{"embeddable":true,"href":"https:\/\/magicon.hu\/?rest_route=\/wp\/v2\/media\/191"}],"wp:attachment":[{"href":"https:\/\/magicon.hu\/?rest_route=%2Fwp%2Fv2%2Fmedia&parent=192"}],"wp:term":[{"taxonomy":"category","embeddable":true,"href":"https:\/\/magicon.hu\/?rest_route=%2Fwp%2Fv2%2Fcategories&post=192"},{"taxonomy":"post_tag","embeddable":true,"href":"https:\/\/magicon.hu\/?rest_route=%2Fwp%2Fv2%2Ftags&post=192"}],"curies":[{"name":"wp","href":"https:\/\/api.w.org\/{rel}","templated":true}]}}