{"id":188,"date":"2026-09-01T09:05:15","date_gmt":"2026-09-01T07:05:15","guid":{"rendered":"https:\/\/magicon.hu\/?p=188"},"modified":"2026-09-01T09:05:15","modified_gmt":"2026-09-01T07:05:15","slug":"animacios-mesek","status":"publish","type":"post","link":"https:\/\/magicon.hu\/animacios-mesek\/","title":{"rendered":"Az anim\u00e1ci\u00f3s mes\u00e9k vil\u00e1ga &#8211; mi\u00e9rt im\u00e1djuk?"},"content":{"rendered":"\n<p class=\"wp-block-paragraph\">Az anim\u00e1ci\u00f3s filmek vil\u00e1ga az ut\u00f3bbi \u00e9vtizedekben l\u00e1tv\u00e1nyos \u00e1talakul\u00e1son ment kereszt\u00fcl, \u00e9s m\u00e1ra a kort\u00e1rs kult\u00fara egyik legmeghat\u00e1roz\u00f3bb, legsokoldal\u00fabb sz\u00f3rakoztat\u00e1si form\u00e1j\u00e1v\u00e1 v\u00e1lt. A k\u00e9perny\u0151k \u00e9s moziv\u00e1sznak el\u0151tt zajl\u00f3 vizu\u00e1lis t\u00f6rt\u00e9netmes\u00e9l\u00e9s nem csup\u00e1n a gyerekek figyelm\u00e9t k\u00f6ti le, hanem a feln\u0151ttek sz\u00e1m\u00e1ra is m\u00e9lyen elgondolkodtat\u00f3, pszichol\u00f3giai \u00e9s t\u00e1rsadalmi dimenzi\u00f3kat nyit meg. B\u00e1r sokan m\u00e9g mindig egyszer\u0171 mes\u00e9kk\u00e9nt tekintenek ezekre az alkot\u00e1sokra, az anim\u00e1ci\u00f3 val\u00f3j\u00e1ban olyan hat\u00e1rtalan m\u0171v\u00e9szi szabads\u00e1got k\u00edn\u00e1l, amely k\u00e9pes \u00f6sszek\u00f6tni a gener\u00e1ci\u00f3kat, elm\u00e9ly\u00edteni az emp\u00e1ti\u00e1t \u00e9s el\u0151seg\u00edteni a k\u00f6z\u00f6s csal\u00e1di besz\u00e9lget\u00e9seket.<\/p>\n\n\n\n<h2 class=\"wp-block-heading\">Az anim\u00e1ci\u00f3s mes\u00e9k fejl\u0151d\u00e9se &#8211; m\u0171faj soksz\u00edn\u0171s\u00e9ge<\/h2>\n\n\n\n<p class=\"wp-block-paragraph\">Ami egykor k\u00e9zzel rajzolt, egyszer\u0171 t\u00f6rt\u00e9netmes\u00e9l\u00e9sk\u00e9nt indult, m\u00e1ra a glob\u00e1lis filmipar egyik leginnovat\u00edvabb \u00e9s legj\u00f6vedelmez\u0151bb \u00e1g\u00e1v\u00e1 n\u0151tte ki mag\u00e1t. Az anim\u00e1ci\u00f3s alkot\u00e1sok m\u00e1r r\u00e9g t\u00fall\u00e9ptek azon a skatuly\u00e1n, hogy kiz\u00e1r\u00f3lag a legfiatalabb koroszt\u00e1lynak sz\u00f3lnak. Komplex narrat\u00edv\u00e1jukkal, leny\u0171g\u00f6z\u0151 l\u00e1tv\u00e1nyvil\u00e1gukkal \u00e9s m\u00e9ly \u00e9rzelmi t\u00f6ltet\u00fckkel a feln\u0151tt k\u00f6z\u00f6ns\u00e9get is pontosan ugyan\u00fagy k\u00e9pesek megsz\u00f3l\u00edtani, mint a gyerekeket.<\/p>\n\n\n\n<p class=\"wp-block-paragraph\">Az anim\u00e1ci\u00f3s m\u0171faj legnagyobb el\u0151nye a hat\u00e1rtalan k\u00e9pzeletbeli szabads\u00e1gban rejlik. Mivel nincsenek fizikai vagy \u00e9l\u0151szerepl\u0151s korl\u00e1tok, a karakterek b\u00e1rmikor rep\u00fclhetnek, besz\u00e9l\u0151 \u00e1llatokk\u00e1 v\u00e1lhatnak, vagy teljesen fikt\u00edv, sz\u00fcrre\u00e1lis univerzumokat n\u00e9pes\u00edthetnek be. Ez a vizu\u00e1lis k\u00f6tetlens\u00e9g rendk\u00edv\u00fcli pszichol\u00f3giai eszk\u00f6zz\u00e9 teszi a m\u0171fajt: a rajzolt vil\u00e1gok \u00e9s a szimbolikus figur\u00e1k l\u00e1gy\u00edtj\u00e1k a narrat\u00edv\u00e1t, \u00edgy lehet\u0151v\u00e9 teszik a nehezebb, komolyabb mor\u00e1lis k\u00e9rd\u00e9sek \u2013 mint a vesztes\u00e9g, a gy\u00e1sz, a bar\u00e1ts\u00e1g vagy a t\u00e1rsadalmi elfogad\u00e1s \u2013 \u00e9rthet\u0151 \u00e9s biztons\u00e1gos feldolgoz\u00e1s\u00e1t. Mik\u00f6zben a gyermekek a sz\u00ednes l\u00e1tv\u00e1nyt \u00e9s a p\u00f6rg\u0151s cselekm\u00e9nyt \u00e9lvezik, a feln\u0151ttek az \u00e9let m\u00e9lyebb \u00f6sszef\u00fcgg\u00e9sein gondolkodhatnak el.<\/p>\n\n\n\n<p class=\"wp-block-paragraph\">A k\u00e9pi kifejez\u00e9sm\u00f3d szabads\u00e1ga emellett megk\u00f6nny\u00edti az elvont fogalmak \u00e9s az \u00f6sszetett emberi kapcsolatok modellez\u00e9s\u00e9t is. A mes\u00e9k vil\u00e1g\u00e1ban a bels\u0151 szorong\u00e1sok, a f\u00e9lelmek vagy az identit\u00e1skeres\u00e9s vizu\u00e1lis metafor\u00e1kk\u00e1 form\u00e1l\u00f3dnak, amelyek \u00e1ltal a fiatalabbak \u00e9s az id\u0151sebbek egyar\u00e1nt k\u00f6nnyebben azonosulnak az \u00e9rzelmi folyamatokkal. Legyen sz\u00f3 a mozikban fut\u00f3, milli\u00e1rdos bev\u00e9telt hoz\u00f3 blockbusterekr\u0151l, a streaming platformokon el\u00e9rhet\u0151 kedves csal\u00e1di sorozatokr\u00f3l vagy a m\u0171v\u00e9szi ig\u00e9ny\u0171 f\u00fcggetlen alkot\u00e1sokr\u00f3l, ez a m\u0171faj k\u00e9pes \u00f6sszehozni a csal\u00e1dot a k\u00e9perny\u0151k el\u0151tt, \u00e9s k\u00f6z\u00f6s, felejthetetlen \u00e9lm\u00e9nyt ny\u00fajt kicsiknek \u00e9s nagyoknak egyar\u00e1nt.<\/p>\n\n\n\n<h2 class=\"wp-block-heading\">&#8222;Klasszikus&#8221; rajzfilmek \u00e9s modern folytat\u00e1sok<\/h2>\n\n\n\n<p class=\"wp-block-paragraph\">A n\u00e9zetts\u00e9gi adatok \u00e9s a visszajelz\u00e9sek alapj\u00e1n a j\u00f3l ismert franchise-ok, a sz\u00edvmelenget\u0151 t\u00f6rt\u00e9netek \u00e9s a modern rajzfilmek folytat\u00e1sai tov\u00e1bbra is uralj\u00e1k a mozikat. Ezek a n\u00e9pszer\u0171 alkot\u00e1sok nem csup\u00e1n sz\u00f3rakoztatnak, hanem aktu\u00e1lis t\u00e1rsadalmi kih\u00edv\u00e1sokat \u00e9s pszichol\u00f3giai k\u00e9rd\u00e9seket is feldolgoznak, mik\u00f6zben hidat k\u00e9peznek a gener\u00e1ci\u00f3k k\u00f6z\u00f6tt.<\/p>\n\n\n\n<ul class=\"wp-block-list\">\n<li><strong>Zootropolis:<\/strong> A Disney zseni\u00e1lis vil\u00e1ga \u00e9s a k\u00e9sz\u00fcl\u0151 folytat\u00e1s el\u0151k\u00e9sz\u00fcletei is bizony\u00edtj\u00e1k, hogy Judy Hopps \u00e9s Nick Wilde p\u00e1ros\u00e1ra hatalmas az ig\u00e9ny. A t\u00f6rt\u00e9net nemcsak izgalmas detekt\u00edvsztorit k\u00edn\u00e1l, hanem fontos t\u00e1rsadalmi \u00fczeneteket is k\u00f6zvet\u00edt az el\u0151\u00edt\u00e9letekr\u0151l, a sztereot\u00edpi\u00e1k lek\u00fczd\u00e9s\u00e9r\u0151l \u00e9s az egy\u00fcttm\u0171k\u00f6d\u00e9sr\u0151l.<\/li>\n<\/ul>\n\n\n\n<figure class=\"wp-block-embed is-type-video is-provider-youtube wp-block-embed-youtube wp-embed-aspect-16-9 wp-has-aspect-ratio\"><div class=\"wp-block-embed__wrapper\">\n<iframe loading=\"lazy\" title=\"ZOOTROPOLIS | UK Trailer 1 | Official Disney UK\" width=\"500\" height=\"281\" src=\"https:\/\/www.youtube.com\/embed\/VCDQRy1od30?feature=oembed\" frameborder=\"0\" allow=\"accelerometer; autoplay; clipboard-write; encrypted-media; gyroscope; picture-in-picture; web-share\" referrerpolicy=\"strict-origin-when-cross-origin\" allowfullscreen><\/iframe>\n<\/div><\/figure>\n\n\n\n<ul class=\"wp-block-list\">\n<li><strong>Agyman\u00f3k 2. \u00e9s a Toy Story-sorozat:<\/strong> A j\u00f3l ismert franchise-ok \u00e9s a mozikban rekordokat d\u00f6nt\u0151 folytat\u00e1sok rendk\u00edv\u00fcl aktu\u00e1lis t\u00e9m\u00e1kat boncolgatnak. A k\u00e9sz\u00fcl\u0151 <em>Toy Story 5.<\/em> p\u00e9ld\u00e1ul a hagyom\u00e1nyos j\u00e1t\u00e9kok \u00e9s a modern technol\u00f3gia, az okoseszk\u00f6z\u00f6k t\u00e9rh\u00f3d\u00edt\u00e1s\u00e1nak konfliktus\u00e1t helyezi a k\u00f6z\u00e9ppontba. Woody \u00e9s Buzz kalandjai egyszerre ny\u00fajtanak nosztalgikus \u00e9lm\u00e9nyt a sz\u00fcl\u0151knek \u00e9s tanuls\u00e1gos t\u00f6rt\u00e9netet a mai, digit\u00e1lis vil\u00e1gban feln\u00f6vekv\u0151 gener\u00e1ci\u00f3nak.<\/li>\n<\/ul>\n\n\n\n<figure class=\"wp-block-embed is-type-video is-provider-youtube wp-block-embed-youtube wp-embed-aspect-4-3 wp-has-aspect-ratio\"><div class=\"wp-block-embed__wrapper\">\n<iframe loading=\"lazy\" title=\"Dog and Cat scene from Disney\u2022Pixar&amp;apos;s &amp;apos;Inside Out&amp;apos;\" width=\"500\" height=\"375\" src=\"https:\/\/www.youtube.com\/embed\/8XYYlgI7yNA?feature=oembed\" frameborder=\"0\" allow=\"accelerometer; autoplay; clipboard-write; encrypted-media; gyroscope; picture-in-picture; web-share\" referrerpolicy=\"strict-origin-when-cross-origin\" allowfullscreen><\/iframe>\n<\/div><\/figure>\n\n\n\n<p class=\"wp-block-paragraph\">A nosztalgia \u00e9s az aktu\u00e1lis t\u00e1rsadalmi probl\u00e9m\u00e1k \u00f6tv\u00f6z\u00e9se r\u00e9v\u00e9n ezek a rajzfilmek kiv\u00e1l\u00f3 alkalmat teremtenek a csal\u00e1di p\u00e1rbesz\u00e9dekre, seg\u00edtve a sz\u00fcl\u0151ket \u00e9s a gyerekeket abban, hogy k\u00f6z\u00f6sen dolgozz\u00e1k fel a mindennapi \u00e9let kih\u00edv\u00e1sait.<\/p>\n\n\n\n<p class=\"wp-block-paragraph\">A tudatos tartalomv\u00e1laszt\u00e1sn\u00e1l \u00e9rdemes figyelni a korhat\u00e1r-besorol\u00e1sra is: b\u00e1r az anim\u00e1ci\u00f3k t\u00f6bbs\u00e9ge csal\u00e1di film, a s\u00f6t\u00e9tebb t\u00f3nus\u00fa fantasyk vagy szuperh\u0151s\u00f6s alkot\u00e1sok ijeszt\u0151ek lehetnek a kisebbek sz\u00e1m\u00e1ra. A nagyobb gyerekek \u00e9s a feln\u0151ttek ugyanakkor m\u00e1r \u00e9lvezik a p\u00f6rg\u0151s, akci\u00f3d\u00fas \u00e9s humoros kalandokat. Sz\u00fcl\u0151k\u00e9nt c\u00e9lszer\u0171 olyan mes\u00e9ket keresni, amelyek \u00f6r\u00f6k\u00e9rv\u00e9ny\u0171 \u00e9rt\u00e9keket \u2013 p\u00e9ld\u00e1ul a bar\u00e1ts\u00e1got, a kitart\u00e1st, a csal\u00e1d fontoss\u00e1g\u00e1t vagy a k\u00f6rnyezetv\u00e9delmet \u2013 k\u00f6zvet\u00edtenek.<\/p>\n\n\n\n<h2 class=\"wp-block-heading\">M\u0171v\u00e9szi anim\u00e1ci\u00f3k<\/h2>\n\n\n\n<p class=\"wp-block-paragraph\">A nagy st\u00fadi\u00f3k t\u00f6bbmilli\u00f3s k\u00f6lts\u00e9gvet\u00e9s\u0171 k\u00f6z\u00f6ns\u00e9gsikerei mellett a f\u00fcggetlen, m\u0171v\u00e9szi ig\u00e9ny\u0171 anim\u00e1ci\u00f3s alkot\u00e1sok is kiemelked\u0151 kultur\u00e1lis \u00e9rt\u00e9ket k\u00e9pviselnek. Ezek a filmek gyakran mer\u00e9szebb vizu\u00e1lis megold\u00e1sokkal \u00e9s m\u00e9lyebb, szimbolikus \u00fczenetekkel sz\u00f3l\u00edtj\u00e1k meg a n\u00e9z\u0151ket, el\u0151seg\u00edtve a t\u00e1rsadalmi felel\u0151ss\u00e9gv\u00e1llal\u00e1s, a szem\u00e9lyes fejl\u0151d\u00e9s \u00e9s az emp\u00e1tia elm\u00e9ly\u00edt\u00e9s\u00e9t.<\/p>\n\n\n\n<figure class=\"wp-block-embed is-type-video is-provider-youtube wp-block-embed-youtube wp-embed-aspect-16-9 wp-has-aspect-ratio\"><div class=\"wp-block-embed__wrapper\">\n<iframe loading=\"lazy\" title=\"FLOW - Official US Trailer\" width=\"500\" height=\"281\" src=\"https:\/\/www.youtube.com\/embed\/ZgZccxuj2RY?feature=oembed\" frameborder=\"0\" allow=\"accelerometer; autoplay; clipboard-write; encrypted-media; gyroscope; picture-in-picture; web-share\" referrerpolicy=\"strict-origin-when-cross-origin\" allowfullscreen><\/iframe>\n<\/div><\/figure>\n\n\n\n<p class=\"wp-block-paragraph\">Kiv\u00e1l\u00f3 p\u00e9lda erre az <em>\u00c1rad\u00e1s<\/em> (<em>Flow<\/em>) c\u00edm\u0171 f\u00fcggetlen alkot\u00e1s, amely egy mag\u00e1nyos fekete macska t\u00f6rt\u00e9net\u00e9t mes\u00e9li el egy mindent elmos\u00f3 term\u00e9szeti katasztr\u00f3f\u00e1t k\u00f6vet\u0151en. A f\u0151h\u0151s k\u00e9nytelen sz\u00f6vets\u00e9get k\u00f6tni m\u00e1s \u00e1llatokkal a puszta t\u00fal\u00e9l\u00e9s \u00e9rdek\u00e9ben. A minim\u00e1lis p\u00e1rbesz\u00e9ddel oper\u00e1l\u00f3, vizu\u00e1lisan l\u00e9legzetel\u00e1ll\u00edt\u00f3 film az emp\u00e1tia \u00e9s az \u00f6sszefog\u00e1s erej\u00e9t mutatja be. Ez a n\u00e9ma, k\u00e9pi t\u00f6rt\u00e9netmes\u00e9l\u00e9s er\u0151teljesen r\u00e1vil\u00e1g\u00edt arra, hogy a v\u00e1ratlan kr\u00edzishelyzetekben az \u00f6nz\u00e9s helyett a k\u00f6z\u00f6ss\u00e9gi \u00f6sszefog\u00e1s, a k\u00f6lcs\u00f6n\u00f6s bizalom \u00e9s az odafordul\u00e1s jelenti az egyetlen j\u00e1rhat\u00f3 utat. Az ilyen jelleg\u0171 szimbolikus t\u00f6rt\u00e9netek abban seg\u00edtik a csal\u00e1dokat, hogy a vizu\u00e1lis \u00e9lm\u00e9nyen kereszt\u00fcl besz\u00e9lgessenek az egy\u00e9ni \u00e9s k\u00f6z\u00f6ss\u00e9gi felel\u0151ss\u00e9gr\u0151l.<\/p>\n\n\n\n<p class=\"wp-block-paragraph\">A p\u00e1rbesz\u00e9dek hi\u00e1nya r\u00e1ad\u00e1sul intenz\u00edvebb jelenl\u00e9tre k\u00e9nyszer\u00edti a n\u00e9z\u0151t, hiszen a figur\u00e1k testbesz\u00e9de \u00e9s a k\u00f6rnyezet v\u00e1ltoz\u00e1sai k\u00f6zvet\u00edtik az \u00e9rzelmi \u00e1llapotokat, fejlesztve a n\u00e9z\u0151k \u00e9rzelmi intelligenci\u00e1j\u00e1t \u00e9s vizu\u00e1lis \u00e9rtelmez\u00e9si k\u00e9szs\u00e9geit.<\/p>\n\n\n\n<h2 class=\"wp-block-heading\">A magyar anim\u00e1ci\u00f3 zsenije<\/h2>\n\n\n\n<p class=\"wp-block-paragraph\">Magyarorsz\u00e1g gazdag anim\u00e1ci\u00f3s m\u00falttal \u00e9s elismert \u00f6r\u00f6ks\u00e9ggel b\u00fcszk\u00e9lkedhet. Az olyan \u00f6r\u00f6kz\u00f6ld klasszikusok, mint a <em>Vuk<\/em>, a <em>Macskafog\u00f3<\/em> vagy a <em>Szaffi<\/em>, eg\u00e9sz gener\u00e1ci\u00f3k gyermekkor\u00e1t \u00e9s \u00e9rt\u00e9krendj\u00e9t hat\u00e1rozt\u00e1k meg, bebizony\u00edtva a hazai alkot\u00f3k egyed\u00fcl\u00e1ll\u00f3 vizu\u00e1lis \u00e9s dramaturgiai tehets\u00e9g\u00e9t.<\/p>\n\n\n\n<figure class=\"wp-block-embed is-type-video is-provider-youtube wp-block-embed-youtube wp-embed-aspect-4-3 wp-has-aspect-ratio\"><div class=\"wp-block-embed__wrapper\">\n<iframe loading=\"lazy\" title=\"VUK   Ha nem szeretsz\" width=\"500\" height=\"375\" src=\"https:\/\/www.youtube.com\/embed\/6bB3HFANG4w?feature=oembed\" frameborder=\"0\" allow=\"accelerometer; autoplay; clipboard-write; encrypted-media; gyroscope; picture-in-picture; web-share\" referrerpolicy=\"strict-origin-when-cross-origin\" allowfullscreen><\/iframe>\n<\/div><\/figure>\n\n\n\n<p class=\"wp-block-paragraph\">A kort\u00e1rs hazai anim\u00e1ci\u00f3s szakma napjainkban is akt\u00edvan t\u00f6rekszik arra, hogy \u00f6sszekapcsolja ezt a gazdag hagyom\u00e1nyt a modern ig\u00e9nyekkel, \u00e9s meg\u0151rizze a nemzeti kultur\u00e1lis kincseket az \u00faj gener\u00e1ci\u00f3k sz\u00e1m\u00e1ra. <\/p>\n\n\n\n<figure class=\"wp-block-embed is-type-video is-provider-youtube wp-block-embed-youtube wp-embed-aspect-4-3 wp-has-aspect-ratio\"><div class=\"wp-block-embed__wrapper\">\n<iframe loading=\"lazy\" title=\"Macskafog\u00f3 - \u00cdzekre pofoztatom magam\" width=\"500\" height=\"375\" src=\"https:\/\/www.youtube.com\/embed\/_Ek2VVexKa8?feature=oembed\" frameborder=\"0\" allow=\"accelerometer; autoplay; clipboard-write; encrypted-media; gyroscope; picture-in-picture; web-share\" referrerpolicy=\"strict-origin-when-cross-origin\" allowfullscreen><\/iframe>\n<\/div><\/figure>\n\n\n\n<p class=\"wp-block-paragraph\">Kiemelked\u0151 p\u00e9ld\u00e1i ennek az olyan nemzetk\u00f6zileg is elismert alkot\u00e1sok, mint a <em>Kojot n\u00e9gy lelke<\/em>, vagy az olyan kezdem\u00e9nyez\u00e9sek, mint a <em>Csongor \u00e9s T\u00fcnde<\/em> k\u00e9sz\u00fcl\u0151 anim\u00e1ci\u00f3s feldolgoz\u00e1sa. V\u00f6r\u00f6smarty Mih\u00e1ly klasszikus, \u00f6sszetett szimbolik\u00e1j\u00fa \u00e9s m\u00e9ly filoz\u00f3fiai tartalm\u00fa m\u0171v\u00e9t az alkot\u00f3k az anim\u00e1ci\u00f3s formanyelv seg\u00edts\u00e9g\u00e9vel t\u00f6rekszenek k\u00f6nnyen befogadhat\u00f3v\u00e1 \u00e9s \u00e9lvezhet\u0151v\u00e9 tenni a mai fiatalok sz\u00e1m\u00e1ra, meg\u0151rizve annak k\u00f6lt\u0151i \u00e9rt\u00e9keit \u00e9s var\u00e1zslatos atmoszf\u00e9r\u00e1j\u00e1t. Ez a megk\u00f6zel\u00edt\u00e9s bizony\u00edtja, hogy a rajzfilmes m\u0171faj k\u00e9pes h\u00eddszerepet bet\u00f6lteni az irodalmi \u00e9rt\u00e9kek \u00e9s a mai digit\u00e1lis kult\u00fara k\u00f6z\u00f6tt.<\/p>\n\n\n\n<figure class=\"wp-block-embed is-type-video is-provider-youtube wp-block-embed-youtube wp-embed-aspect-16-9 wp-has-aspect-ratio\"><div class=\"wp-block-embed__wrapper\">\n<iframe loading=\"lazy\" title=\"KOJOT N\u00c9GY LELKE \u2013 El\u0151zetes\" width=\"500\" height=\"281\" src=\"https:\/\/www.youtube.com\/embed\/s6uEaIxgMR0?feature=oembed\" frameborder=\"0\" allow=\"accelerometer; autoplay; clipboard-write; encrypted-media; gyroscope; picture-in-picture; web-share\" referrerpolicy=\"strict-origin-when-cross-origin\" allowfullscreen><\/iframe>\n<\/div><\/figure>\n\n\n\n<p class=\"wp-block-paragraph\">Az ilyen t\u00edpus\u00fa \u00e9rt\u00e9kment\u0151 kezdem\u00e9nyez\u00e9sek nemcsak a hazai kultur\u00e1lis identit\u00e1s elm\u00e9ly\u00edt\u00e9s\u00e9t szolg\u00e1lj\u00e1k, hanem a csal\u00e1di \u00e9s iskolai nevel\u00e9sben is hat\u00e9kony seg\u00edts\u00e9get ny\u00fajtanak az \u00f6r\u00f6k\u00e9rv\u00e9ny\u0171 \u00e9rt\u00e9kek \u00e1tad\u00e1s\u00e1hoz.<\/p>\n","protected":false},"excerpt":{"rendered":"<p>Az anim\u00e1ci\u00f3s filmek vil\u00e1ga az ut\u00f3bbi \u00e9vtizedekben l\u00e1tv\u00e1nyos \u00e1talakul\u00e1son ment kereszt\u00fcl, \u00e9s m\u00e1ra a kort\u00e1rs kult\u00fara egyik legmeghat\u00e1roz\u00f3bb,\u2026<\/p>\n","protected":false},"author":1,"featured_media":187,"comment_status":"closed","ping_status":"closed","sticky":false,"template":"","format":"standard","meta":{"footnotes":""},"categories":[12],"tags":[20,29,30,31,21,22,23,24,25,26,27,28],"class_list":["post-188","post","type-post","status-publish","format-standard","has-post-thumbnail","hentry","category-utazas-es-szabadido","tag-20","tag-29","tag-30","tag-31","tag-21","tag-22","tag-23","tag-24","tag-25","tag-26","tag-27","tag-28"],"_links":{"self":[{"href":"https:\/\/magicon.hu\/?rest_route=\/wp\/v2\/posts\/188","targetHints":{"allow":["GET"]}}],"collection":[{"href":"https:\/\/magicon.hu\/?rest_route=\/wp\/v2\/posts"}],"about":[{"href":"https:\/\/magicon.hu\/?rest_route=\/wp\/v2\/types\/post"}],"author":[{"embeddable":true,"href":"https:\/\/magicon.hu\/?rest_route=\/wp\/v2\/users\/1"}],"replies":[{"embeddable":true,"href":"https:\/\/magicon.hu\/?rest_route=%2Fwp%2Fv2%2Fcomments&post=188"}],"version-history":[{"count":2,"href":"https:\/\/magicon.hu\/?rest_route=\/wp\/v2\/posts\/188\/revisions"}],"predecessor-version":[{"id":190,"href":"https:\/\/magicon.hu\/?rest_route=\/wp\/v2\/posts\/188\/revisions\/190"}],"wp:featuredmedia":[{"embeddable":true,"href":"https:\/\/magicon.hu\/?rest_route=\/wp\/v2\/media\/187"}],"wp:attachment":[{"href":"https:\/\/magicon.hu\/?rest_route=%2Fwp%2Fv2%2Fmedia&parent=188"}],"wp:term":[{"taxonomy":"category","embeddable":true,"href":"https:\/\/magicon.hu\/?rest_route=%2Fwp%2Fv2%2Fcategories&post=188"},{"taxonomy":"post_tag","embeddable":true,"href":"https:\/\/magicon.hu\/?rest_route=%2Fwp%2Fv2%2Ftags&post=188"}],"curies":[{"name":"wp","href":"https:\/\/api.w.org\/{rel}","templated":true}]}}