{"id":180,"date":"2026-09-01T08:23:40","date_gmt":"2026-09-01T06:23:40","guid":{"rendered":"https:\/\/magicon.hu\/?p=180"},"modified":"2026-09-01T08:23:40","modified_gmt":"2026-09-01T06:23:40","slug":"legnehezebb-nyelvtorok","status":"publish","type":"post","link":"https:\/\/magicon.hu\/legnehezebb-nyelvtorok\/","title":{"rendered":"A legnehezebb nyelvt\u00f6r\u0151k &#8211; nem csak sz\u00f3rakoz\u00e1sra"},"content":{"rendered":"\n<p class=\"wp-block-paragraph\">A nyelvt\u00f6r\u0151k a nyelvi sz\u00f3rakoz\u00e1s hagyom\u00e1nyos form\u00e1i k\u00f6z\u00e9 tartoznak, \u00e1m a j\u00e1t\u00e9kos jelleg m\u00f6g\u00f6tt komoly besz\u00e9dfejleszt\u0151 \u00e9s kognit\u00edv funkci\u00f3 rejt\u0151zik.<\/p>\n\n\n\n<h2 class=\"wp-block-heading\">Mire j\u00f3 a nyelvt\u00f6r\u0151?<\/h2>\n\n\n\n<p class=\"wp-block-paragraph\">A szavak \u00e9s hangok gyors, prec\u00edz egym\u00e1sut\u00e1nja intenz\u00edv munk\u00e1ra k\u00e9nyszer\u00edti az ajkakat, a nyelvet \u00e9s az \u00e1llkapcsot, ez\u00e1ltal jav\u00edtva a kiejt\u00e9s pontoss\u00e1g\u00e1t \u00e9s a besz\u00e9d tisztas\u00e1g\u00e1t.<\/p>\n\n\n\n<p class=\"wp-block-paragraph\">Az artikul\u00e1ci\u00f3s el\u0151ny\u00f6k mellett a nyelvt\u00f6r\u0151k kognit\u00edv hat\u00e1sa is jelent\u0151s. A bonyolult mondatszerkezetek \u00e9s hangism\u00e9tl\u00e9sek kimond\u00e1sa sor\u00e1n az agy nyelvi feldolgoz\u00f3 k\u00f6zpontjai fokozott aktivit\u00e1st mutatnak, ami fejleszti a koncentr\u00e1ci\u00f3t, a mem\u00f3ri\u00e1t \u00e9s a ment\u00e1lis rugalmass\u00e1got. Ez\u00e9rt haszn\u00e1lj\u00e1k \u0151ket rendszeresen el\u0151ad\u00f3k, sz\u00edn\u00e9szek, pedag\u00f3gusok \u00e9s riporterek bemeleg\u00edt\u0151 gyakorlatk\u00e9nt a nyilv\u00e1nos szerepl\u00e9sek el\u0151tt. A gyakorl\u00e1s emellett a besz\u00e9d el\u0151tti fesz\u00fclts\u00e9g old\u00e1s\u00e1ban \u00e9s a tiszta gondolatmenet fenntart\u00e1s\u00e1ban is t\u00e1mogat\u00e1st ny\u00fajt.<\/p>\n\n\n\n<h2 class=\"wp-block-heading\">A legnehezebb nyelvt\u00f6r\u0151k<\/h2>\n\n\n\n<p class=\"wp-block-paragraph\">A magyar nyelv gazdag m\u00e1ssalhangz\u00f3-rendszere \u00e9s a kiterjedt toldal\u00e9kol\u00e1s k\u00fcl\u00f6n\u00f6sen neh\u00e9z \u00e9s v\u00e1ltozatos nyelvt\u00f6r\u0151k megalkot\u00e1s\u00e1t teszi lehet\u0151v\u00e9. A leg\u00f6sszetettebb mondatok eset\u00e9ben a hangk\u00e9pz\u0151 szerveknek rendk\u00edv\u00fcl gyorsan kell v\u00e1ltaniuk a k\u00fcl\u00f6nb\u00f6z\u0151 k\u00e9pz\u00e9si helyek k\u00f6z\u00f6tt, ami gyakran okoz nyelvi elakad\u00e1sokat. A magyar nyelvt\u00f6r\u0151k kih\u00edv\u00e1sa abban rejlik, hogy a szomsz\u00e9dos hangok k\u00e9pz\u00e9s\u00e9hez sz\u00fcks\u00e9ges izommozdulatok ellent\u00e9tesek vagy rendk\u00edv\u00fcl hasonl\u00f3k, ami megzavarja az agy \u00e9s a besz\u00e9dszervek k\u00f6z\u00f6tti koordin\u00e1ci\u00f3t.<\/p>\n\n\n\n<p class=\"wp-block-paragraph\">A legn\u00e9pszer\u0171bb \u00e9s legnehezebb magyar nyelvt\u00f6r\u0151k k\u00f6z\u00e9 az al\u00e1bbiak tartoznak:<\/p>\n\n\n\n<ul class=\"wp-block-list\">\n<li><strong>\u201eAz ibafai papnak fapip\u00e1ja van, teh\u00e1t az ibafai papi pipa papi fapipa.\u201d<\/strong> \u2013 A mondat a p \u00e9s f hangok, valamint a hasonul\u00f3 sz\u00f3t\u00f6vek halmoz\u00e1s\u00e1ra \u00e9p\u00fcl. A kih\u00edv\u00e1st a labi\u00e1lis \u00e9s labiodent\u00e1lis hangok gyors v\u00e1ltakoz\u00e1sa jelenti, mik\u00f6zben az \u00e9rtelmi \u00f6sszef\u00fcgg\u00e9s k\u00f6nnyen megszakadhat a kiejt\u00e9s sor\u00e1n. \u00c9rdekess\u00e9g, hogy a nyelvt\u00f6r\u0151 tette h\u00edress\u00e9 a Baranya v\u00e1rmegyei Ibaf\u00e1t: a 19. sz\u00e1zad v\u00e9g\u00e9n sz\u00fcletett nyelvi j\u00e1t\u00e9k nyom\u00e1n kapott k\u00e9s\u0151bb fapip\u00e1t a helyi lelk\u00e9sz, amib\u0151l v\u00e9g\u00fcl a k\u00f6zs\u00e9g h\u00edres pipam\u00fazeuma is kifejl\u0151d\u00f6tt.<\/li>\n\n\n\n<li><strong>\u201eFekete bikapata kopog a patika pepita k\u00f6v\u00e9n.\u201d<\/strong> \u2013 Enn\u00e9l a nyelvt\u00f6r\u0151n\u00e9l a p \u00e9s k z\u00f6ng\u00e9tlen z\u00e1rhangok ritmikus ism\u00e9tl\u0151d\u00e9se \u00e1ll\u00edtja neh\u00e9z feladat el\u00e9 a besz\u00e9dszerveket. A perg\u0151 ritmus miatt a szavak k\u00f6nnyen egybeolvadnak, a kiejt\u00e9s sor\u00e1n pedig a p \u00e9s k m\u00e1ssalhangz\u00f3k k\u00e9pz\u00e9si helye k\u00f6z\u00f6tti gyors ugr\u00e1sok okoznak akad\u00e1lyt.<\/li>\n\n\n\n<li><strong>\u201eTe tetted e tettetett tettet? Tettetett tettek tettese, te!\u201d<\/strong> \u2013 A t hangok \u00e9s a hasonl\u00f3 hangz\u00e1s\u00fa sz\u00f3t\u00f6vek extr\u00e9m halmoz\u00e1sa teszi az egyik legnehezebb\u00e9. Az azonos m\u00e1ssalhangz\u00f3val kezd\u0151d\u0151 \u00e9s v\u00e9gz\u0151d\u0151 szavak a nyelv hegy\u00e9nek \u00e9s a fogmedernek a rendk\u00edv\u00fcl gyors kapcsolat\u00e1t ig\u00e9nylik.<\/li>\n\n\n\n<li><strong>\u201eMit s\u00fctsz, kis sz\u0171cs? T\u00e1n s\u00f3s h\u00fast s\u00fctsz, kis sz\u0171cs?\u201d<\/strong> \u2013 A sz, s \u00e9s cs sziszeg\u0151 \u00e9s f\u00fajtat\u00f3 hangok k\u00f6z\u00f6tti gyors v\u00e1lt\u00e1s az artikul\u00e1ci\u00f3 egyik legnagyobb pr\u00f3bat\u00e9tele. A nyelv \u00e1ll\u00e1s\u00e1nak apr\u00f3 m\u00f3dos\u00edt\u00e1sait kell hib\u00e1tlanul kivitelezni a folyamatos kiejt\u00e9shez.<\/li>\n\n\n\n<li><strong>\u201eNem minden fajta szarka farka tarka-barka, csak a tarka-barka szarkafajta farka tarka-barka.\u201d<\/strong> \u2013 A szarka, farka \u00e9s tarka-barka r\u00edmel\u0151 sz\u00f3p\u00e1rok halmoz\u00e1sa a ritmus megtart\u00e1sa mellett a koncentr\u00e1ci\u00f3t is pr\u00f3b\u00e1ra teszi. A nyelvi egys\u00e9gek ism\u00e9tl\u0151d\u00e9se k\u00f6nnyen megt\u00e9veszti a besz\u00e9l\u0151t.<\/li>\n\n\n\n<li><strong>\u201e\u00d6t t\u00f6r\u00f6k \u00f6t g\u00f6r\u00f6g\u00f6t d\u00f6g\u00f6ny\u00f6z \u00f6r\u00f6k\u00f6s \u00f6r\u00f6m\u00f6k k\u00f6zt.\u201d<\/strong> \u2013 A meglehet\u0151sen ritka, magas, lekerek\u00edtett ajakm\u0171k\u00f6d\u00e9st ig\u00e9nyl\u0151 \u00f6 \u00e9s \u0151 mag\u00e1nhangz\u00f3k t\u00fals\u00falya miatt neh\u00e9z a hib\u00e1tlan megsz\u00f3laltat\u00e1sa. Az ajkak \u00e1lland\u00f3 kerek\u00edt\u00e9se f\u00e1rasztja a besz\u00e9dizmokat.<\/li>\n\n\n\n<li><strong>\u201eK\u00e9t p\u00e9k k\u00e9t sz\u00e9p k\u00e9k k\u00e9pet k\u00e9r.\u201d<\/strong> \u2013 A k \u00e9s p hangok, valamint az \u00e9 mag\u00e1nhangz\u00f3 ism\u00e9tl\u0151d\u00e9se a sz\u00e1jny\u00edl\u00e1s \u00e9s az ajkak gyors form\u00e1l\u00e1s\u00e1t ig\u00e9nyli a pontos hangk\u00e9pz\u00e9shez.<\/li>\n<\/ul>\n\n\n\n<p class=\"wp-block-paragraph\">Ezek a p\u00e9ld\u00e1k j\u00f3l szeml\u00e9ltetik, hogy a hangtani kih\u00edv\u00e1sok mik\u00e9nt k\u00e9sztetik fokozott odafigyel\u00e9sre a besz\u00e9l\u0151t, mik\u00f6zben l\u00e1that\u00f3v\u00e1 teszik a magyar nyelv rendk\u00edv\u00fcli formai gazdags\u00e1g\u00e1t.<\/p>\n\n\n\n<p class=\"wp-block-paragraph\">\u00c9s persze van m\u00e9g a megsz\u00e9gyen\u00edthetetlen t\u00f6k\u00e9letess\u00e9g: <br><\/p>\n\n\n\n<figure class=\"wp-block-embed is-type-video is-provider-youtube wp-block-embed-youtube wp-embed-aspect-4-3 wp-has-aspect-ratio\"><div class=\"wp-block-embed__wrapper\">\n<iframe loading=\"lazy\" title=\"Romh\u00e1nyi J\u00f3zsef: Szam\u00e1rmese\" width=\"500\" height=\"375\" src=\"https:\/\/www.youtube.com\/embed\/8zVWpmAKx0A?feature=oembed\" frameborder=\"0\" allow=\"accelerometer; autoplay; clipboard-write; encrypted-media; gyroscope; picture-in-picture; web-share\" referrerpolicy=\"strict-origin-when-cross-origin\" allowfullscreen><\/iframe>\n<\/div><\/figure>\n\n\n\n<h2 class=\"wp-block-heading\">Klasszikus nyelvt\u00f6r\u0151 versek a ritmus \u00e9s a besz\u00e9dtechnika jav\u00edt\u00e1s\u00e1ra<\/h2>\n\n\n\n<p class=\"wp-block-paragraph\">A ritmikus, k\u00f6lt\u0151i form\u00e1ba \u00f6nt\u00f6tt mond\u00f3k\u00e1k \u00e9s nyelvt\u00f6r\u0151 versek k\u00fcl\u00f6nleges helyet foglalnak el a besz\u00e9dfejleszt\u00e9sben. A r\u00edmes szerkezet \u00e9s a k\u00f6t\u00f6tt \u00fctemez\u00e9s seg\u00edt abban, hogy a besz\u00e9l\u0151 ne csup\u00e1n az egyes szavak tiszta kiejt\u00e9s\u00e9re, hanem a mondatok dallamoss\u00e1g\u00e1ra, a megfelel\u0151 temp\u00f3ra \u00e9s a term\u00e9szetes l\u00e9gz\u00e9sv\u00e9telre is figyeljen. A nyelvt\u00f6r\u0151 versek \u00e9ppen ez\u00e9rt kiv\u00e1l\u00f3an alkalmasak a folyamatos, g\u00f6rd\u00fcl\u00e9keny \u00e9s kifejez\u0151 besz\u00e9dk\u00e9szs\u00e9g alak\u00edt\u00e1s\u00e1ra mind a gyermekek, mind a feln\u0151ttek k\u00f6r\u00e9ben.<\/p>\n\n\n\n<figure class=\"wp-block-image size-large\"><img loading=\"lazy\" decoding=\"async\" width=\"1200\" height=\"800\" src=\"https:\/\/magicon.hu\/wp-content\/uploads\/2026\/09\/nyelvtoro-versek.jpg\" alt=\"Nyelvt\u00f6r\u0151 versek\" class=\"wp-image-179\" srcset=\"https:\/\/magicon.hu\/wp-content\/uploads\/2026\/09\/nyelvtoro-versek.jpg 1200w, https:\/\/magicon.hu\/wp-content\/uploads\/2026\/09\/nyelvtoro-versek-300x200.jpg 300w, https:\/\/magicon.hu\/wp-content\/uploads\/2026\/09\/nyelvtoro-versek-1024x683.jpg 1024w, https:\/\/magicon.hu\/wp-content\/uploads\/2026\/09\/nyelvtoro-versek-768x512.jpg 768w\" sizes=\"auto, (max-width: 1200px) 100vw, 1200px\" \/><\/figure>\n\n\n\n<p class=\"wp-block-paragraph\">A k\u00f6lt\u0151i ritmus \u00e9s a dallamoss\u00e1g term\u00e9szetes mank\u00f3t ny\u00fajt a neh\u00e9z hangkapcsolatok \u00e1thidal\u00e1s\u00e1hoz. A legismertebb ritmikus p\u00e9ld\u00e1k a k\u00f6vetkez\u0151k:<\/p>\n\n\n\n<ul class=\"wp-block-list\">\n<li><strong>\u201e\u00c1d\u00e1m b\u00e1ty\u00e1m p\u00e1v\u00e1t l\u00e1tv\u00e1n sz\u00e1j\u00e1t t\u00e1tv\u00e1n p\u00e1v\u00e1v\u00e1 v\u00e1lt.\u201d<\/strong> \u2013 Ez a r\u00f6vid, verses l\u00fcktet\u00e9s\u0171 nyelvt\u00f6r\u0151 az \u00e1 mag\u00e1nhangz\u00f3k \u00e9s a v, p hangok v\u00e1ltakoz\u00e1s\u00e1ra \u00e9p\u00fcl, mik\u00f6zben a t\u00f6rt\u00e9netmes\u00e9l\u0151 jellege seg\u00edti a dallamos hangs\u00falyoz\u00e1st \u00e9s a pontos ritmustart\u00e1st.<\/li>\n\n\n\n<li><strong>\u201eS\u00e1rga b\u00f6gre, g\u00f6rbe b\u00f6gre, g\u00f6rbe b\u00f6gre, s\u00e1rga b\u00f6gre.\u201d<\/strong> \u2013 A j\u00f3l ismert mond\u00f3ka a v\u00e1ltakoz\u00f3 sz\u00f3rend \u00e1ltal alak\u00edt ki egyenletes \u00fctemet, ami fejleszti a besz\u00e9d\u00fctem tart\u00e1s\u00e1t \u00e9s a gyors ment\u00e1lis v\u00e1lt\u00e1st.<\/li>\n\n\n\n<li><strong>\u201eJobb egy l\u00fadnyak t\u00edz ty\u00faknyakn\u00e1l.\u201d<\/strong> \u2013 A r\u00edmes \u00e9s \u00f6sszehasonl\u00edt\u00f3 szerkezet\u0171 mond\u00f3ka a l, d, t \u00e9s ny m\u00e1ssalhangz\u00f3k tal\u00e1lkoz\u00e1s\u00e1val form\u00e1lja a dinamikus besz\u00e9dtechnikai k\u00e9szs\u00e9geket.<\/li>\n<\/ul>\n\n\n\n<p class=\"wp-block-paragraph\">A ritmusra \u00e9p\u00fcl\u0151 gyakorl\u00e1s hozz\u00e1j\u00e1rul a besz\u00e9dtemp\u00f3 tudatos szab\u00e1lyoz\u00e1s\u00e1hoz \u00e9s a hangs\u00falyoz\u00e1si hib\u00e1k kik\u00fcsz\u00f6b\u00f6l\u00e9s\u00e9hez.<\/p>\n\n\n\n<h2 class=\"wp-block-heading\">Angol nyelvt\u00f6r\u0151k a kiejt\u00e9s \u00e9s az idegennyelv tud\u00e1s fejleszt\u00e9s\u00e9re<\/h2>\n\n\n\n<p class=\"wp-block-paragraph\">Az idegen nyelv\u0171 nyelvt\u00f6r\u0151k hat\u00e9kony seg\u00edts\u00e9get ny\u00fajtanak a c\u00e9lnyelvre jellemz\u0151 speci\u00e1lis fonetikai saj\u00e1toss\u00e1gok \u00e9s hangk\u00e9pz\u00e9si mint\u00e1k elsaj\u00e1t\u00edt\u00e1s\u00e1ban. Az angol nyelv eset\u00e9ben p\u00e9ld\u00e1ul a magyarban nem l\u00e9tez\u0151 th hangok, vagy az s \u00e9s sh k\u00f6z\u00f6tti finom k\u00fcl\u00f6nbs\u00e9gek beidegz\u00e9s\u00e9t seg\u00edtik el\u0151. A gyakorl\u00e1st \u00e9rdemes a neh\u00e9zs\u00e9gi szintek szerint, fokozatosan fel\u00e9p\u00edteni.<\/p>\n\n\n\n<p class=\"wp-block-paragraph\">A legismertebb angol nyelvt\u00f6r\u0151k n\u00f6vekv\u0151 neh\u00e9zs\u00e9gi sorrendben:<\/p>\n\n\n\n<ul class=\"wp-block-list\">\n<li><strong>K\u00f6nnyebb szintek:<\/strong><br>&#8211; <em>\u201eShe sells seashells by the seashore.\u201d<\/em> \u2013 Az s \u00e9s sh z\u00f6ng\u00e9tlen l\u00e9ghangok elk\u00fcl\u00f6n\u00edt\u00e9s\u00e9re szolg\u00e1l\u00f3 klasszikus alapgyakorlat.<br>&#8211; <em>\u201eBetty bought a bit of butter.\u201d<\/em> \u2013 A b \u00e9s t z\u00e1rhangok gyors, pattog\u00f3s kiejt\u00e9s\u00e9t fejleszt\u0151 nyelvt\u00f6r\u0151.<\/li>\n\n\n\n<li><strong>K\u00f6zepes szintek:<\/strong><br>&#8211; <em>\u201eHow much wood would a woodchuck chuck if a woodchuck could chuck wood?\u201d<\/em> \u2013 A w \u00e9s ch hangkapcsolatok folyamatoss\u00e1g\u00e1t m\u00e9r\u0151 mond\u00f3ka.<br>&#8211; <em>\u201eRed lorry, yellow lorry.\u201d<\/em> \u2013 R\u00f6vid kifejez\u00e9s, amely az r \u00e9s l likvid\u00e1k k\u00f6z\u00f6tti rendk\u00edv\u00fcl gyors v\u00e1lt\u00e1st teszi pr\u00f3b\u00e1ra.<\/li>\n\n\n\n<li><strong>Neh\u00e9z szintek:<\/strong><br>&#8211; <em>\u201eThe sixth sick sheikh\u2019s sixth sheep\u2019s sick.\u201d<\/em> \u2013 Az angol nyelv egyik legnehezebbnek tartott nyelvt\u00f6r\u0151je, amely a s, sh \u00e9s th hangok komplex halmoz\u00e1s\u00e1ra \u00e9p\u00fcl.<br>&#8211; <em>\u201eThree free throws.\u201d<\/em> \u2013 A th \u00e9s fr hangz\u00f3kapcsolatok prec\u00edz k\u00e9pz\u00e9s\u00e9t ig\u00e9nyl\u0151 kifejez\u00e9s.<\/li>\n<\/ul>\n\n\n\n<figure class=\"wp-block-embed is-type-video is-provider-youtube wp-block-embed-youtube wp-embed-aspect-9-16 wp-has-aspect-ratio\"><div class=\"wp-block-embed__wrapper\">\n<iframe loading=\"lazy\" title=\"Shipping Ship Shipping Ships\" width=\"422\" height=\"750\" src=\"https:\/\/www.youtube.com\/embed\/o7KlYj0qtic?feature=oembed\" frameborder=\"0\" allow=\"accelerometer; autoplay; clipboard-write; encrypted-media; gyroscope; picture-in-picture; web-share\" referrerpolicy=\"strict-origin-when-cross-origin\" allowfullscreen><\/iframe>\n<\/div><\/figure>\n\n\n\n<p class=\"wp-block-paragraph\">Az idegen nyelv\u0171 artikul\u00e1ci\u00f3s gyakorlatok seg\u00edtik a g\u00e1tl\u00e1sok felold\u00e1s\u00e1t \u00e9s a term\u00e9szetes kiejt\u00e9s elsaj\u00e1t\u00edt\u00e1s\u00e1t.<\/p>\n\n\n\n<h2 class=\"wp-block-heading\">Hat\u00e9kony gyakorl\u00e1si m\u00f3dszerek az artikul\u00e1ci\u00f3 fejleszt\u00e9s\u00e9hez<\/h2>\n\n\n\n<p class=\"wp-block-paragraph\">A nyelvt\u00f6r\u0151k sikeres \u00e9s eredm\u00e9nyes alkalmaz\u00e1sa tudatos megk\u00f6zel\u00edt\u00e9st ig\u00e9nyel. A besz\u00e9dtechnikai fejl\u0151d\u00e9s kulcsa nem az azonnali gyorsas\u00e1gban, hanem a pontos kiejt\u00e9sben \u00e9s a fokozatoss\u00e1g elv\u00e9nek betart\u00e1s\u00e1ban rejlik.<\/p>\n\n\n\n<p class=\"wp-block-paragraph\">A leghat\u00e9konyabb gyakorl\u00e1si l\u00e9p\u00e9sek a k\u00f6vetkez\u0151k:<\/p>\n\n\n\n<ul class=\"wp-block-list\">\n<li><strong>Lass\u00fa temp\u00f3:<\/strong> A mondatot el\u0151sz\u00f6r t\u00falzottan artikul\u00e1lva, lassan kell kimondani, \u00fcgyelve minden egyes hang pontos megform\u00e1l\u00e1s\u00e1ra.<\/li>\n\n\n\n<li><strong>Sz\u00f3tagol\u00e1s \u00e9s ritmiz\u00e1l\u00e1s:<\/strong> Bonyolult kifejez\u00e9sek eset\u00e9n \u00e9rdemes a nyelvt\u00f6r\u0151t szavakra vagy sz\u00f3tagokra bontva \u00e1tism\u00e9telni.<\/li>\n\n\n\n<li><strong>Fokozatos gyors\u00edt\u00e1s:<\/strong> A sebess\u00e9get csak akkor szabad n\u00f6velni, ha a lass\u00fa temp\u00f3j\u00fa kiejt\u00e9s m\u00e1r teljesen hib\u00e1tlan.<\/li>\n\n\n\n<li><strong>T\u00fcrelem \u00e9s rendszeress\u00e9g:<\/strong> Napi n\u00e9h\u00e1ny perces, k\u00f6vetkezetes gyakorl\u00e1ssal l\u00e9nyegesen jobb eredm\u00e9ny \u00e9rhet\u0151 el, mint a rendszertelen, meger\u0151ltet\u0151 pr\u00f3b\u00e1lkoz\u00e1sokkal.<\/li>\n<\/ul>\n\n\n\n<p class=\"wp-block-paragraph\">V\u00e9g\u00fcl pedig megtanulhatjuk ezt is:<\/p>\n\n\n\n<figure class=\"wp-block-embed is-type-video is-provider-youtube wp-block-embed-youtube wp-embed-aspect-4-3 wp-has-aspect-ratio\"><div class=\"wp-block-embed__wrapper\">\n<iframe loading=\"lazy\" title=\"\u00c9des, \u00c9kes Apanyelv\u00fcnk\" width=\"500\" height=\"375\" src=\"https:\/\/www.youtube.com\/embed\/oT4CKxZWpeg?feature=oembed\" frameborder=\"0\" allow=\"accelerometer; autoplay; clipboard-write; encrypted-media; gyroscope; picture-in-picture; web-share\" referrerpolicy=\"strict-origin-when-cross-origin\" allowfullscreen><\/iframe>\n<\/div><\/figure>\n","protected":false},"excerpt":{"rendered":"<p>A nyelvt\u00f6r\u0151k a nyelvi sz\u00f3rakoz\u00e1s hagyom\u00e1nyos form\u00e1i k\u00f6z\u00e9 tartoznak, \u00e1m a j\u00e1t\u00e9kos jelleg m\u00f6g\u00f6tt komoly besz\u00e9dfejleszt\u0151 \u00e9s kognit\u00edv\u2026<\/p>\n","protected":false},"author":1,"featured_media":178,"comment_status":"closed","ping_status":"closed","sticky":false,"template":"","format":"standard","meta":{"footnotes":""},"categories":[15],"tags":[20,29,30,31,21,22,23,24,25,26,27,28],"class_list":["post-180","post","type-post","status-publish","format-standard","has-post-thumbnail","hentry","category-tech-es-tudomany","tag-20","tag-29","tag-30","tag-31","tag-21","tag-22","tag-23","tag-24","tag-25","tag-26","tag-27","tag-28"],"_links":{"self":[{"href":"https:\/\/magicon.hu\/?rest_route=\/wp\/v2\/posts\/180","targetHints":{"allow":["GET"]}}],"collection":[{"href":"https:\/\/magicon.hu\/?rest_route=\/wp\/v2\/posts"}],"about":[{"href":"https:\/\/magicon.hu\/?rest_route=\/wp\/v2\/types\/post"}],"author":[{"embeddable":true,"href":"https:\/\/magicon.hu\/?rest_route=\/wp\/v2\/users\/1"}],"replies":[{"embeddable":true,"href":"https:\/\/magicon.hu\/?rest_route=%2Fwp%2Fv2%2Fcomments&post=180"}],"version-history":[{"count":2,"href":"https:\/\/magicon.hu\/?rest_route=\/wp\/v2\/posts\/180\/revisions"}],"predecessor-version":[{"id":182,"href":"https:\/\/magicon.hu\/?rest_route=\/wp\/v2\/posts\/180\/revisions\/182"}],"wp:featuredmedia":[{"embeddable":true,"href":"https:\/\/magicon.hu\/?rest_route=\/wp\/v2\/media\/178"}],"wp:attachment":[{"href":"https:\/\/magicon.hu\/?rest_route=%2Fwp%2Fv2%2Fmedia&parent=180"}],"wp:term":[{"taxonomy":"category","embeddable":true,"href":"https:\/\/magicon.hu\/?rest_route=%2Fwp%2Fv2%2Fcategories&post=180"},{"taxonomy":"post_tag","embeddable":true,"href":"https:\/\/magicon.hu\/?rest_route=%2Fwp%2Fv2%2Ftags&post=180"}],"curies":[{"name":"wp","href":"https:\/\/api.w.org\/{rel}","templated":true}]}}