{"id":170,"date":"2026-09-01T07:19:06","date_gmt":"2026-09-01T05:19:06","guid":{"rendered":"https:\/\/magicon.hu\/?p=170"},"modified":"2026-09-01T07:19:06","modified_gmt":"2026-09-01T05:19:06","slug":"frizura","status":"publish","type":"post","link":"https:\/\/magicon.hu\/frizura\/","title":{"rendered":"A legn\u00e9pszer\u0171bb frizura trendek \u00e9s a t\u00f6k\u00e9letes fazon"},"content":{"rendered":"\n<p class=\"wp-block-paragraph\">Kev\u00e9s olyan k\u00fcls\u0151 t\u00e9nyez\u0151 akad, amely annyira alapvet\u0151en hat\u00e1rozn\u00e1 meg az emberi kisug\u00e1rz\u00e1st \u00e9s a mindennapi megjelen\u00e9sb\u0151l fakad\u00f3 magabiztoss\u00e1got, mint egy j\u00f3l megv\u00e1lasztott frizura. A haj \u00e1llapota, es\u00e9se \u00e9s form\u00e1ja az els\u0151 olyan st\u00edluselemek k\u00f6z\u00e9 tartozik, amelyek keretbe foglalj\u00e1k az arcvon\u00e1sokat, \u00e9s azonnali vizu\u00e1lis \u00fczenetet k\u00f6zvet\u00edtenek a k\u00fclvil\u00e1g fel\u00e9.<\/p>\n\n\n\n<h2 class=\"wp-block-heading\">A legmeghat\u00e1roz\u00f3bb term\u00e9szetes frizura trendek<\/h2>\n\n\n\n<p class=\"wp-block-paragraph\">A leg\u00fajabb frizuratrendek k\u00f6z\u00e9ppontj\u00e1ban a term\u00e9szetess\u00e9g, a k\u00f6nnyed es\u00e9s, a d\u00fas volumen \u00e9s az egyedis\u00e9g \u00e1ll. A kor\u00e1bbi id\u0151szakokra jellemz\u0151 merev, mesters\u00e9gesen t\u00falform\u00e1zott \u00e9s t\u00fallakkozott struktur\u00e1lt hajviseleteket fokozatosan felv\u00e1ltotta az a szeml\u00e9let, amely a haj term\u00e9szetes eg\u00e9szs\u00e9g\u00e9t \u00e9s ragyog\u00e1s\u00e1t tekinti a legf\u0151bb st\u00edluselemnek. Napjainkban a megfelel\u0151en hidrat\u00e1lt, \u00e9lettel teli hajszerkezet \u00e9s a term\u00e9szetes f\u00e9ny v\u00e1lt az \u00e1polts\u00e1g val\u00f3di jelk\u00e9p\u00e9v\u00e9.<\/p>\n\n\n\n<p class=\"wp-block-paragraph\">A bonyolult \u00e9s \u00f3r\u00e1kig tart\u00f3 mindennapi hajform\u00e1z\u00e1si m\u0171veletek helyett a figyelem a min\u0151s\u00e9gi, tudatos haj\u00e1pol\u00e1sra \u00e9s a prec\u00edzen kivitelezett, szem\u00e9lyre szabott v\u00e1g\u00e1sokra terel\u0151dik. A leg\u00fajabb ir\u00e1nyzatok szervesen \u00f6tv\u00f6zik a m\u00falt legmeghat\u00e1roz\u00f3bb st\u00edluskorszakainak elemeit: visszak\u00f6sz\u00f6n benn\u00fck a nyolcvanas \u00e9vek mer\u00e9sz, karakteres volumene, a kilencvenes \u00e9vek letisztult minimalizmusa, valamint a modern kozmetikai tudom\u00e1ny \u00e1ltal k\u00edn\u00e1lt k\u00edm\u00e9letes haj\u00e1pol\u00e1si szeml\u00e9let. Az \u00edgy sz\u00fclet\u0151 v\u00e1g\u00e1si technik\u00e1k c\u00e9lja, hogy a haj minim\u00e1lis ut\u00f3lagos form\u00e1z\u00e1ssal is meg\u0151rizze optim\u00e1lis es\u00e9s\u00e9t \u00e9s tart\u00e1s\u00e1t.<\/p>\n\n\n\n<h2 class=\"wp-block-heading\">A l\u00e1gy bob \u00e9s a textur\u00e1lt r\u00f6vid v\u00e1g\u00e1sok<\/h2>\n\n\n\n<p class=\"wp-block-paragraph\">A r\u00f6vid \u00e9s f\u00e9lhossz\u00fa frizur\u00e1k mez\u0151ny\u00e9ben a k\u00fcl\u00f6nf\u00e9le bob v\u00e1g\u00e1sok \u00e9s a r\u00e9tegzett, textur\u00e1lt form\u00e1k \u00f6rvendenek a legnagyobb n\u00e9pszer\u0171s\u00e9gnek. A szigor\u00fa, \u00e9les vonalakkal elv\u00e1lasztott v\u00e1g\u00e1sokat felv\u00e1ltott\u00e1k a l\u00e1gyabb, d\u00fasabb \u00e9s term\u00e9szetes mozg\u00e1st biztos\u00edt\u00f3 fazonok, amelyek a mindennapokban minim\u00e1lis er\u0151fesz\u00edt\u00e9ssel is form\u00e1ban tarthat\u00f3k.<\/p>\n\n\n\n<p class=\"wp-block-paragraph\">A legkedveltebb r\u00f6vid \u00e9s f\u00e9lhossz\u00fa fazonok jellemz\u0151i:<\/p>\n\n\n\n<ul class=\"wp-block-list\">\n<li><strong>Soft Bob:<\/strong> A klasszikus Kleop\u00e1tra-v\u00e1g\u00e1ssal szemben a soft bob l\u00e9nyege a k\u00f6nnyed, textur\u00e1lt es\u00e9s. A haj sima \u00e9s f\u00e9nyes fel\u00fclet\u0171 marad, \u00e1m mentes a merev tart\u00e1st\u00f3l, \u00edgy meg\u0151rzi a sz\u00e1lak term\u00e9szetes mozg\u00e1s\u00e1t.<\/li>\n\n\n\n<li><strong>Italian Bob:<\/strong> A megszokottn\u00e1l d\u00fasabb, eleg\u00e1nsabb, m\u00e9gis rendk\u00edv\u00fcl laza hat\u00e1s\u00fa v\u00e1g\u00e1si forma. K\u00fcl\u00f6n\u00f6sen j\u00f3l \u00e9rv\u00e9nyes\u00fcl az eg\u00e9szs\u00e9ges, megfelel\u0151en hidrat\u00e1lt \u00e9s j\u00f3 tart\u00e1s\u00fa hajsz\u00e1lakon.<\/li>\n\n\n\n<li><strong>80-as \u00e9veket id\u00e9z\u0151 shag:<\/strong> A rockosabb, vag\u00e1nyabb st\u00edlust k\u00e9pvisel\u0151 v\u00e1g\u00e1s a k\u00f3cos, er\u0151teljesen r\u00e9tegzett \u00e9s d\u00fas hat\u00e1son alapul. Az elt\u00e9r\u0151 hossz\u00fas\u00e1g\u00fa, j\u00e1t\u00e9kos tincsek szerkezete miatt a frizura szinte mag\u00e1t\u00f3l felveszi a k\u00edv\u00e1nt form\u00e1t.<\/li>\n\n\n\n<li><strong>Shixie:<\/strong> A pixie \u00e9s a r\u00f6vid shag tulajdons\u00e1gait egyes\u00edt\u0151 hibrid frizura, amely jellemz\u0151en a f\u00fclig \u00e9r vagy a tark\u00f3 vonal\u00e1t s\u00farolja. L\u00e1gy, r\u00e9tegzett \u00e1tmenetei elker\u00fclik a merev \u00e9leket, \u00edgy kifejezetten praktikus \u00e9s st\u00edlusos viseletet biztos\u00edt.<\/li>\n<\/ul>\n\n\n\n<h2 class=\"wp-block-heading\">R\u00e9tegzett hossz\u00fa hajform\u00e1k \u00e9s a klasszikus frizur\u00e1k visszat\u00e9r\u00e9se<\/h2>\n\n\n\n<p class=\"wp-block-paragraph\">A hossz\u00fa haj eset\u00e9ben a legf\u0151bb kih\u00edv\u00e1st hagyom\u00e1nyosan a hajt\u00f6meg elnehez\u00fcl\u00e9se \u00e9s a lapos hat\u00e1s jelenti. A modern v\u00e1g\u00e1si technik\u00e1k erre k\u00edn\u00e1lnak hat\u00e9kony megold\u00e1st a finom, lebeg\u0151 r\u00e9tegek kialak\u00edt\u00e1s\u00e1val, amelyek an\u00e9lk\u00fcl biztos\u00edtanak l\u00e9giess\u00e9get \u00e9s mozg\u00e1st a frizur\u00e1nak, hogy megritk\u00edtan\u00e1k a haj term\u00e9szetes s\u0171r\u0171s\u00e9g\u00e9t. A finoman r\u00e9tegzett v\u00e1g\u00e1s (Soft Layered Cut) sor\u00e1n a l\u00e1thatatlan, puha \u00e1tmenetek \u00e9letet visznek a tincsekbe, \u00edgy a hossz\u00fa haj meg\u0151rizheti teljes t\u00f6meg\u00e9t, mik\u00f6zben dinamikusabb\u00e1 \u00e9s kezelhet\u0151bb\u00e9 v\u00e1lik.<\/p>\n\n\n\n<figure class=\"wp-block-image size-large\"><img loading=\"lazy\" decoding=\"async\" width=\"1200\" height=\"801\" src=\"https:\/\/magicon.hu\/wp-content\/uploads\/2026\/09\/freepik-1069672.jpg\" alt=\"Frizura - klasszikusok \" class=\"wp-image-169\" srcset=\"https:\/\/magicon.hu\/wp-content\/uploads\/2026\/09\/freepik-1069672.jpg 1200w, https:\/\/magicon.hu\/wp-content\/uploads\/2026\/09\/freepik-1069672-300x200.jpg 300w, https:\/\/magicon.hu\/wp-content\/uploads\/2026\/09\/freepik-1069672-1024x684.jpg 1024w, https:\/\/magicon.hu\/wp-content\/uploads\/2026\/09\/freepik-1069672-768x513.jpg 768w\" sizes=\"auto, (max-width: 1200px) 100vw, 1200px\" \/><\/figure>\n\n\n\n<p class=\"wp-block-paragraph\">A hossz\u00fa hajviseletek ter\u00e9n tapasztalhat\u00f3 fejl\u0151d\u00e9s mellett a klasszikus frizur\u00e1k is \u00fajra meghat\u00e1roz\u00f3v\u00e1 v\u00e1ltak. A kilencvenes \u00e9vek szupermodelljeinek vil\u00e1ga \u00e1ltal ihletett, ultra-n\u0151ies, d\u00fasra besz\u00e1r\u00edtott &#8222;bombshell&#8221; st\u00edlus a rugalmas tart\u00e1sra \u00e9s a megemelt hajt\u00f6vekre \u00e9p\u00fcl. Ezzel p\u00e1rhuzamosan a term\u00e9szetes g\u00f6nd\u00f6rs\u00e9g elfogad\u00e1sa \u00e9s kiemel\u00e9se is el\u0151t\u00e9rbe ker\u00fclt: a szigor\u00fa egyenes\u00edt\u00e9s helyett a j\u00f3l defini\u00e1lt, rugalmas \u00e9s megfelel\u0151en t\u00e1pl\u00e1lt f\u00fcrt\u00f6k hat\u00e1rozz\u00e1k meg a hull\u00e1mos haj divatj\u00e1t.<\/p>\n\n\n\n<h2 class=\"wp-block-heading\">Karakteres r\u00e9szletek a v\u00e1laszt\u00e9kt\u00f3l a v\u00e1ltozatos frufrukig<\/h2>\n\n\n\n<p class=\"wp-block-paragraph\">A teljes hosszv\u00e1ltoztat\u00e1s n\u00e9lk\u00fcl el\u00e9rhet\u0151 st\u00edlusv\u00e1lt\u00e1s leghat\u00e9konyabb eszk\u00f6zei az apr\u00f3, \u00e1m ann\u00e1l karakteresebb form\u00e1z\u00e1si r\u00e9szletek. Egy j\u00f3l megv\u00e1lasztott v\u00e1laszt\u00e9k vagy egy gondosan illesztett frufru gy\u00f6keresen megv\u00e1ltoztathatja az arc ar\u00e1nyait \u00e9s az eg\u00e9sz megjelen\u00e9s hangulat\u00e1t.<\/p>\n\n\n\n<p class=\"wp-block-paragraph\">Az apr\u00f3 form\u00e1z\u00e1si elemek hat\u00e1sai \u00e9s t\u00edpusai:<\/p>\n\n\n\n<ul class=\"wp-block-list\">\n<li><strong>Oldals\u00f3 v\u00e1laszt\u00e9k:<\/strong> B\u00e1r a k\u00f6z\u00e9ps\u0151 elv\u00e1laszt\u00e1s tov\u00e1bbra is jelen van, az oldals\u00f3 v\u00e1laszt\u00e9k kiemelked\u0151 szerephez jutott. Ak\u00e1r csak enyh\u00e9n eltolva, ak\u00e1r m\u00e9lyen a hal\u00e1nt\u00e9kt\u00f3l ind\u00edtva alkalmazz\u00e1k, azonnal aszimmetrikus dinamik\u00e1t \u00e9s eleganci\u00e1t k\u00f6lcs\u00f6n\u00f6z a frizur\u00e1nak.<\/li>\n\n\n\n<li><strong>Rendezetlen \u00e9s boh\u00e9m frufru:<\/strong> A vonalz\u00f3val h\u00fazott, szigor\u00faan egyenes frufruk hely\u00e9t \u00e1tvett\u00e9k a l\u00e1gyan oml\u00f3, t\u00f6bbr\u00e9teg\u0171 f\u00fcgg\u00f6nyfrufruk \u00e9s a laza, boh\u00e9m megold\u00e1sok. Ezek a t\u00edpusok puh\u00edtj\u00e1k az arc kont\u00farjait, \u00e9s len\u00f6v\u00e9s k\u00f6zben is k\u00f6nnyen kezelhet\u0151k maradnak.<\/li>\n\n\n\n<li><strong>Baby Bangs (mikrofrufru):<\/strong> A kifejezetten karakteres megjelen\u00e9st kedvel\u0151k sz\u00e1m\u00e1ra a homlok k\u00f6zep\u00e9ig vagy m\u00e9g feljebb \u00e9r\u0151 mikrofrufru k\u00edn\u00e1l alternat\u00edv\u00e1t. Ez a megold\u00e1s hat\u00e1rozott keretet ad az arcnak, \u00e9s egyedi, m\u0171v\u00e9szi kisug\u00e1rz\u00e1st eredm\u00e9nyez.<\/li>\n<\/ul>\n\n\n\n<h2 class=\"wp-block-heading\">A legel\u0151ny\u00f6sebb fazon kiv\u00e1laszt\u00e1sa az arcforma alapj\u00e1n<\/h2>\n\n\n\n<p class=\"wp-block-paragraph\">A legdivatosabb \u00e9s legszakszer\u0171bben kivitelezett frizura is csak abban az esetben ny\u00fajt t\u00f6k\u00e9letes hat\u00e1st, ha szerkezetileg \u00e9s form\u00e1j\u00e1ban harmoniz\u00e1l visel\u0151je arcvon\u00e1saival. A hajv\u00e1g\u00e1s kiv\u00e1laszt\u00e1sakor az els\u0151dleges szempont az arc term\u00e9szetes ar\u00e1nyainak kiegyens\u00falyoz\u00e1sa, a mark\u00e1ns von\u00e1sok l\u00e1gy\u00edt\u00e1sa vagy az el\u0151ny\u00f6s ter\u00fcletek kiemel\u00e9se.<\/p>\n\n\n\n<p class=\"wp-block-paragraph\"><strong>Kerek arcforma<\/strong><\/p>\n\n\n\n<ul class=\"wp-block-list\">\n<li><em>Aj\u00e1nlott fazonok:<\/em> V\u00e1ll al\u00e1 \u00e9r\u0151 long bob (lob), m\u00e9ly vagy enyhe oldals\u00f3 v\u00e1laszt\u00e9k, valamint a laz\u00e1n r\u00e9tegezett, f\u00fcgg\u0151leges ir\u00e1nyults\u00e1g\u00fa v\u00e1g\u00e1sok.<\/li>\n\n\n\n<li><em>Ker\u00fclend\u0151 form\u00e1k:<\/em> Az \u00e1llig \u00e9r\u0151, t\u00f6m\u00f6r, egyenes bob v\u00e1g\u00e1sok \u00e9s a szigor\u00fa, egyenesen v\u00e1gott frufruk, mivel ezek optikailag sz\u00e9les\u00edtik az arcot.<\/li>\n\n\n\n<li><em>A v\u00e1g\u00e1s logik\u00e1ja:<\/em> A hossz\u00edtott, r\u00e9tegzett form\u00e1k f\u00fcgg\u0151leges ir\u00e1nyban megny\u00fajtj\u00e1k az arc vonal\u00e1t, megel\u0151zve, hogy a haj merev, g\u00f6mb\u00f6ly\u0171 keretbe z\u00e1rja a von\u00e1sokat.<\/li>\n<\/ul>\n\n\n\n<p class=\"wp-block-paragraph\"><strong>Ov\u00e1lis arcforma<\/strong><\/p>\n\n\n\n<ul class=\"wp-block-list\">\n<li><em>Aj\u00e1nlott fazonok:<\/em> R\u00f6vid pixie, bixie, hat\u00e1rozott frufruk, valamint a d\u00fasabb es\u00e9s\u0171 olasz bob.<\/li>\n\n\n\n<li><em>Ker\u00fclend\u0151 form\u00e1k:<\/em> A fejtet\u0151n t\u00falzottan magasra \u00e9p\u00edtett, extr\u00e9m megemelt frizur\u00e1k, amelyek sz\u00fcks\u00e9gtelen\u00fcl megny\u00fajthatj\u00e1k az am\u00fagy kiegyens\u00falyozott ar\u00e1nyokat.<\/li>\n\n\n\n<li><em>A v\u00e1g\u00e1s logik\u00e1ja:<\/em> Az ov\u00e1lis forma tekinthet\u0151 az ar\u00e1nyok szempontj\u00e1b\u00f3l a legkiegyens\u00falyozottabbnak, \u00edgy enn\u00e9l a t\u00edpusn\u00e1l szinte b\u00e1rmilyen hossz\u00fas\u00e1g \u00e9s forma meg\u00e1llja a hely\u00e9t.<\/li>\n<\/ul>\n\n\n\n<p class=\"wp-block-paragraph\"><strong>Sz\u00f6gletes arcforma<\/strong><\/p>\n\n\n\n<ul class=\"wp-block-list\">\n<li><em>Aj\u00e1nlott fazonok:<\/em> Finoman \u00edvelt frufruk, az arcot puh\u00e1n k\u00f6rbe\u00f6lel\u0151 r\u00e9tegezett tincsek, valamint a l\u00e1gy, term\u00e9szetes hull\u00e1mok.<\/li>\n\n\n\n<li><em>Ker\u00fclend\u0151 form\u00e1k:<\/em> Az \u00e9les, geometriai pontoss\u00e1g\u00fa, sz\u00f6gletes v\u00e1g\u00e1sok \u00e9s az \u00e1ll vonal\u00e1ban v\u00e9gz\u0151d\u0151 egyenes frizur\u00e1k, amelyek tov\u00e1bb hangs\u00falyozz\u00e1k az \u00e1llkapocs sz\u00f6gletess\u00e9g\u00e9t.<\/li>\n\n\n\n<li><em>A v\u00e1g\u00e1s logik\u00e1ja:<\/em> A l\u00e1gy\u00edtott, \u00edves szerkezetek \u00e9s a textur\u00e1lt r\u00e9tegek tomp\u00edtj\u00e1k a mark\u00e1ns csontszerkezetet, ez\u00e1ltal finomabb\u00e1 teszik az \u00f6sszk\u00e9pet.<\/li>\n<\/ul>\n\n\n\n<p class=\"wp-block-paragraph\"><strong>Sz\u00edv alak\u00fa arcforma<\/strong><\/p>\n\n\n\n<ul class=\"wp-block-list\">\n<li><em>Aj\u00e1nlott fazonok:<\/em> \u00c1llig \u00e9r\u0151 bob fazonok, oldalra hosszabbod\u00f3 r\u00e9tegek, valamint a kifel\u00e9 form\u00e1zott, sz\u00e9tter\u00fcl\u0151 hajv\u00e9gek.<\/li>\n\n\n\n<li><em>Ker\u00fclend\u0151 form\u00e1k:<\/em> A fejtet\u0151n t\u00falzott volument k\u00e9pez\u0151, valamint a hal\u00e1nt\u00e9kn\u00e1l nagyon sz\u00e9lesre form\u00e1zott hajviseletek.<\/li>\n\n\n\n<li><em>A v\u00e1g\u00e1s logik\u00e1ja:<\/em> A v\u00e1g\u00e1s c\u00e9lja az ar\u00e1nyok kiegyenl\u00edt\u00e9se: a fels\u0151 r\u00e9sz optikai keskeny\u00edt\u00e9se mellett az \u00e1ll k\u00f6rny\u00e9k\u00e9nek d\u00fas\u00edt\u00e1sa teremt szimmetri\u00e1t.<\/li>\n<\/ul>\n\n\n\n<h2 class=\"wp-block-heading\">A haj eg\u00e9szs\u00e9g\u00e9nek meg\u0151rz\u00e9se<\/h2>\n\n\n\n<p class=\"wp-block-paragraph\">Mivel a kort\u00e1rs frizuratrendek a haj term\u00e9szetes es\u00e9s\u00e9re, f\u00e9ny\u00e9re \u00e9s rugalmass\u00e1g\u00e1ra \u00e9p\u00fclnek, a t\u00f6k\u00e9letes megjelen\u00e9s elengedhetetlen alapfelt\u00e9tele a hajsz\u00e1lak bels\u0151 eg\u00e9szs\u00e9ge. A roncsolt, kisz\u00e1radt vagy t\u00f6redezett hajv\u00e9geken m\u00e9g a legprec\u00edzebb v\u00e1g\u00e1si technika sem tudja kifejteni a k\u00edv\u00e1nt eszt\u00e9tikai hat\u00e1st.<\/p>\n\n\n\n<p class=\"wp-block-paragraph\">A fenntarthat\u00f3 \u00e9s k\u00edm\u00e9letes haj\u00e1pol\u00e1si rutin kulcselemei:<\/p>\n\n\n\n<ul class=\"wp-block-list\">\n<li><strong>Hidrat\u00e1l\u00e1s \u00e9s m\u00e9lyt\u00e1pl\u00e1l\u00e1s:<\/strong> A rendszeresen alkalmazott m\u00e9lyhidrat\u00e1l\u00f3 hajmaszkok \u00e9s intenz\u00edv \u00e1pol\u00f3 kezel\u00e9sek visszaadj\u00e1k a hajsz\u00e1lak rugalmass\u00e1g\u00e1t, \u00e9s megakad\u00e1lyozz\u00e1k a szerkezeti kisz\u00e1rad\u00e1st.<\/li>\n\n\n\n<li><strong>K\u00f6nny\u0171 hajolajok haszn\u00e1lata:<\/strong> A form\u00e1z\u00e1s befejez\u0151 l\u00e9p\u00e9sek\u00e9nt alkalmazott k\u00f6nny\u0171 olajok lez\u00e1rj\u00e1k a kutikul\u00e1t, megv\u00e9dik a hajv\u00e9geket a fizikai s\u00farl\u00f3d\u00e1st\u00f3l, \u00e9s hosszan tart\u00f3 ragyog\u00e1st biztos\u00edtanak.<\/li>\n\n\n\n<li><strong>Tudatos volumenn\u00f6vel\u00e9s:<\/strong> A r\u00e9tegzett \u00e9s textur\u00e1lt v\u00e1g\u00e1sok tart\u00e1s\u00e1nak meg\u0151rz\u00e9s\u00e9hez \u00e9rdemes k\u00f6nnyed hajt\u0151emel\u0151 spray-ket haszn\u00e1lni, amelyek elnehez\u00edt\u00e9s n\u00e9lk\u00fcl biztos\u00edtanak emel\u00e9st a hajt\u00f6vekn\u00e9l.<\/li>\n\n\n\n<li><strong>A h\u0151hat\u00e1sok m\u00e9rs\u00e9kl\u00e9se:<\/strong> A t\u00falzott h\u0151vel j\u00e1r\u00f3 form\u00e1z\u00e1si elj\u00e1r\u00e1sok \u2013 mint a napi szint\u0171 hajvasal\u00e1s vagy a t\u00fal forr\u00f3 leveg\u0151vel t\u00f6rt\u00e9n\u0151 sz\u00e1r\u00edt\u00e1s \u2013 ker\u00fcl\u00e9se meg\u00f3vja a hajsz\u00e1lak keratinstrukt\u00far\u00e1j\u00e1t, lehet\u0151v\u00e9 t\u00e9ve a haj term\u00e9szetes text\u00far\u00e1j\u00e1nak kibontakoz\u00e1s\u00e1t.<\/li>\n<\/ul>\n","protected":false},"excerpt":{"rendered":"<p>Kev\u00e9s olyan k\u00fcls\u0151 t\u00e9nyez\u0151 akad, amely annyira alapvet\u0151en hat\u00e1rozn\u00e1 meg az emberi kisug\u00e1rz\u00e1st \u00e9s a mindennapi megjelen\u00e9sb\u0151l fakad\u00f3\u2026<\/p>\n","protected":false},"author":1,"featured_media":168,"comment_status":"closed","ping_status":"closed","sticky":false,"template":"","format":"standard","meta":{"footnotes":""},"categories":[12],"tags":[20,29,30,31,21,22,23,24,25,26,27,28],"class_list":["post-170","post","type-post","status-publish","format-standard","has-post-thumbnail","hentry","category-utazas-es-szabadido","tag-20","tag-29","tag-30","tag-31","tag-21","tag-22","tag-23","tag-24","tag-25","tag-26","tag-27","tag-28"],"_links":{"self":[{"href":"https:\/\/magicon.hu\/?rest_route=\/wp\/v2\/posts\/170","targetHints":{"allow":["GET"]}}],"collection":[{"href":"https:\/\/magicon.hu\/?rest_route=\/wp\/v2\/posts"}],"about":[{"href":"https:\/\/magicon.hu\/?rest_route=\/wp\/v2\/types\/post"}],"author":[{"embeddable":true,"href":"https:\/\/magicon.hu\/?rest_route=\/wp\/v2\/users\/1"}],"replies":[{"embeddable":true,"href":"https:\/\/magicon.hu\/?rest_route=%2Fwp%2Fv2%2Fcomments&post=170"}],"version-history":[{"count":2,"href":"https:\/\/magicon.hu\/?rest_route=\/wp\/v2\/posts\/170\/revisions"}],"predecessor-version":[{"id":172,"href":"https:\/\/magicon.hu\/?rest_route=\/wp\/v2\/posts\/170\/revisions\/172"}],"wp:featuredmedia":[{"embeddable":true,"href":"https:\/\/magicon.hu\/?rest_route=\/wp\/v2\/media\/168"}],"wp:attachment":[{"href":"https:\/\/magicon.hu\/?rest_route=%2Fwp%2Fv2%2Fmedia&parent=170"}],"wp:term":[{"taxonomy":"category","embeddable":true,"href":"https:\/\/magicon.hu\/?rest_route=%2Fwp%2Fv2%2Fcategories&post=170"},{"taxonomy":"post_tag","embeddable":true,"href":"https:\/\/magicon.hu\/?rest_route=%2Fwp%2Fv2%2Ftags&post=170"}],"curies":[{"name":"wp","href":"https:\/\/api.w.org\/{rel}","templated":true}]}}