{"id":165,"date":"2026-09-01T06:45:48","date_gmt":"2026-09-01T04:45:48","guid":{"rendered":"https:\/\/magicon.hu\/?p=165"},"modified":"2026-09-01T06:45:48","modified_gmt":"2026-09-01T04:45:48","slug":"jo-filmek","status":"publish","type":"post","link":"https:\/\/magicon.hu\/jo-filmek\/","title":{"rendered":"J\u00f3 filmek &#8211; igen, ezek az igaz\u00e1n j\u00f3 filmek, amelyek \u00fczembiztosan vel\u00fcnk vannak"},"content":{"rendered":"\n<p class=\"wp-block-paragraph\">A modern m\u00e9diak\u00edn\u00e1lat b\u0151s\u00e9g\u00e9ben neh\u00e9z megtal\u00e1lni azokat az alkot\u00e1sokat, amelyek val\u00f3di szellemi \u00e9s \u00e9rzelmi \u00e9rt\u00e9ket k\u00e9pviselnek. A filmt\u00f6rt\u00e9net legkiemelked\u0151bb m\u0171vei a k\u00f6z\u00f6ns\u00e9g\u00e9rt\u00e9kel\u00e9sek \u00e1ltal igazolt alapm\u0171vekt\u0151l az aranykori klasszikusokon \u00e9s a fesz\u00fclt l\u00e9lektani t\u00f6rt\u00e9neteken \u00e1t a leg\u00fajabb kort\u00e1rs dr\u00e1m\u00e1kig terjednek.<\/p>\n\n\n\n<h2 class=\"wp-block-heading\">Kihagyhatatlan alapm\u0171vek az IMDb k\u00f6z\u00f6ns\u00e9g\u00e9rt\u00e9kel\u00e9sei alapj\u00e1n<\/h2>\n\n\n\n<p class=\"wp-block-paragraph\">Az Internet Movie Database (IMDb) vagy a hazai Mafab t\u00f6bb milli\u00f3 felhaszn\u00e1l\u00f3j\u00e1nak \u00e9rt\u00e9kel\u00e9sei alapj\u00e1n \u00f6ssze\u00e1ll\u00edtott ranglist\u00e1k megb\u00edzhat\u00f3 kiindul\u00f3pontot ny\u00fajtanak a min\u0151s\u00e9gi alkot\u00e1sok kiv\u00e1laszt\u00e1s\u00e1hoz, \u00e1m a d\u00f6nt\u00e9sn\u00e9l v\u00e9g\u00fcl mindig a saj\u00e1t \u00edzl\u00e9s az els\u0151dleges. Az itt tal\u00e1lhat\u00f3 dr\u00e1m\u00e1k \u00e9s t\u00f6rt\u00e9neti eposzok az emberi tart\u00e1s, a megbocs\u00e1t\u00e1s \u00e9s az igazs\u00e1gkeres\u00e9s \u00f6r\u00f6k\u00e9rv\u00e9ny\u0171 t\u00e9m\u00e1it dolgozz\u00e1k fel.<\/p>\n\n\n\n<ul class=\"wp-block-list\">\n<li><strong>A rem\u00e9ny rabjai (The Shawshank Redemption, 1994):<\/strong> Stephen King kisreg\u00e9nye nyom\u00e1n, a magyar sz\u00e1rmaz\u00e1s\u00fa Frank Darabont rendez\u00e9s\u00e9ben k\u00e9sz\u00fclt dr\u00e1ma az igazs\u00e1g, a kitart\u00e1s \u00e9s a lelki szabads\u00e1g szimb\u00f3lum\u00e1v\u00e1 v\u00e1lt. Tim Robbins \u00e9s Morgan Freeman alak\u00edt\u00e1sa megmutatja, mik\u00e9nt \u0151rizhet\u0151 meg az emberi m\u00e9lt\u00f3s\u00e1g \u00e9s a rem\u00e9ny m\u00e9g a legmostoh\u00e1bb k\u00f6r\u00fclm\u00e9nyek k\u00f6z\u00f6tt is.<\/li>\n<\/ul>\n\n\n\n<figure class=\"wp-block-embed is-type-video is-provider-youtube wp-block-embed-youtube wp-embed-aspect-16-9 wp-has-aspect-ratio\"><div class=\"wp-block-embed__wrapper\">\n<iframe loading=\"lazy\" title=\"The Shawshank Redemption (1994) Official Trailer #1 - Morgan Freeman Movie HD\" width=\"500\" height=\"281\" src=\"https:\/\/www.youtube.com\/embed\/NmzuHjWmXOc?feature=oembed\" frameborder=\"0\" allow=\"accelerometer; autoplay; clipboard-write; encrypted-media; gyroscope; picture-in-picture; web-share\" referrerpolicy=\"strict-origin-when-cross-origin\" allowfullscreen><\/iframe>\n<\/div><\/figure>\n\n\n\n<ul class=\"wp-block-list\">\n<li><strong>A Keresztapa I. \u00e9s II. (The Godfather, 1972, 1974):<\/strong> Francis Ford Coppola eposza Mario Puzo reg\u00e9ny\u00e9t emelte a filmm\u0171v\u00e9szet cs\u00facs\u00e1ra. A Corleone csal\u00e1d gener\u00e1ci\u00f3kon \u00e1t\u00edvel\u0151 t\u00f6rt\u00e9nete a hatalom term\u00e9szet\u00e9t, a csal\u00e1di lojalit\u00e1s hat\u00e1rait \u00e9s a mor\u00e1lis hanyatl\u00e1st \u00e1br\u00e1zolja mesteri m\u00f3don.<\/li>\n<\/ul>\n\n\n\n<figure class=\"wp-block-embed is-type-video is-provider-youtube wp-block-embed-youtube wp-embed-aspect-16-9 wp-has-aspect-ratio\"><div class=\"wp-block-embed__wrapper\">\n<iframe loading=\"lazy\" title=\"Keresztapa II. (1974) - Magyar el\u0151zetes\" width=\"500\" height=\"281\" src=\"https:\/\/www.youtube.com\/embed\/93y-Rdw5Oio?feature=oembed\" frameborder=\"0\" allow=\"accelerometer; autoplay; clipboard-write; encrypted-media; gyroscope; picture-in-picture; web-share\" referrerpolicy=\"strict-origin-when-cross-origin\" allowfullscreen><\/iframe>\n<\/div><\/figure>\n\n\n\n<ul class=\"wp-block-list\">\n<li><strong>Schindler list\u00e1ja (Schindler&#8217;s List, 1993):<\/strong> Steven Spielberg fekete-feh\u00e9r remekm\u0171ve Oskar Schindler igaz t\u00f6rt\u00e9net\u00e9t dolgozza fel, aki t\u00f6bb mint ezer zsid\u00f3 \u00e9let\u00e9t mentette meg a holokauszt idej\u00e9n. A film az \u00f6nfel\u00e1ldoz\u00e1s \u00e9s az egy\u00e9ni felel\u0151ss\u00e9gv\u00e1llal\u00e1s kiemelked\u0151 mement\u00f3ja a t\u00f6rt\u00e9nelem legnehezebb id\u0151szak\u00e1ban.<\/li>\n<\/ul>\n\n\n\n<figure class=\"wp-block-embed is-type-video is-provider-youtube wp-block-embed-youtube wp-embed-aspect-16-9 wp-has-aspect-ratio\"><div class=\"wp-block-embed__wrapper\">\n<iframe loading=\"lazy\" title=\"Schindler&amp;apos;s List (1993) Official Trailer - Liam Neeson, Steven Spielberg Movie HD\" width=\"500\" height=\"281\" src=\"https:\/\/www.youtube.com\/embed\/gG22XNhtnoY?feature=oembed\" frameborder=\"0\" allow=\"accelerometer; autoplay; clipboard-write; encrypted-media; gyroscope; picture-in-picture; web-share\" referrerpolicy=\"strict-origin-when-cross-origin\" allowfullscreen><\/iframe>\n<\/div><\/figure>\n\n\n\n<ul class=\"wp-block-list\">\n<li><strong>12 d\u00fch\u00f6s ember (12 Angry Men, 1957):<\/strong> Sidney Lumet kamaradr\u00e1m\u00e1j\u00e1ban tizenk\u00e9t esk\u00fcdt d\u00f6nt egy fiatal fi\u00fa sors\u00e1r\u00f3l. A t\u00f6rt\u00e9net r\u00e1vil\u00e1g\u00edt az el\u0151\u00edt\u00e9letek vesz\u00e9lyeire, a csoportnyom\u00e1sra \u00e9s az igazs\u00e1g kider\u00edt\u00e9s\u00e9hez sz\u00fcks\u00e9ges szem\u00e9lyes b\u00e1tor ki\u00e1ll\u00e1sra.<\/li>\n<\/ul>\n\n\n\n<figure class=\"wp-block-embed is-type-video is-provider-youtube wp-block-embed-youtube wp-embed-aspect-16-9 wp-has-aspect-ratio\"><div class=\"wp-block-embed__wrapper\">\n<iframe loading=\"lazy\" title=\"12 ANGRY MEN (1957) | Official Trailer | MGM\" width=\"500\" height=\"281\" src=\"https:\/\/www.youtube.com\/embed\/TEN-2uTi2c0?feature=oembed\" frameborder=\"0\" allow=\"accelerometer; autoplay; clipboard-write; encrypted-media; gyroscope; picture-in-picture; web-share\" referrerpolicy=\"strict-origin-when-cross-origin\" allowfullscreen><\/iframe>\n<\/div><\/figure>\n\n\n\n<h2 class=\"wp-block-heading\">Hollywoodi klasszikusok a filmgy\u00e1rt\u00e1s aranykor\u00e1b\u00f3l<\/h2>\n\n\n\n<p class=\"wp-block-paragraph\">A modern filmk\u00e9sz\u00edt\u00e9s formai, technikai \u00e9s narrat\u00edv alapjait a huszadik sz\u00e1zad k\u00f6zep\u00e9n, a harmincas \u00e9s negyvenes \u00e9vekben fektett\u00e9k le. Az ebben az id\u0151szakban sz\u00fcletett alkot\u00e1sok nemcsak vizu\u00e1lisan t\u00e1g\u00edtott\u00e1k ki a mozi hat\u00e1rait, hanem m\u00e9ly t\u00e1rsadalmi \u00e9s pszichol\u00f3giai k\u00e9rd\u00e9seket is felvetettek.<\/p>\n\n\n\n<p class=\"wp-block-paragraph\">A mind\u00f6ssze 25 \u00e9ves Orson Welles 1941-es <strong>Aranypolg\u00e1r (Citizen Kane)<\/strong> c\u00edm\u0171 rendez\u00e9se formabont\u00f3 alkot\u00e1s, amely a hatalom megszerz\u00e9s\u00e9nek \u00e1r\u00e1val, a t\u00e1rsadalmi elhideg\u00fcl\u00e9ssel \u00e9s a szem\u00e9lyes mag\u00e1nnyal foglalkozik. Charles Foster Kane sajt\u00f3m\u00e1gn\u00e1s \u00e9lett\u00f6rt\u00e9nete \u00f6sszetett szerkezet\u00e9vel \u00e9vtizedekkel megel\u0151zte a kor\u00e1t. <\/p>\n\n\n\n<figure class=\"wp-block-embed is-type-video is-provider-youtube wp-block-embed-youtube wp-embed-aspect-16-9 wp-has-aspect-ratio\"><div class=\"wp-block-embed__wrapper\">\n<iframe loading=\"lazy\" title=\"CITIZEN KANE: 75th Anniversary Trailer\" width=\"500\" height=\"281\" src=\"https:\/\/www.youtube.com\/embed\/2HY35DNYt8g?feature=oembed\" frameborder=\"0\" allow=\"accelerometer; autoplay; clipboard-write; encrypted-media; gyroscope; picture-in-picture; web-share\" referrerpolicy=\"strict-origin-when-cross-origin\" allowfullscreen><\/iframe>\n<\/div><\/figure>\n\n\n\n<p class=\"wp-block-paragraph\">Ezzel p\u00e1rhuzamosan Frank Capra 1939-es klasszikusa, a <strong>Mr. Smith Washingtonba megy (Mr. Smith Goes to Washington)<\/strong> a politikai idealizmus \u00e9s az egy\u00e9ni felel\u0151ss\u00e9gv\u00e1llal\u00e1s mintak\u00e9pe. James Stewart alak\u00edt\u00e1s\u00e1ban az idealista kezd\u0151 szen\u00e1tor egyed\u00fcl sz\u00e1ll szembe a korrupci\u00f3s g\u00e9pezettel, bemutatva az erk\u00f6lcsi tart\u00e1s erej\u00e9t.<\/p>\n\n\n\n<figure class=\"wp-block-embed is-type-video is-provider-youtube wp-block-embed-youtube wp-embed-aspect-16-9 wp-has-aspect-ratio\"><div class=\"wp-block-embed__wrapper\">\n<iframe loading=\"lazy\" title=\"MR. SMITH GOES TO WASHINGTON: MODERN TRAILER\" width=\"500\" height=\"281\" src=\"https:\/\/www.youtube.com\/embed\/bXoF7w6IWAc?feature=oembed\" frameborder=\"0\" allow=\"accelerometer; autoplay; clipboard-write; encrypted-media; gyroscope; picture-in-picture; web-share\" referrerpolicy=\"strict-origin-when-cross-origin\" allowfullscreen><\/iframe>\n<\/div><\/figure>\n\n\n\n<h2 class=\"wp-block-heading\">A legfesz\u00fcltebb t\u00f6rt\u00e9netek<\/h2>\n\n\n\n<p class=\"wp-block-paragraph\">A pszichol\u00f3giai thrillerek \u00e9s a komplex rejt\u00e9lyek k\u00fcl\u00f6nleges szellemi kih\u00edv\u00e1st ny\u00fajtanak a n\u00e9z\u0151k sz\u00e1m\u00e1ra. Az emberi elme m\u0171k\u00f6d\u00e9s\u00e9t, a manipul\u00e1ci\u00f3t \u00e9s az \u00f6nbecsap\u00e1st vizsg\u00e1l\u00f3 alkot\u00e1sok v\u00e9gig fesz\u00fclts\u00e9gben tartj\u00e1k a k\u00f6z\u00f6ns\u00e9get, mik\u00f6zben szokatlan narrat\u00edv szerkezet\u00fckkel k\u00e9nyszer\u00edtik \u00fajra\u00e9rt\u00e9kel\u00e9sre a l\u00e1tottakat.<\/p>\n\n\n\n<p class=\"wp-block-paragraph\">Christopher Nolan 2006-os rendez\u00e9se, <strong>A t\u00f6k\u00e9letes tr\u00fckk (The Prestige)<\/strong> k\u00e9t megsz\u00e1llott, egym\u00e1ssal rivaliz\u00e1l\u00f3 b\u0171v\u00e9sz dr\u00e1m\u00e1j\u00e1t mutatja be. A t\u00f6rt\u00e9net maga is egy prec\u00edzen fel\u00e9p\u00edtett ill\u00fazi\u00f3, amely a szakmai f\u00e9lt\u00e9kenys\u00e9g \u00e9s a szem\u00e9lyes \u00e1ldozathozatal mor\u00e1lis hat\u00e1rait feszegeti, miel\u0151tt katartikus leleplez\u00e9ssel z\u00e1rulna. <\/p>\n\n\n\n<figure class=\"wp-block-embed is-type-video is-provider-youtube wp-block-embed-youtube wp-embed-aspect-16-9 wp-has-aspect-ratio\"><div class=\"wp-block-embed__wrapper\">\n<iframe loading=\"lazy\" title=\"The Prestige (2006) Trailer #1 | Movieclips Classic Trailers\" width=\"500\" height=\"281\" src=\"https:\/\/www.youtube.com\/embed\/RLtaA9fFNXU?feature=oembed\" frameborder=\"0\" allow=\"accelerometer; autoplay; clipboard-write; encrypted-media; gyroscope; picture-in-picture; web-share\" referrerpolicy=\"strict-origin-when-cross-origin\" allowfullscreen><\/iframe>\n<\/div><\/figure>\n\n\n\n<p class=\"wp-block-paragraph\">David Fincher 2014-es alkot\u00e1sa, a <strong>Holtodiglan (Gone Girl)<\/strong> egy h\u00e1zasp\u00e1r megromlott kapcsolat\u00e1n \u00e9s a feles\u00e9g hirtelen elt\u0171n\u00e9s\u00e9n kereszt\u00fcl mutatja be a m\u00e9dia manipulat\u00edv erej\u00e9t, valamint a l\u00e1tszatvil\u00e1g m\u00f6g\u00f6tt h\u00faz\u00f3d\u00f3 l\u00e9lektani j\u00e1tszm\u00e1kat. <\/p>\n\n\n\n<figure class=\"wp-block-embed is-type-video is-provider-youtube wp-block-embed-youtube wp-embed-aspect-16-9 wp-has-aspect-ratio\"><div class=\"wp-block-embed__wrapper\">\n<iframe loading=\"lazy\" title=\"Gone Girl | Official Trailer [HD] | 20th Century FOX\" width=\"500\" height=\"281\" src=\"https:\/\/www.youtube.com\/embed\/2-_-1nJf8Vg?feature=oembed\" frameborder=\"0\" allow=\"accelerometer; autoplay; clipboard-write; encrypted-media; gyroscope; picture-in-picture; web-share\" referrerpolicy=\"strict-origin-when-cross-origin\" allowfullscreen><\/iframe>\n<\/div><\/figure>\n\n\n\n<p class=\"wp-block-paragraph\">Nolan kor\u00e1bbi mesterm\u0171ve, a 2000-ben megjelent <strong>Mement\u00f3 (Memento)<\/strong> pedig egy r\u00f6vid t\u00e1v\u00fa mem\u00f3riazavarban szenved\u0151 f\u00e9rfi igazs\u00e1gkeres\u00e9s\u00e9t t\u00e1rja fel. A visszafel\u00e9 halad\u00f3 id\u0151szerkezet r\u00e9v\u00e9n a n\u00e9z\u0151 k\u00f6zvetlen\u00fcl tapasztalja meg a bizonytalans\u00e1got \u00e9s az emberi eml\u00e9kezet megb\u00edzhatatlans\u00e1g\u00e1t.<\/p>\n\n\n\n<figure class=\"wp-block-embed is-type-video is-provider-youtube wp-block-embed-youtube wp-embed-aspect-16-9 wp-has-aspect-ratio\"><div class=\"wp-block-embed__wrapper\">\n<iframe loading=\"lazy\" title=\"Memento (2000) Trailer #1 | Movieclips Classic Trailers\" width=\"500\" height=\"281\" src=\"https:\/\/www.youtube.com\/embed\/4CV41hoyS8A?feature=oembed\" frameborder=\"0\" allow=\"accelerometer; autoplay; clipboard-write; encrypted-media; gyroscope; picture-in-picture; web-share\" referrerpolicy=\"strict-origin-when-cross-origin\" allowfullscreen><\/iframe>\n<\/div><\/figure>\n\n\n\n<h2 class=\"wp-block-heading\">Kiemelked\u0151 kort\u00e1rs alkot\u00e1sok \u00e9s \u00faj filmek a k\u00f6zelm\u00faltb\u00f3l<\/h2>\n\n\n\n<p class=\"wp-block-paragraph\">A leg\u00fajabb nemzetk\u00f6zi \u00e9s hazai rendez\u00e9sek a jelenkor \u00e9get\u0151 mor\u00e1lis dilemm\u00e1ira \u00e9s t\u00e1rsadalmi kih\u00edv\u00e1saira reag\u00e1lnak. Az <strong>\u00faj filmek<\/strong> k\u00f6z\u00f6tt k\u00fcl\u00f6n\u00f6sen \u00e9rt\u00e9kesek azok a kort\u00e1rs dr\u00e1m\u00e1k, amelyek a csal\u00e1di lojalit\u00e1s, az egy\u00e9ni felel\u0151ss\u00e9g \u00e9s a lelkiismeret \u00f6sszecsap\u00e1s\u00e1t \u00e1br\u00e1zolj\u00e1k megr\u00e1z\u00f3 hiteless\u00e9ggel.<\/p>\n\n\n\n<figure class=\"wp-block-embed is-type-video is-provider-youtube wp-block-embed-youtube wp-embed-aspect-16-9 wp-has-aspect-ratio\"><div class=\"wp-block-embed__wrapper\">\n<iframe loading=\"lazy\" title=\"A szent f\u00fcge magja feliratos el\u0151zetes (16)\" width=\"500\" height=\"281\" src=\"https:\/\/www.youtube.com\/embed\/qfrq-I82qio?feature=oembed\" frameborder=\"0\" allow=\"accelerometer; autoplay; clipboard-write; encrypted-media; gyroscope; picture-in-picture; web-share\" referrerpolicy=\"strict-origin-when-cross-origin\" allowfullscreen><\/iframe>\n<\/div><\/figure>\n\n\n\n<p class=\"wp-block-paragraph\">Mohammad Raszulof teher\u00e1ni politikai dr\u00e1m\u00e1ja, <strong>A szent f\u00fcge magja (The Seed of the Sacred Fig)<\/strong> a t\u00e1rsadalmi fesz\u00fclts\u00e9gek \u00e1rny\u00e9k\u00e1ban vizsg\u00e1lja egy vizsg\u00e1l\u00f3b\u00edr\u00f3 csal\u00e1dj\u00e1nak bels\u0151 sz\u00e9tes\u00e9s\u00e9t. A Cannes-i Fesztiv\u00e1lon k\u00fcl\u00f6nd\u00edjjal elismert alkot\u00e1s m\u00e9ly l\u00e1tleletet ad az elnyom\u00e1s l\u00e9lektani hat\u00e1sair\u00f3l, valamint az igazs\u00e1g \u00e9s a f\u00e9lelem k\u00f6z\u00f6tti k\u00fczdelemr\u0151l. A kort\u00e1rs magyar filmgy\u00e1rt\u00e1s kiemelked\u0151 \u00fajdons\u00e1ga S\u00f3s B\u00e1lint D\u00e1niel els\u0151 nagyj\u00e1t\u00e9kfilmje, a <strong>Minden rendben<\/strong>. <\/p>\n\n\n\n<figure class=\"wp-block-embed is-type-video is-provider-youtube wp-block-embed-youtube wp-embed-aspect-16-9 wp-has-aspect-ratio\"><div class=\"wp-block-embed__wrapper\">\n<iframe loading=\"lazy\" title=\"Minden Rendben (2025) - Hivatalos el\u0151zetes\" width=\"500\" height=\"281\" src=\"https:\/\/www.youtube.com\/embed\/ZYIWxvsg2KU?feature=oembed\" frameborder=\"0\" allow=\"accelerometer; autoplay; clipboard-write; encrypted-media; gyroscope; picture-in-picture; web-share\" referrerpolicy=\"strict-origin-when-cross-origin\" allowfullscreen><\/iframe>\n<\/div><\/figure>\n\n\n\n<p class=\"wp-block-paragraph\">A t\u00f6rt\u00e9net k\u00f6z\u00e9ppontj\u00e1ban egy \u00e9desapa \u00e1ll, akinek kiskamasz fia s\u00falyos balesetet okoz. A sz\u00fcl\u0151nek megrend\u00edt\u0151 etikai v\u00e1laszt\u00e1ssal kell szemben\u00e9znie: felv\u00e1llalja a felt\u00e1r\u00f3 igazs\u00e1got, vagy a hamis v\u00e9delemmel elhazudja a tettet a gyermeke j\u00f6v\u0151j\u00e9nek meg\u00f3v\u00e1sa \u00e9rdek\u00e9ben. Ez a helyzet pontosan mutatja be a csal\u00e1di felel\u0151ss\u00e9gv\u00e1llal\u00e1s \u00e9s a mor\u00e1lis integrit\u00e1s k\u00f6z\u00f6tti \u00e9les fesz\u00fclts\u00e9get.<\/p>\n","protected":false},"excerpt":{"rendered":"<p>A modern m\u00e9diak\u00edn\u00e1lat b\u0151s\u00e9g\u00e9ben neh\u00e9z megtal\u00e1lni azokat az alkot\u00e1sokat, amelyek val\u00f3di szellemi \u00e9s \u00e9rzelmi \u00e9rt\u00e9ket k\u00e9pviselnek. A filmt\u00f6rt\u00e9net\u2026<\/p>\n","protected":false},"author":1,"featured_media":164,"comment_status":"closed","ping_status":"closed","sticky":false,"template":"","format":"standard","meta":{"footnotes":""},"categories":[12],"tags":[20,29,30,31,21,22,23,24,25,26,27,28],"class_list":["post-165","post","type-post","status-publish","format-standard","has-post-thumbnail","hentry","category-utazas-es-szabadido","tag-20","tag-29","tag-30","tag-31","tag-21","tag-22","tag-23","tag-24","tag-25","tag-26","tag-27","tag-28"],"_links":{"self":[{"href":"https:\/\/magicon.hu\/?rest_route=\/wp\/v2\/posts\/165","targetHints":{"allow":["GET"]}}],"collection":[{"href":"https:\/\/magicon.hu\/?rest_route=\/wp\/v2\/posts"}],"about":[{"href":"https:\/\/magicon.hu\/?rest_route=\/wp\/v2\/types\/post"}],"author":[{"embeddable":true,"href":"https:\/\/magicon.hu\/?rest_route=\/wp\/v2\/users\/1"}],"replies":[{"embeddable":true,"href":"https:\/\/magicon.hu\/?rest_route=%2Fwp%2Fv2%2Fcomments&post=165"}],"version-history":[{"count":2,"href":"https:\/\/magicon.hu\/?rest_route=\/wp\/v2\/posts\/165\/revisions"}],"predecessor-version":[{"id":167,"href":"https:\/\/magicon.hu\/?rest_route=\/wp\/v2\/posts\/165\/revisions\/167"}],"wp:featuredmedia":[{"embeddable":true,"href":"https:\/\/magicon.hu\/?rest_route=\/wp\/v2\/media\/164"}],"wp:attachment":[{"href":"https:\/\/magicon.hu\/?rest_route=%2Fwp%2Fv2%2Fmedia&parent=165"}],"wp:term":[{"taxonomy":"category","embeddable":true,"href":"https:\/\/magicon.hu\/?rest_route=%2Fwp%2Fv2%2Fcategories&post=165"},{"taxonomy":"post_tag","embeddable":true,"href":"https:\/\/magicon.hu\/?rest_route=%2Fwp%2Fv2%2Ftags&post=165"}],"curies":[{"name":"wp","href":"https:\/\/api.w.org\/{rel}","templated":true}]}}