{"id":161,"date":"2026-09-01T06:24:36","date_gmt":"2026-09-01T04:24:36","guid":{"rendered":"https:\/\/magicon.hu\/?p=161"},"modified":"2026-09-01T06:24:36","modified_gmt":"2026-09-01T04:24:36","slug":"ritka-vezeteknevek","status":"publish","type":"post","link":"https:\/\/magicon.hu\/ritka-vezeteknevek\/","title":{"rendered":"A legk\u00fcl\u00f6nlegesebb ritka vezet\u00e9knevek eredete \u00e9s t\u00f6rt\u00e9nete"},"content":{"rendered":"\n<p class=\"wp-block-paragraph\">M\u00edg az orsz\u00e1gosan legelterjedtebb nevekkel nap mint nap tal\u00e1lkozni a mindennapokban, a ritka vezet\u00e9knevek m\u00f6g\u00f6tt gyakran k\u00fcl\u00f6nleges t\u00f6rt\u00e9netek, elfeledett mesters\u00e9gek \u00e9s elt\u0171nt telep\u00fcl\u00e9sek eml\u00e9kei rejt\u0151znek.<\/p>\n\n\n\n<h2 class=\"wp-block-heading\">A gyakori \u00e9s a ritka magyar vezet\u00e9knevek eloszl\u00e1sa<\/h2>\n\n\n\n<p class=\"wp-block-paragraph\">A n\u00e9pess\u00e9gi statisztik\u00e1k alapj\u00e1n a magyar vezet\u00e9knevek eloszl\u00e1sa meglehet\u0151sen egyenl\u0151tlen k\u00e9pet mutat. A leggyakoribb nevek \u2013 mint a Nagy, Kov\u00e1cs, T\u00f3th, Szab\u00f3 \u00e9s Horv\u00e1th \u2013 visel\u0151i egy\u00fcttesen a hazai lakoss\u00e1g t\u00f6bb mint egytized\u00e9t teszik ki. Ha a sz\u00e1z legelterjedtebb csal\u00e1dnevet vizsg\u00e1ljuk, azok m\u00e1r a teljes magyar n\u00e9pess\u00e9g k\u00f6zel egyharmad\u00e1t lefedik.<\/p>\n\n\n\n<p class=\"wp-block-paragraph\">A fennmarad\u00f3 k\u00e9tharmad eset\u00e9ben viszont rendk\u00edv\u00fcl soksz\u00edn\u0171 a n\u00e9vhaszn\u00e1lat. A ritka vezet\u00e9knevek vil\u00e1ga \u00e9ppen ez\u00e9rt hordoz kiemelked\u0151 t\u00f6rt\u00e9neti \u00e9s kultur\u00e1lis \u00e9rt\u00e9ket. Ezek a k\u00fcl\u00f6nleges nevek gyakran \u00e9vsz\u00e1zados titkokat, r\u00e9gi, elfeledett mesters\u00e9geket, egykori f\u00f6ldrajzi helysz\u00edneket vagy \u00e9ppen egyedi t\u00f6rt\u00e9nelmi esem\u00e9nyeket \u0151riznek. Meg\u0151rz\u00e9s\u00fck a kultur\u00e1lis \u00f6r\u00f6ks\u00e9g fontos r\u00e9sz\u00e9t k\u00e9pezi.<\/p>\n\n\n\n<h2 class=\"wp-block-heading\">A csal\u00e1dnevek kialakul\u00e1sa<\/h2>\n\n\n\n<p class=\"wp-block-paragraph\">A magyar csal\u00e1dnevek rendszere a 14\u201315. sz\u00e1zadt\u00f3l kezdve szil\u00e1rdult meg, amikor az ad\u00f3\u00f6ssze\u00edr\u00e1sok \u00e9s a k\u00f6zigazgat\u00e1s fejl\u0151d\u00e9se sz\u00fcks\u00e9gess\u00e9 tette az egy\u00e9nek pontosabb megk\u00fcl\u00f6nb\u00f6ztet\u00e9s\u00e9t. A nevek t\u00f6bbs\u00e9ge alapvet\u0151en \u00f6t f\u0151 forr\u00e1sb\u00f3l alakult ki:<\/p>\n\n\n\n<ul class=\"wp-block-list\">\n<li><strong>Foglalkoz\u00e1sok:<\/strong> A leggyakoribb n\u00e9vt\u00edpus, amely a visel\u0151 eredeti mesters\u00e9g\u00e9re utal (p\u00e9ld\u00e1ul Kov\u00e1cs, Szab\u00f3, Moln\u00e1r).<\/li>\n\n\n\n<li><strong>Etnikai \u00e9s nemzetis\u00e9gi eredet:<\/strong> Az egykori nemzetis\u00e9gi hovatartoz\u00e1st jel\u00f6l\u0151 elnevez\u00e9sek (p\u00e9ld\u00e1ul T\u00f3th a szlov\u00e1k, Horv\u00e1th a horv\u00e1t, N\u00e9meth a n\u00e9met, Ol\u00e1h pedig a rom\u00e1n n\u00e9pess\u00e9gre utalva).<\/li>\n\n\n\n<li><strong>Szem\u00e9lyes tulajdons\u00e1gok:<\/strong> K\u00fcls\u0151 vagy bels\u0151 jellemz\u0151k alapj\u00e1n adott nevek (p\u00e9ld\u00e1ul Nagy, Kiss, Fekete, Feh\u00e9r).<\/li>\n\n\n\n<li><strong>Apai ut\u00f3nevek:<\/strong> Az apa keresztnev\u00e9b\u0151l k\u00e9pzett csal\u00e1dnevek (p\u00e9ld\u00e1ul S\u00e1ndor, L\u00e1szl\u00f3, Jakab).<\/li>\n\n\n\n<li><strong>Helynevek \u00e9s sz\u00e1rmaz\u00e1si helyek:<\/strong> A lak\u00f3helyre vagy sz\u00e1rmaz\u00e1si telep\u00fcl\u00e9sre utal\u00f3 nevek, amelyek t\u00f6bbnyire <em>-i<\/em> k\u00e9pz\u0151vel kapcsol\u00f3dnak (p\u00e9ld\u00e1ul Szil\u00e1gyi, Szalai).<\/li>\n<\/ul>\n\n\n\n<p class=\"wp-block-paragraph\">A ritka vezet\u00e9knevek leggyakrabban az utols\u00f3 kateg\u00f3ri\u00e1b\u00f3l sz\u00e1rmaznak: apr\u00f3, m\u00e1ra ak\u00e1r eln\u00e9ptelenedett telep\u00fcl\u00e9sek nev\u00e9b\u0151l form\u00e1l\u00f3dtak. Emellett sok ritka n\u00e9v r\u00e9gi, elfeledett magyar szavakb\u00f3l, vagy k\u00fclf\u00f6ldi (p\u00e9ld\u00e1ul n\u00e9met, francia, szl\u00e1v) csal\u00e1dok betelep\u00fcl\u00e9se \u00e9s neveik magyarosod\u00e1sa, illetve f\u00e9lre\u00edr\u00e1sa r\u00e9v\u00e9n keletkezett.<\/p>\n\n\n\n<h2 class=\"wp-block-heading\">A leg\u00e9rdekesebb \u00e9s ritka nevek<\/h2>\n\n\n\n<p class=\"wp-block-paragraph\">A ritka magyar csal\u00e1dnevek vizsg\u00e1lata sor\u00e1n sz\u00e1mos saj\u00e1tos csoportot k\u00fcl\u00f6n\u00edthet\u00fcnk el, amelyek elt\u00e9r\u0151 nyelvi \u00e9s t\u00f6rt\u00e9nelmi h\u00e1tt\u00e9rrel rendelkeznek. A legjellemz\u0151bb t\u00edpusok a k\u00f6vetkez\u0151k:<\/p>\n\n\n\n<ul class=\"wp-block-list\">\n<li><strong>T\u00f6rt\u00e9nelmi \u00e9s nemesi gy\u00f6ker\u0171 nevek:<\/strong> Egykori birtokok vagy nemzets\u00e9gek nev\u00e9t \u0151rz\u0151 form\u00e1k, mint a Zr\u00ednyi, Sz\u00e9chenyi, Erd\u0151dy, Borosny\u00f3i vagy a Cs\u00edkszentmih\u00e1lyi.<\/li>\n\n\n\n<li><strong>Term\u00e9szeti \u00e9s hangulati nevek:<\/strong> A t\u00e1jra vagy k\u00fcl\u00f6nleges hangulatra utal\u00f3 elnevez\u00e9sek, mint a Zeng\u0151, T\u00fcnd\u00e9r, Csob\u00e1nka vagy a Mez\u0151s.<\/li>\n\n\n\n<li><strong>Ritka helynevekb\u0151l ered\u0151 nevek:<\/strong> Elfeledett vagy apr\u00f3 telep\u00fcl\u00e9sek nev\u00e9t hordoz\u00f3 csal\u00e1dnevek, mint a Tiszaeszl\u00e1ri, Zimonyi, Feketegyarmati, Tarj\u00e1ni vagy B\u00fcrk\u00f6s.<\/li>\n\n\n\n<li><strong>K\u00fcl\u00f6nleges hangz\u00e1s\u00fa vagy k\u00fclf\u00f6ldi eredet\u0171 nevek:<\/strong> A t\u00f6rt\u00e9nelem sor\u00e1n \u00e1tvett \u00e9s meg\u0151rz\u00f6tt nevek, mint a Vaszilk\u00f3, Semperger, T\u00f3fei, Martos, Boczf\u00f6ldi vagy Kenedli.<\/li>\n<\/ul>\n\n\n\n<p class=\"wp-block-paragraph\">K\u00fcl\u00f6n izgalmas kateg\u00f3ri\u00e1t alkotnak a korabeli adminisztr\u00e1ci\u00f3s el\u00edr\u00e1sokb\u00f3l fakad\u00f3 n\u00e9vtorzul\u00e1sok. A m\u00faltban az anyak\u00f6nyvvezet\u0151k \u00e9s \u00f6ssze\u00edr\u00f3k hall\u00e1s ut\u00e1ni r\u00f6gz\u00edt\u00e9se miatt sok egyedi n\u00e9vforma sz\u00fcletett. A Fazakas n\u00e9v p\u00e9ld\u00e1ul egyes esetekben a gyakori Fazekas el\u00edr\u00e1sak\u00e9nt \u00f6n\u00e1ll\u00f3sult \u00e9s \u00f6r\u00f6kl\u0151d\u00f6tt tov\u00e1bb gener\u00e1ci\u00f3kon \u00e1t.<\/p>\n\n\n\n<figure class=\"wp-block-image size-large\"><img loading=\"lazy\" decoding=\"async\" width=\"1200\" height=\"801\" src=\"https:\/\/magicon.hu\/wp-content\/uploads\/2026\/09\/magyar-vezeteknevek.jpg\" alt=\"Magyar vezet\u00e9knevek\" class=\"wp-image-160\" srcset=\"https:\/\/magicon.hu\/wp-content\/uploads\/2026\/09\/magyar-vezeteknevek.jpg 1200w, https:\/\/magicon.hu\/wp-content\/uploads\/2026\/09\/magyar-vezeteknevek-300x200.jpg 300w, https:\/\/magicon.hu\/wp-content\/uploads\/2026\/09\/magyar-vezeteknevek-1024x684.jpg 1024w, https:\/\/magicon.hu\/wp-content\/uploads\/2026\/09\/magyar-vezeteknevek-768x513.jpg 768w\" sizes=\"auto, (max-width: 1200px) 100vw, 1200px\" \/><\/figure>\n\n\n\n<p class=\"wp-block-paragraph\"> Hasonl\u00f3an egyedi az O&#8217;sv\u00e1th n\u00e9v is, amely nem az Oszv\u00e1th el\u00edr\u00e1s\u00e1b\u00f3l keletkezett, hanem az Oszvald keresztn\u00e9v \u00f6n\u00e1ll\u00f3 nyelvi v\u00e1ltozat\u00e1b\u00f3l ered, az aposztr\u00f3fos form\u00e1t pedig az archaikus nemesi n\u00e9v\u00edr\u00e1si hagyom\u00e1ny \u0151rizte meg.<\/p>\n\n\n\n<h2 class=\"wp-block-heading\">A k\u00f6t\u0151jeles \u00f6sszetett nevek megjelen\u00e9se<\/h2>\n\n\n\n<p class=\"wp-block-paragraph\">A 2000-es \u00e9vekt\u0151l kezdve a magyar jogi szab\u00e1lyoz\u00e1s lehet\u0151v\u00e9 tette, hogy a h\u00e1zasul\u00f3 felek \u00e9s a sz\u00fcletend\u0151 gyermekek mindk\u00e9t sz\u00fcl\u0151 vezet\u00e9knev\u00e9t megtarthass\u00e1k. Ez a lehet\u0151s\u00e9g teljesen \u00faj, kor\u00e1bban nem l\u00e9tez\u0151 n\u00e9vkombin\u00e1ci\u00f3k megjelen\u00e9s\u00e9hez vezetett.<\/p>\n\n\n\n<p class=\"wp-block-paragraph\">Ez a modern n\u00e9vad\u00e1si trend statisztikailag a legritk\u00e1bb csal\u00e1dneveket hozta l\u00e9tre:<\/p>\n\n\n\n<ul class=\"wp-block-list\">\n<li><strong>Kiss-Galambos<\/strong><\/li>\n\n\n\n<li><strong>Fekete-Kert\u00e9sz<\/strong><\/li>\n\n\n\n<li><strong>K\u00e1rp\u00e1ti-Kiss<\/strong><\/li>\n<\/ul>\n\n\n\n<p class=\"wp-block-paragraph\">Az ilyen k\u00f6t\u0151jeles \u00f6sszetett nevek technikailag a legritk\u00e1bb vezet\u00e9knevek k\u00f6z\u00e9 tartoznak, hiszen a legt\u00f6bb esetben mind\u00f6ssze egyetlen sz\u0171k csal\u00e1d vagy csup\u00e1n egyetlen szem\u00e9ly viseli \u0151ket az eg\u00e9sz orsz\u00e1gban.<\/p>\n\n\n\n<h2 class=\"wp-block-heading\">\u00cdgy tudod lekutatni a csal\u00e1dneved<\/h2>\n\n\n\n<p class=\"wp-block-paragraph\">A saj\u00e1t csal\u00e1dn\u00e9v eredet\u00e9nek \u00e9s t\u00f6rt\u00e9net\u00e9nek felt\u00e1r\u00e1s\u00e1hoz ma m\u00e1r sz\u00e1mos digit\u00e1lis forr\u00e1s \u00e1ll rendelkez\u00e9sre. A tudom\u00e1nyos \u00e9s geneal\u00f3giai adatb\u00e1zisok seg\u00edts\u00e9g\u00e9vel pontos k\u00e9pet lehet kapni a nevek f\u00f6ldrajzi \u00e9s t\u00f6rt\u00e9neti h\u00e1tter\u00e9r\u0151l:<\/p>\n\n\n\n<ul class=\"wp-block-list\">\n<li><strong>Magyar Nemzeti Lev\u00e9lt\u00e1r (MNL) adatb\u00e1zisa:<\/strong> Az 1715\/1720. \u00e9vi orsz\u00e1gos \u00f6ssze\u00edr\u00e1sok kereshet\u0151 adatb\u00e1zisa mutatja meg a csal\u00e1dnevek korabeli f\u00f6ldrajzi eloszl\u00e1s\u00e1t, seg\u00edtve a sz\u00e1rmaz\u00e1si hely azonos\u00edt\u00e1s\u00e1t.<\/li>\n\n\n\n<li><strong>ELTE N\u00e9vtani Kutat\u00f3csoport:<\/strong> A Magyar csal\u00e1dn\u00e9vatlasz \u00e9s az \u00daj magyar csal\u00e1dn\u00e9vt\u00e1r projektek r\u00e9v\u00e9n ny\u00fajt tudom\u00e1nyos betekint\u00e9st a nevek t\u00f6rt\u00e9neti \u00e9s nyelvi h\u00e1tter\u00e9be.<\/li>\n\n\n\n<li><strong>FamilySearch:<\/strong> A vil\u00e1g egyik legnagyobb geneal\u00f3giai adatb\u00e1zisak\u00e9nt ingyenes hozz\u00e1f\u00e9r\u00e9st biztos\u00edt a digitaliz\u00e1lt magyar egyh\u00e1zi (keresztel\u00e9si, h\u00e1zass\u00e1gi \u00e9s halotti) anyak\u00f6nyvekhez.<\/li>\n\n\n\n<li><strong>RadixForum:<\/strong> A hazai csal\u00e1dt\u00f6rt\u00e9net-kutat\u00f3k egyik legr\u00e9gebbi f\u00f3ruma, ahol konkr\u00e9t vezet\u00e9knevek alapj\u00e1n lehet szakmai seg\u00edts\u00e9get \u00e9s inform\u00e1ci\u00f3kat cser\u00e9lni m\u00e1s kutat\u00f3kkal.<\/li>\n<\/ul>\n","protected":false},"excerpt":{"rendered":"<p>M\u00edg az orsz\u00e1gosan legelterjedtebb nevekkel nap mint nap tal\u00e1lkozni a mindennapokban, a ritka vezet\u00e9knevek m\u00f6g\u00f6tt gyakran k\u00fcl\u00f6nleges t\u00f6rt\u00e9netek,\u2026<\/p>\n","protected":false},"author":1,"featured_media":159,"comment_status":"closed","ping_status":"closed","sticky":false,"template":"","format":"standard","meta":{"footnotes":""},"categories":[15],"tags":[20,29,30,31,21,22,23,24,25,26,27,28],"class_list":["post-161","post","type-post","status-publish","format-standard","has-post-thumbnail","hentry","category-tech-es-tudomany","tag-20","tag-29","tag-30","tag-31","tag-21","tag-22","tag-23","tag-24","tag-25","tag-26","tag-27","tag-28"],"_links":{"self":[{"href":"https:\/\/magicon.hu\/?rest_route=\/wp\/v2\/posts\/161","targetHints":{"allow":["GET"]}}],"collection":[{"href":"https:\/\/magicon.hu\/?rest_route=\/wp\/v2\/posts"}],"about":[{"href":"https:\/\/magicon.hu\/?rest_route=\/wp\/v2\/types\/post"}],"author":[{"embeddable":true,"href":"https:\/\/magicon.hu\/?rest_route=\/wp\/v2\/users\/1"}],"replies":[{"embeddable":true,"href":"https:\/\/magicon.hu\/?rest_route=%2Fwp%2Fv2%2Fcomments&post=161"}],"version-history":[{"count":2,"href":"https:\/\/magicon.hu\/?rest_route=\/wp\/v2\/posts\/161\/revisions"}],"predecessor-version":[{"id":163,"href":"https:\/\/magicon.hu\/?rest_route=\/wp\/v2\/posts\/161\/revisions\/163"}],"wp:featuredmedia":[{"embeddable":true,"href":"https:\/\/magicon.hu\/?rest_route=\/wp\/v2\/media\/159"}],"wp:attachment":[{"href":"https:\/\/magicon.hu\/?rest_route=%2Fwp%2Fv2%2Fmedia&parent=161"}],"wp:term":[{"taxonomy":"category","embeddable":true,"href":"https:\/\/magicon.hu\/?rest_route=%2Fwp%2Fv2%2Fcategories&post=161"},{"taxonomy":"post_tag","embeddable":true,"href":"https:\/\/magicon.hu\/?rest_route=%2Fwp%2Fv2%2Ftags&post=161"}],"curies":[{"name":"wp","href":"https:\/\/api.w.org\/{rel}","templated":true}]}}