{"id":154,"date":"2026-08-31T13:46:18","date_gmt":"2026-08-31T11:46:18","guid":{"rendered":"https:\/\/magicon.hu\/?p=154"},"modified":"2026-08-31T13:51:51","modified_gmt":"2026-08-31T11:51:51","slug":"kereszteny-filmek","status":"publish","type":"post","link":"https:\/\/magicon.hu\/kereszteny-filmek\/","title":{"rendered":"A legjobb kereszt\u00e9ny filmek \u00e9s spiritu\u00e1lis \u00fatmutat\u00e1suk"},"content":{"rendered":"\n<p class=\"wp-block-paragraph\">A filmm\u0171v\u00e9szet \u00e9s a spiritu\u00e1lis gondolkod\u00e1s tal\u00e1lkoz\u00e1sa \u00e9vtizedek \u00f3ta k\u00edn\u00e1l m\u00e9ly szellemi \u00e9lm\u00e9nyt a n\u00e9z\u0151k sz\u00e1m\u00e1ra. A m\u0171faj legmeghat\u00e1roz\u00f3bb ir\u00e1nyzatai, ikonikus alkot\u00e1sai \u00e9s hazai el\u00e9rhet\u0151s\u00e9gei mind j\u00f3k arra, hogy megmutass\u00e1k, hogy a lelkit t\u00f6ltekez\u00e9s \u00e9s a sz\u00f3rakoz\u00e1s nem mindig elv\u00e1laszthat\u00f3ak.<\/p>\n\n\n\n<p class=\"wp-block-paragraph\">A kereszt\u00e9nys\u00e9g durv\u00e1n k\u00e9t \u00e9vezrede alkotja a vil\u00e1g vall\u00e1si, kultur\u00e1lis \u00e9s etikai \u00e9let\u00e9nek egyik legf\u0151bb alappill\u00e9r\u00e9t. Ezzel p\u00e1rhuzamosan a filmm\u0171v\u00e9szet a modern kor leger\u0151teljesebb m\u00e9dium\u00e1v\u00e1 v\u00e1lt, amely k\u00e9pes m\u00e9ly \u00e9rzelmeket kiv\u00e1ltani, elgondolkodtatni \u00e9s form\u00e1lni a t\u00e1rsadalmi gondolkod\u00e1st. Amikor e k\u00e9t ter\u00fclet \u00f6sszekapcsol\u00f3dik, olyan t\u00f6rt\u00e9netek sz\u00fcletnek, amelyek a sz\u00f3rakoztat\u00e1son t\u00falmutatva lelki t\u00e1maszt ny\u00fajtanak, meger\u0151s\u00edtik a hitet, \u00e9s az emberi l\u00e9tez\u00e9s legalapvet\u0151bb k\u00e9rd\u00e9seit feszegetik.<\/p>\n\n\n\n<p class=\"wp-block-paragraph\">A kereszt\u00e9ny alkot\u00e1sok \u00e9s a sz\u00e9lesebb \u00e9rtelemben vett vall\u00e1sos filmek els\u0151dleges c\u00e9lja nem a direkt hitt\u00e9r\u00edt\u00e9s vagy a megl\u00e9v\u0151 hiedelmek er\u0151szakos \u00e1tform\u00e1l\u00e1sa. A hangs\u00faly sokkal ink\u00e1bb a megbocs\u00e1t\u00e1s erej\u00e9nek, a felt\u00e9tel n\u00e9lk\u00fcli szeretetnek, a neh\u00e9zs\u00e9gekkel val\u00f3 megk\u00fczd\u00e9snek \u00e9s az Istenbe vetett bizalomnak a bemutat\u00e1s\u00e1n van. A vall\u00e1sos filmek egyfajta csendes lelki o\u00e1zist jelentenek azok sz\u00e1m\u00e1ra, akik elm\u00e9ly\u00fcl\u00e9sre, bels\u0151 b\u00e9k\u00e9re vagy erk\u00f6lcsi meger\u0151s\u00edt\u00e9sre v\u00e1gynak. Az etikai \u00e9rt\u00e9kek felmutat\u00e1s\u00e1val ezek a m\u0171vek nem kiz\u00e1r\u00f3lag a h\u00edv\u0151 k\u00f6z\u00f6ns\u00e9get megsz\u00f3l\u00edtj\u00e1k, hanem b\u00e1rkit, aki nyitott az univerz\u00e1lis emberi \u00e9rt\u00e9kekre.<\/p>\n\n\n\n<h2 class=\"wp-block-heading\">Erk\u00f6lcsi \u00e9rt\u00e9kek<\/h2>\n\n\n\n<p class=\"wp-block-paragraph\">Ezek a filmek nem elvont elm\u00e9leteket k\u00f6zvet\u00edtenek, hanem h\u00fas-v\u00e9r karakterek k\u00fczdelmein kereszt\u00fcl mutatnak r\u00e1 az etikai d\u00f6nt\u00e9sek s\u00faly\u00e1ra \u00e9s k\u00f6vetkezm\u00e9nyeire.<\/p>\n\n\n\n<p class=\"wp-block-paragraph\">Az ilyen alkot\u00e1sok kiemelked\u0151 szerepet t\u00f6ltenek be a k\u00f6z\u00f6ss\u00e9gi \u00e9s csal\u00e1di \u00e9letben. A k\u00f6z\u00f6s filmn\u00e9z\u00e9s sor\u00e1n az al\u00e1bbi szempontok \u00e9rv\u00e9nyes\u00fclhetnek:<\/p>\n\n\n\n<ul class=\"wp-block-list\">\n<li><strong>\u00c9rt\u00e9kteremt\u00e9s:<\/strong> A cselekm\u00e9ny olyan alapvet\u0151 pill\u00e9rekre \u00e9p\u00edt, mint a csal\u00e1d v\u00e9delme, az \u00f6nfel\u00e1ldoz\u00e1s, a becs\u00fclet \u00e9s a k\u00f6z\u00f6ss\u00e9gi \u00f6sszefog\u00e1s ereje.<\/li>\n\n\n\n<li><strong>Gyakorlati inspir\u00e1ci\u00f3:<\/strong> Val\u00f3s \u00e9letprobl\u00e9m\u00e1kat \u2013 betegs\u00e9geket, csal\u00e1di trag\u00e9di\u00e1kat vagy h\u00e1zass\u00e1gi v\u00e1ls\u00e1gokat \u2013 jelen\u00edtenek meg, \u00e9s p\u00e9ld\u00e1t adnak arra, mik\u00e9nt lehet a hit \u00e9s a kitart\u00e1s seg\u00edts\u00e9g\u00e9vel fel\u00e1llni a legm\u00e9lyebb pontokr\u00f3l is.<\/li>\n<\/ul>\n\n\n\n<p class=\"wp-block-paragraph\">Ezek a filmek nem csup\u00e1n a vall\u00e1sos emberek sz\u00e1m\u00e1ra \u00e9rt\u00e9kesek. B\u00e1rki, aki v\u00e1laszokat keres a bels\u0151 k\u00fczdelmeire, vagy egyszer\u0171en b\u00e1tor\u00edt\u00f3, sz\u00edvmelenget\u0151 t\u00f6rt\u00e9netre v\u00e1gyik, inspir\u00e1ci\u00f3t mer\u00edthet bel\u0151l\u00fck. A bemutatott p\u00e9ld\u00e1k eml\u00e9keztetnek arra, hogy a megbocs\u00e1t\u00e1s \u00e9s a szeretet k\u00e9pes megv\u00e1ltoztatni a sz\u0171kebb \u00e9s t\u00e1gabb k\u00f6rnyezetet is.<\/p>\n\n\n\n<h2 class=\"wp-block-heading\">Bibliai \u00e9s t\u00f6rt\u00e9nelmi filmadapt\u00e1ci\u00f3k<\/h2>\n\n\n\n<p class=\"wp-block-paragraph\">A bibliai \u00e9s t\u00f6rt\u00e9nelmi adapt\u00e1ci\u00f3k a m\u0171faj legklasszikusabb \u00e9s legl\u00e1tv\u00e1nyosabb vonulat\u00e1t k\u00e9pviselik. Ezek az alkot\u00e1sok a Szent\u00edr\u00e1s t\u00f6rt\u00e9neteit vagy a korai egyh\u00e1z alakul\u00e1s\u00e1nak m\u00e9rf\u00f6ldk\u00f6veit keltik \u00e9letre, gyakran monument\u00e1lis d\u00edszletekkel, korszakh\u0171 jelmezekkel \u00e9s megr\u00e1z\u00f3 dr\u00e1mai er\u0151vel. Sikereik titka abban rejlik, hogy a t\u00f6bb ezer \u00e9ves t\u00f6rt\u00e9neteket vizu\u00e1lisan k\u00e9zzelfoghat\u00f3v\u00e1 \u00e9s a modern ember sz\u00e1m\u00e1ra is \u00e1t\u00e9lhet\u0151v\u00e9 teszik.<\/p>\n\n\n\n<p class=\"wp-block-paragraph\">A kateg\u00f3ria legmeghat\u00e1roz\u00f3bb m\u0171vei k\u00f6z\u00e9 tartoznak:<\/p>\n\n\n\n<ul class=\"wp-block-list\">\n<li><strong>Ben-Hur (1959):<\/strong> A t\u00f6bbsz\u00f6r\u00f6s Oscar-d\u00edjas filmeposz Judah Ben-Hur bossz\u00fahadj\u00e1rat\u00e1n \u00e9s Krisztussal val\u00f3 sorsford\u00edt\u00f3 tal\u00e1lkoz\u00e1s\u00e1n kereszt\u00fcl szeml\u00e9lteti a gy\u0171l\u00f6let leb\u00edr\u00e1s\u00e1t \u00e9s a megbocs\u00e1t\u00e1s felszabad\u00edt\u00f3 erej\u00e9t.<\/li>\n<\/ul>\n\n\n\n<figure class=\"wp-block-embed is-type-video is-provider-youtube wp-block-embed-youtube wp-embed-aspect-16-9 wp-has-aspect-ratio\"><div class=\"wp-block-embed__wrapper\">\n<iframe loading=\"lazy\" title=\"Ben Hur 1959 - Magyar szinkron (r\u00e9szlet)\" width=\"500\" height=\"281\" src=\"https:\/\/www.youtube.com\/embed\/WG3oVbjoonI?feature=oembed&#038;enablejsapi=1&#038;origin=https:\/\/magicon.hu\" frameborder=\"0\" allow=\"accelerometer; autoplay; clipboard-write; encrypted-media; gyroscope; picture-in-picture; web-share\" referrerpolicy=\"strict-origin-when-cross-origin\" allowfullscreen><\/iframe>\n<\/div><\/figure>\n\n\n\n<ul class=\"wp-block-list\">\n<li><strong>A passi\u00f3 (2004):<\/strong> Mel Gibson rendez\u00e9se J\u00e9zus Krisztus utols\u00f3 \u00f3r\u00e1inak megr\u00e1z\u00f3 \u00e9s realista \u00e1br\u00e1zol\u00e1s\u00e1val v\u00e1ltott ki vil\u00e1gszerte m\u00e9ly lelki megrend\u00fcl\u00e9st, k\u00f6z\u00e9ppontba \u00e1ll\u00edtva az \u00f6nfel\u00e1ldoz\u00e1s m\u00e9lys\u00e9g\u00e9t.<\/li>\n<\/ul>\n\n\n\n<figure class=\"wp-block-embed is-type-video is-provider-youtube wp-block-embed-youtube wp-embed-aspect-16-9 wp-has-aspect-ratio\"><div class=\"wp-block-embed__wrapper\">\n<iframe loading=\"lazy\" title=\"THE PASSION OF THE CHRIST - Official Australian Trailer\" width=\"500\" height=\"281\" src=\"https:\/\/www.youtube.com\/embed\/itiY6yl8mS4?feature=oembed&#038;enablejsapi=1&#038;origin=https:\/\/magicon.hu\" frameborder=\"0\" allow=\"accelerometer; autoplay; clipboard-write; encrypted-media; gyroscope; picture-in-picture; web-share\" referrerpolicy=\"strict-origin-when-cross-origin\" allowfullscreen><\/iframe>\n<\/div><\/figure>\n\n\n\n<ul class=\"wp-block-list\">\n<li><strong>J\u00e9zus (1979):<\/strong> A Luk\u00e1cs evang\u00e9lium\u00e1n alapul\u00f3 klasszikus alkot\u00e1s a Megv\u00e1lt\u00f3 f\u00f6ldi szolg\u00e1lat\u00e1t mutatja be h\u0171en \u00e9s r\u00e9szletesen, amely az\u00f3ta is az egyik legsz\u00e9lesebb k\u00f6rben vet\u00edtett bibliai adapt\u00e1ci\u00f3.<\/li>\n<\/ul>\n\n\n\n<figure class=\"wp-block-embed is-type-video is-provider-youtube wp-block-embed-youtube wp-embed-aspect-16-9 wp-has-aspect-ratio\"><div class=\"wp-block-embed__wrapper\">\n<iframe loading=\"lazy\" title=\"The JESUS Film Teaser Trailer\" width=\"500\" height=\"281\" src=\"https:\/\/www.youtube.com\/embed\/IXqjcDchr14?feature=oembed&#038;enablejsapi=1&#038;origin=https:\/\/magicon.hu\" frameborder=\"0\" allow=\"accelerometer; autoplay; clipboard-write; encrypted-media; gyroscope; picture-in-picture; web-share\" referrerpolicy=\"strict-origin-when-cross-origin\" allowfullscreen><\/iframe>\n<\/div><\/figure>\n\n\n\n<p class=\"wp-block-paragraph\">Ezek a t\u00f6rt\u00e9nelmi dr\u00e1m\u00e1k a kereszt\u00e9ny kult\u00fark\u00f6r alapk\u00f6veit hozz\u00e1k k\u00f6zelebb a n\u00e9z\u0151kh\u00f6z, mik\u00f6zben r\u00e1vil\u00e1g\u00edtanak a hit t\u00f6rt\u00e9nelmi l\u00e9pt\u00e9k\u0171 form\u00e1l\u00f3 erej\u00e9re.<\/p>\n\n\n\n<h2 class=\"wp-block-heading\">Modern dr\u00e1m\u00e1k \u00e9s igaz t\u00f6rt\u00e9neten alapul\u00f3 alkot\u00e1sok<\/h2>\n\n\n\n<p class=\"wp-block-paragraph\">A kort\u00e1rs k\u00f6rnyezetben j\u00e1tsz\u00f3d\u00f3 dr\u00e1m\u00e1k a mai ember mindennapi dilemm\u00e1ira, a hit elveszt\u00e9s\u00e9re \u00e9s \u00fajramegtal\u00e1l\u00e1s\u00e1ra f\u00f3kusz\u00e1lnak. Az <em>Isten nem halott (God&#8217;s Not Dead &#8211; 2014)<\/em> egy egyetemi hallgat\u00f3 \u00e9s egy ateista professzor vit\u00e1j\u00e1n kereszt\u00fcl mutatja be a meggy\u0151z\u0151d\u00e9s melletti ki\u00e1ll\u00e1s fontoss\u00e1g\u00e1t. A p\u00e1rkapcsolati kr\u00edziseket dolgozza fel a <em>Szerelempr\u00f3ba (Fireproof &#8211; 2008)<\/em>, ahol egy vesz\u00e9lybe ker\u00fclt h\u00e1zass\u00e1g megment\u00e9se a c\u00e9l, m\u00edg <em>A b\u00e1tors\u00e1g emberei (Courageous &#8211; 2011)<\/em> a felel\u0151ss\u00e9gteljes apas\u00e1g \u00e9s az erk\u00f6lcsi helyt\u00e1ll\u00e1s kih\u00edv\u00e1sait \u00e1ll\u00edtja k\u00f6z\u00e9ppontba.<\/p>\n\n\n\n<p class=\"wp-block-paragraph\">K\u00fcl\u00f6n\u00f6sen er\u0151s hat\u00e1st gyakorolnak a n\u00e9z\u0151kre az igaz t\u00f6rt\u00e9neten alapul\u00f3 alkot\u00e1sok, amelyek bizony\u00edtj\u00e1k, hogy a hit \u00e9s az \u00f6nzetlens\u00e9g a val\u00f3s\u00e1gban is k\u00e9pes \u00e1tform\u00e1lni \u00e9leteket:<\/p>\n\n\n\n<ul class=\"wp-block-list\">\n<li><strong>A J\u00e9zus Forradalom (Jesus Revolution &#8211; 2023):<\/strong> Az 1970-es \u00e9vek elej\u00e9n Kalifornia hippi k\u00f6z\u00f6ss\u00e9geiben kibontakoz\u00f3 spiritu\u00e1lis \u00e9bred\u00e9s hiteles kr\u00f3nik\u00e1ja.<\/li>\n<\/ul>\n\n\n\n<figure class=\"wp-block-embed is-type-video is-provider-youtube wp-block-embed-youtube wp-embed-aspect-16-9 wp-has-aspect-ratio\"><div class=\"wp-block-embed__wrapper\">\n<iframe loading=\"lazy\" title=\"Jesus Revolution (2023 Movie) Official Trailer - Kelsey Grammer, Joel Courtney\" width=\"500\" height=\"281\" src=\"https:\/\/www.youtube.com\/embed\/8vmHFvnjPDw?feature=oembed&#038;enablejsapi=1&#038;origin=https:\/\/magicon.hu\" frameborder=\"0\" allow=\"accelerometer; autoplay; clipboard-write; encrypted-media; gyroscope; picture-in-picture; web-share\" referrerpolicy=\"strict-origin-when-cross-origin\" allowfullscreen><\/iframe>\n<\/div><\/figure>\n\n\n\n<ul class=\"wp-block-list\">\n<li><strong>K\u00f6zt\u00fcnk \u00e9l\u0151 angyalok (Ordinary Angels &#8211; 2024):<\/strong> Egy elsz\u00e1nt n\u0151 t\u00f6rt\u00e9nete, aki egy eg\u00e9sz k\u00f6z\u00f6ss\u00e9get mozgat meg egy s\u00falyosan beteg kisl\u00e1ny megment\u00e9s\u00e9\u00e9rt.<\/li>\n<\/ul>\n\n\n\n<figure class=\"wp-block-embed is-type-video is-provider-youtube wp-block-embed-youtube wp-embed-aspect-16-9 wp-has-aspect-ratio\"><div class=\"wp-block-embed__wrapper\">\n<iframe loading=\"lazy\" title=\"Ordinary Angels (2024) Trailer \u2013 Hilary Swank, Alan Ritchson, Nancy Travis, Tamala Jones\" width=\"500\" height=\"281\" src=\"https:\/\/www.youtube.com\/embed\/R1vn8kPgCYA?feature=oembed&#038;enablejsapi=1&#038;origin=https:\/\/magicon.hu\" frameborder=\"0\" allow=\"accelerometer; autoplay; clipboard-write; encrypted-media; gyroscope; picture-in-picture; web-share\" referrerpolicy=\"strict-origin-when-cross-origin\" allowfullscreen><\/iframe>\n<\/div><\/figure>\n\n\n\n<ul class=\"wp-block-list\">\n<li><strong>Bonhoeffer (2024):<\/strong> Dietrich Bonhoeffer teol\u00f3gus dr\u00e1mai \u00e9let\u00e9t mutatja be, aki a n\u00e1ci elnyom\u00e1ssal szemben is h\u0171 maradt kereszt\u00e9ny meggy\u0151z\u0151d\u00e9s\u00e9hez.<\/li>\n<\/ul>\n\n\n\n<figure class=\"wp-block-embed is-type-video is-provider-youtube wp-block-embed-youtube wp-embed-aspect-16-9 wp-has-aspect-ratio\"><div class=\"wp-block-embed__wrapper\">\n<iframe loading=\"lazy\" title=\"BONHOEFFER Official Trailer (2024)\" width=\"500\" height=\"281\" src=\"https:\/\/www.youtube.com\/embed\/1JhSrZIVooI?feature=oembed\" frameborder=\"0\" allow=\"accelerometer; autoplay; clipboard-write; encrypted-media; gyroscope; picture-in-picture; web-share\" referrerpolicy=\"strict-origin-when-cross-origin\" allowfullscreen><\/iframe>\n<\/div><\/figure>\n","protected":false},"excerpt":{"rendered":"<p>A filmm\u0171v\u00e9szet \u00e9s a spiritu\u00e1lis gondolkod\u00e1s tal\u00e1lkoz\u00e1sa \u00e9vtizedek \u00f3ta k\u00edn\u00e1l m\u00e9ly szellemi \u00e9lm\u00e9nyt a n\u00e9z\u0151k sz\u00e1m\u00e1ra. A m\u0171faj\u2026<\/p>\n","protected":false},"author":1,"featured_media":153,"comment_status":"closed","ping_status":"closed","sticky":false,"template":"","format":"standard","meta":{"footnotes":""},"categories":[1],"tags":[20,29,30,31,21,22,23,24,25,26,27,28],"class_list":["post-154","post","type-post","status-publish","format-standard","has-post-thumbnail","hentry","category-uncategorized","tag-20","tag-29","tag-30","tag-31","tag-21","tag-22","tag-23","tag-24","tag-25","tag-26","tag-27","tag-28"],"_links":{"self":[{"href":"https:\/\/magicon.hu\/?rest_route=\/wp\/v2\/posts\/154","targetHints":{"allow":["GET"]}}],"collection":[{"href":"https:\/\/magicon.hu\/?rest_route=\/wp\/v2\/posts"}],"about":[{"href":"https:\/\/magicon.hu\/?rest_route=\/wp\/v2\/types\/post"}],"author":[{"embeddable":true,"href":"https:\/\/magicon.hu\/?rest_route=\/wp\/v2\/users\/1"}],"replies":[{"embeddable":true,"href":"https:\/\/magicon.hu\/?rest_route=%2Fwp%2Fv2%2Fcomments&post=154"}],"version-history":[{"count":3,"href":"https:\/\/magicon.hu\/?rest_route=\/wp\/v2\/posts\/154\/revisions"}],"predecessor-version":[{"id":158,"href":"https:\/\/magicon.hu\/?rest_route=\/wp\/v2\/posts\/154\/revisions\/158"}],"wp:featuredmedia":[{"embeddable":true,"href":"https:\/\/magicon.hu\/?rest_route=\/wp\/v2\/media\/153"}],"wp:attachment":[{"href":"https:\/\/magicon.hu\/?rest_route=%2Fwp%2Fv2%2Fmedia&parent=154"}],"wp:term":[{"taxonomy":"category","embeddable":true,"href":"https:\/\/magicon.hu\/?rest_route=%2Fwp%2Fv2%2Fcategories&post=154"},{"taxonomy":"post_tag","embeddable":true,"href":"https:\/\/magicon.hu\/?rest_route=%2Fwp%2Fv2%2Ftags&post=154"}],"curies":[{"name":"wp","href":"https:\/\/api.w.org\/{rel}","templated":true}]}}