{"id":150,"date":"2026-08-31T12:16:39","date_gmt":"2026-08-31T10:16:39","guid":{"rendered":"https:\/\/magicon.hu\/?p=150"},"modified":"2026-08-31T12:16:39","modified_gmt":"2026-08-31T10:16:39","slug":"bor-herpesz-kezelese","status":"publish","type":"post","link":"https:\/\/magicon.hu\/bor-herpesz-kezelese\/","title":{"rendered":"A b\u0151r herpesz kezel\u00e9se \u00e9s a hat\u00e9kony gy\u00f3gyul\u00e1s &#8211; megvagy hamar!"},"content":{"rendered":"\n<p class=\"wp-block-paragraph\">A herpeszv\u00edrus \u00e1ltal okozott fert\u0151z\u00e9sek a test k\u00fcl\u00f6nb\u00f6z\u0151 pontjain is megjelenhetnek, \u00e9s b\u00e1r kellemetlen panaszokkal j\u00e1rnak. A k\u00f3rk\u00e9p h\u00e1tter\u00e9nek meg\u00e9rt\u00e9se, a lefoly\u00e1si szakaszok azonos\u00edt\u00e1sa, valamint a szakszer\u0171 gy\u00f3gyszeres \u00e9s kieg\u00e9sz\u00edt\u0151 otthoni \u00e1pol\u00e1si m\u00f3dszerek alkalmaz\u00e1sa elengedhetetlen a gyors \u00e9s sz\u00f6v\u0151dm\u00e9nymentes gy\u00f3gyul\u00e1shoz.<\/p>\n\n\n\n<h2 class=\"wp-block-heading\">A herpesz a testen val\u00f3 megjelen\u00e9s\u00e9nek okai<\/h2>\n\n\n\n<p class=\"wp-block-paragraph\">A k\u00f6zv\u00e9lem\u00e9nyben mindm\u00e1ig elterjedt az a t\u00e9vhit, miszerint a herpeszes fert\u0151z\u00e9s kiz\u00e1r\u00f3lag az ajkakon vagy a genit\u00e1lis ter\u00fcleteken okozhat kellemetlens\u00e9geket. A val\u00f3s\u00e1gban azonban a <strong>herpesz a testen<\/strong> szinte b\u00e1rhol felbukkanhat: nem ritka a megjelen\u00e9se az arcon, a t\u00f6rzs\u00f6n, a v\u00e9gtagokon, a k\u00e9zfejen vagy a farpof\u00e1k k\u00f6rny\u00e9k\u00e9n sem. A b\u0151r\u00f6n jelentkez\u0151 panaszok h\u00e1tter\u00e9ben d\u00f6nt\u0151 t\u00f6bbs\u00e9g\u00e9ben a <em>Herpes simplex v\u00edrus<\/em> (HSV) \u00e1ll, amelynek k\u00e9t f\u0151 t\u00edpus\u00e1t k\u00fcl\u00f6n\u00edti el a klinikai gyakorlat. A HSV-1 t\u00edpus d\u00f6nt\u0151en a sz\u00e1j\u00fcreg \u00e9s az arc b\u0151rfel\u00fcleteinek fert\u0151z\u00e9sei\u00e9rt felel, de a test egy\u00e9b r\u00e9szein is kiv\u00e1lthat h\u00f3lyagos elv\u00e1ltoz\u00e1sokat. A HSV-2 t\u00edpus ezzel szemben tipikusan a nemi szervek, a g\u00e1t, a combok fels\u0151 harmada, valamint a fen\u00e9k t\u00e1j\u00e9k\u00e1n okoz t\u00fcneteket.<\/p>\n\n\n\n<p class=\"wp-block-paragraph\">A k\u00f3rokoz\u00f3 rendk\u00edv\u00fcl fert\u0151z\u0151k\u00e9pes, \u00e9s k\u00f6zvetlen b\u0151r- vagy ny\u00e1lkah\u00e1rtya-kontaktus \u00fatj\u00e1n terjed, p\u00e9ld\u00e1ul fizikai \u00e9rint\u00e9ssel, cs\u00f3kol\u00f3z\u00e1ssal, k\u00f6z\u00f6sen haszn\u00e1lt szem\u00e9lyes t\u00e1rgyakkal vagy szexu\u00e1lis \u00e9rintkez\u00e9s r\u00e9v\u00e9n. A szervezetbe val\u00f3 bejut\u00e1st k\u00f6vet\u0151en a v\u00edrus az idegd\u00facokban telepszik meg, ahol eg\u00e9sz \u00e9leten \u00e1t lappang\u00f3 \u00e1llapotban marad. Amikor a szervezet v\u00e9dekez\u0151rendszere meggyeng\u00fcl \u2013 p\u00e9ld\u00e1ul fokozott fizikai vagy pszich\u00e9s stressz, l\u00e1zas betegs\u00e9gek, kimer\u00fclts\u00e9g, er\u0151s UV-sug\u00e1rz\u00e1s vagy hormon\u00e1lis v\u00e1ltoz\u00e1sok hat\u00e1s\u00e1ra \u2013, a v\u00edrus \u00fajraaktiv\u00e1l\u00f3dik, \u00e9s az idegp\u00e1ly\u00e1k ment\u00e9n a b\u0151r felsz\u00edn\u00e9re v\u00e1ndorolva kellemetlen t\u00fcneteket v\u00e1lt ki.<\/p>\n\n\n\n<h2 class=\"wp-block-heading\">A fert\u0151z\u00e9s lefoly\u00e1sa<\/h2>\n\n\n\n<p class=\"wp-block-paragraph\">A b\u0151r\u00f6n megjelen\u0151 elv\u00e1ltoz\u00e1sok lefoly\u00e1sa \u00e1ltal\u00e1ban j\u00f3l meghat\u00e1rozhat\u00f3 \u00e9s elk\u00fcl\u00f6n\u00edthet\u0151 klinikai szakaszokra oszthat\u00f3. A t\u00fcnetek id\u0151ben t\u00f6rt\u00e9n\u0151 felismer\u00e9se kulcsfontoss\u00e1g\u00fa a ter\u00e1pia miel\u0151bbi megkezd\u00e9s\u00e9hez. A fert\u0151z\u00e9s az al\u00e1bbi f\u00e1zisokon halad v\u00e9gig:<\/p>\n\n\n\n<ul class=\"wp-block-list\">\n<li><strong>Bevezet\u0151 (prodrom\u00e1lis) szakasz:<\/strong> B\u00e1r l\u00e1that\u00f3 jelek m\u00e9g nincsenek a b\u0151rfelsz\u00ednen, az \u00e9rintett ter\u00fcleten \u00e9g\u0151, viszket\u0151, bizserg\u0151 vagy fesz\u00fcl\u0151 \u00e9rz\u00e9s jelentkezik, amely el\u0151rejelzi a h\u00f3lyagok megjelen\u00e9s\u00e9t.<\/li>\n\n\n\n<li><strong>H\u00f3lyagosod\u00e1s:<\/strong> A b\u0151rfel\u00fcleten v\u00f6r\u00f6s, gyulladt alapon csoportosan elhelyezked\u0151, apr\u00f3, tiszta vagy s\u00e1rg\u00e1s folyad\u00e9kkal teli h\u00f3lyagok alakulnak ki.<\/li>\n\n\n\n<li><strong>Fakad\u00e1s \u00e9s sebesed\u00e9s:<\/strong> A h\u00f3lyagok fala \u00e1tszakad, nedvedz\u0151, f\u00e1jdalmas sebeket \u00e9s apr\u00f3 fek\u00e9lyeket hagyva maguk ut\u00e1n, amelyek ebben a szakaszban a legfert\u0151z\u0151bbek.<\/li>\n\n\n\n<li><strong>P\u00f6rk\u00f6s\u00f6d\u00e9s \u00e9s gy\u00f3gyul\u00e1s:<\/strong> A nedvez\u0151 sebek besz\u00e1radnak, rajtuk var (p\u00f6rk) k\u00e9pz\u0151dik, majd a b\u0151r fokozatosan, \u00e1ltal\u00e1ban 7\u201314 nap alatt, hegesed\u00e9s n\u00e9lk\u00fcl teljesen regener\u00e1l\u00f3dik.<\/li>\n<\/ul>\n\n\n\n<p class=\"wp-block-paragraph\">A lok\u00e1lis b\u0151rt\u00fcneteket gyakran k\u00eds\u00e9rheti a szomsz\u00e9dos nyirokcsom\u00f3k f\u00e1jdalmas megduzzad\u00e1sa, enyhe l\u00e1z, izomf\u00e1jdalom vagy \u00e1ltal\u00e1nos leverts\u00e9g, ami a szervezet term\u00e9szetes immunv\u00e1lasz\u00e1nak a k\u00f6vetkezm\u00e9nye.<\/p>\n\n\n\n<h2 class=\"wp-block-heading\">A kezel\u00e9si lehet\u0151s\u00e9gek<\/h2>\n\n\n\n<p class=\"wp-block-paragraph\">B\u00e1r a jelenlegi orvostudom\u00e1nyi ismeretek szerint a szervezetben megtelepedett herpeszv\u00edrust v\u00e9glegesen nem lehet kiirtani, a modern ter\u00e1pi\u00e1s elj\u00e1r\u00e1sokkal a t\u00fcnetek s\u00falyoss\u00e1ga \u00e9s a gy\u00f3gyul\u00e1si id\u0151 jelent\u0151sen cs\u00f6kkenthet\u0151.<\/p>\n\n\n\n<p class=\"wp-block-paragraph\">A v\u00e9ny n\u00e9lk\u00fcl is kaphat\u00f3, hat\u00f3anyagk\u00e9nt aciklovirt vagy penciklovirt tartalmaz\u00f3 antivir\u00e1lis kr\u00e9mek \u00e9s ken\u0151cs\u00f6k k\u00f6zvetlen\u00fcl a fert\u0151z\u00f6tt b\u0151rfel\u00fcleten fejtik ki hat\u00e1sukat, g\u00e1tolva a k\u00f3rokoz\u00f3k szaporod\u00e1s\u00e1t. Ezen k\u00e9sz\u00edtm\u00e9nyek a bevezet\u0151, prodrom\u00e1lis szakaszban a leghat\u00e9konyabbak, vagyis az els\u0151 bizserg\u0151, viszket\u0151 \u00e9rz\u00e9s \u00e9szlel\u00e9sekor halad\u00e9ktalanul el kell kezdeni az alkalmaz\u00e1sukat. Amikor a h\u00f3lyagok m\u00e1r teljesen kialakultak, a helyi v\u00edrusellenes kr\u00e9mek eredm\u00e9nyess\u00e9ge sz\u00e1mottev\u0151en cs\u00f6kken.<\/p>\n\n\n\n<figure class=\"wp-block-image size-large\"><img loading=\"lazy\" decoding=\"async\" width=\"1200\" height=\"800\" src=\"https:\/\/magicon.hu\/wp-content\/uploads\/2026\/08\/herpesz-a-testen.jpg\" alt=\"Herpesz a testen\" class=\"wp-image-148\" srcset=\"https:\/\/magicon.hu\/wp-content\/uploads\/2026\/08\/herpesz-a-testen.jpg 1200w, https:\/\/magicon.hu\/wp-content\/uploads\/2026\/08\/herpesz-a-testen-300x200.jpg 300w, https:\/\/magicon.hu\/wp-content\/uploads\/2026\/08\/herpesz-a-testen-1024x683.jpg 1024w, https:\/\/magicon.hu\/wp-content\/uploads\/2026\/08\/herpesz-a-testen-768x512.jpg 768w\" sizes=\"auto, (max-width: 1200px) 100vw, 1200px\" \/><\/figure>\n\n\n\n<p class=\"wp-block-paragraph\">Kiterjedt, s\u00falyosabb lefoly\u00e1s\u00fa vagy visszat\u00e9r\u0151 b\u0151rherpesz eset\u00e9n a kezel\u0151orvos sz\u00e1jon \u00e1t szedhet\u0151, sziszt\u00e9m\u00e1s v\u00edrusellenes gy\u00f3gyszereket (p\u00e9ld\u00e1ul aciklovir, valaciklovir vagy famciklovir hat\u00f3anyag\u00fa tablett\u00e1kat) \u00edrhat fel. Ezek a k\u00e9sz\u00edtm\u00e9nyek sziszt\u00e9m\u00e1san g\u00e1tolj\u00e1k a v\u00edrus szaporod\u00e1s\u00e1t a szervezetben, \u00e9rdemben ler\u00f6vid\u00edtik a betegs\u00e9g lefoly\u00e1s\u00e1t, cs\u00f6kkentik a f\u00e1jdalom m\u00e9rt\u00e9k\u00e9t, \u00e9s minimaliz\u00e1lj\u00e1k az esetleges sz\u00f6v\u0151dm\u00e9nyek kialakul\u00e1s\u00e1nak kock\u00e1zat\u00e1t.<\/p>\n\n\n\n<h2 class=\"wp-block-heading\">Otthoni t\u00fcneti enyh\u00edt\u00e9s<\/h2>\n\n\n\n<p class=\"wp-block-paragraph\">A gy\u00f3gyszeres kezel\u00e9s kieg\u00e9sz\u00edt\u00e9sek\u00e9nt szakszer\u0171 otthoni \u00e1pol\u00e1ssal \u00e9s a higi\u00e9niai szab\u00e1lyok szigor\u00fa betart\u00e1s\u00e1val jelent\u0151sen el\u0151seg\u00edthet\u0151 a b\u0151r regener\u00e1ci\u00f3ja \u00e9s a kellemetlen \u00e9rz\u00e9sek csillap\u00edt\u00e1sa:<\/p>\n\n\n\n<ul class=\"wp-block-list\">\n<li><strong>Sz\u00e1r\u00edt\u00f3 paszt\u00e1k alkalmaz\u00e1sa:<\/strong> A nedvedz\u0151 szakaszban a cink-oxid tartalm\u00fa sz\u00e1r\u00edt\u00f3 paszt\u00e1k vagy r\u00e1z\u00f3kever\u00e9kek hat\u00e9konyan seg\u00edtik a h\u00f3lyagok gyorsabb besz\u00e1rad\u00e1s\u00e1t.<\/li>\n\n\n\n<li><strong>Gyullad\u00e1s- \u00e9s f\u00e1jdalomcsillap\u00edt\u00e1s:<\/strong> A k\u00eds\u00e9r\u0151 f\u00e1jdalom \u00e9s helyi gyullad\u00e1s m\u00e9rs\u00e9kl\u00e9s\u00e9re hagyom\u00e1nyos f\u00e1jdalomcsillap\u00edt\u00f3 \u00e9s gyullad\u00e1scs\u00f6kkent\u0151 k\u00e9sz\u00edtm\u00e9nyek (p\u00e9ld\u00e1ul ibuprof\u00e9n) alkalmazhat\u00f3k.<\/li>\n\n\n\n<li><strong>H\u0171t\u0151 borogat\u00e1s:<\/strong> A kezdeti szakaszban a tiszta text\u00edli\u00e1ba csavart j\u00e9g \u00f3vatos alkalmaz\u00e1sa cs\u00f6kkentheti a sz\u00f6veti duzzanatot \u00e9s az \u00e9g\u0151 f\u00e1jdalmat.<\/li>\n\n\n\n<li><strong>A b\u0151r v\u00e9delme vazelinnel:<\/strong> Amikor a h\u00f3lyagok m\u00e1r besz\u00e1radtak, a tiszta vazelin v\u00e9kony r\u00e9tegben val\u00f3 felvitele meg\u00f3vja a b\u0151rt a berepedez\u00e9st\u0151l, cs\u00f6kkentve a fel\u00fclfert\u0151z\u0151d\u00e9s es\u00e9ly\u00e9t.<\/li>\n\n\n\n<li><strong>A b\u0151rfel\u00fclet tiszt\u00e1n \u00e9s sz\u00e1razon tart\u00e1sa:<\/strong> Az akt\u00edv szakaszban ker\u00fclend\u0151 a meleg vizes \u00e1ztat\u00e1s, mert a fel\u00e1ztat\u00e1s elny\u00fajthatja a gy\u00f3gyul\u00e1si id\u0151t \u00e9s fokozhatja a fert\u0151z\u00e9s tov\u00e1bbterjed\u00e9s\u00e9nek kock\u00e1zat\u00e1t. Az \u00e9rintett b\u0151rfel\u00fcletet tiszt\u00e1n \u00e9s sz\u00e1razon kell tartani.<\/li>\n\n\n\n<li><strong>Megfelel\u0151 higi\u00e9niai int\u00e9zked\u00e9sek:<\/strong> Szigor\u00fa alapelv, hogy tilos a h\u00f3lyagokat kisz\u00farni, fakasztani vagy elkaparni. Ezzel ugyanis a fert\u0151z\u00e9s m\u00e1s b\u0151rfel\u00fcletekre is \u00e1tvihet\u0151, emellett utat nyit a bakteri\u00e1lis fel\u00fclfert\u0151z\u0151d\u00e9snek, ami maradand\u00f3 hegesed\u00e9st eredm\u00e9nyezhet.<\/li>\n<\/ul>\n\n\n\n<h2 class=\"wp-block-heading\">A fert\u0151z\u00e9s ki\u00fajul\u00e1s\u00e1nak megel\u0151z\u00e9se<\/h2>\n\n\n\n<p class=\"wp-block-paragraph\">Mivel a herpeszv\u00edrus a szervezet v\u00e9dekez\u0151rendszer\u00e9nek gyeng\u00fcl\u00e9sekor aktiv\u00e1l\u00f3dik \u00fajra, a megel\u0151z\u00e9s alappill\u00e9r\u00e9t az immunrendszer folyamatos t\u00e1mogat\u00e1sa \u00e9s a kiv\u00e1lt\u00f3 t\u00e9nyez\u0151k elker\u00fcl\u00e9se k\u00e9pezi. A ki\u00fajul\u00e1sok ritk\u00edt\u00e1sa \u00e9rdek\u00e9ben az al\u00e1bbi szempontok figyelembev\u00e9tele javasolt:<\/p>\n\n\n\n<ul class=\"wp-block-list\">\n<li><strong>Az immunrendszer er\u0151s\u00edt\u00e9se:<\/strong> Gondoskodni kell a kiegyens\u00falyozott t\u00e1pl\u00e1lkoz\u00e1sr\u00f3l, a rendszeres testmozg\u00e1sr\u00f3l, valamint a megfelel\u0151 vitamin- \u00e9s \u00e1sv\u00e1nyianyag-bevitelr\u0151l, k\u00fcl\u00f6n\u00f6s tekintettel a C-vitaminra, a D-vitaminra \u00e9s a cinkre.<\/li>\n\n\n\n<li><strong>Tudatos stresszkezel\u00e9s:<\/strong> Mivel a kr\u00f3nikus stressz az egyik leggyakoribb kiv\u00e1lt\u00f3 ok, a rendszeres relax\u00e1ci\u00f3, a j\u00f3ga, a megfelel\u0151 alv\u00e1smin\u0151s\u00e9g \u00e9s a pihen\u00e9s kulcsfontoss\u00e1g\u00fa a fell\u00e1ngol\u00e1sok megel\u0151z\u00e9s\u00e9ben.<\/li>\n\n\n\n<li><strong>Gondos f\u00e9nyv\u00e9delem:<\/strong> Ha a b\u0151rt\u00fcnetek az arcon vagy a napf\u00e9nynek kitett testr\u00e9szeken szoktak jelentkezni, magas faktorsz\u00e1m\u00fa (SPF 30+) f\u00e9nyv\u00e9d\u0151 kr\u00e9m haszn\u00e1lata sz\u00fcks\u00e9ges, mivel az UV-sug\u00e1rz\u00e1s igazoltan aktiv\u00e1lhatja a v\u00edrust.<\/li>\n\n\n\n<li><strong>Szem\u00e9lyes higi\u00e9nia fenntart\u00e1sa:<\/strong> Akt\u00edv fert\u0151z\u00e9s idej\u00e9n elengedhetetlen a k\u00fcl\u00f6n t\u00f6r\u00f6lk\u00f6z\u0151 \u00e9s tiszt\u00e1lkod\u00e1si eszk\u00f6z\u00f6k haszn\u00e1lata, a gyakori, alapos k\u00e9zmos\u00e1s, valamint a fert\u0151z\u00f6tt b\u0151rfel\u00fclet \u00e9rint\u00e9s\u00e9nek ker\u00fcl\u00e9se.<\/li>\n<\/ul>\n\n\n\n<h2 class=\"wp-block-heading\">Szakorvosi konzult\u00e1ci\u00f3<\/h2>\n\n\n\n<p class=\"wp-block-paragraph\">B\u00e1r a b\u0151r\u00f6n megjelen\u0151 herpesz az esetek t\u00f6bbs\u00e9g\u00e9ben 1-2 h\u00e9t alatt mag\u00e1t\u00f3l \u00e9s sz\u00f6v\u0151dm\u00e9nymentesen gy\u00f3gyul, bizonyos kock\u00e1zati t\u00e9nyez\u0151k \u00e9s t\u00fcnetek eset\u00e9n elengedhetetlen a szakorvosi vizsg\u00e1lat.<\/p>\n\n\n\n<p class=\"wp-block-paragraph\">Mindenk\u00e9ppen b\u0151rgy\u00f3gy\u00e1szhoz vagy h\u00e1ziorvoshoz kell fordulni, ha a t\u00fcnetek a szem k\u00f6rny\u00e9k\u00e9n vagy az arcon jelennek meg, mivel a szem\u00e9szeti herpesz s\u00falyos sz\u00f6v\u0151dm\u00e9nyekkel, ak\u00e1r a l\u00e1t\u00e1s tart\u00f3s k\u00e1rosod\u00e1s\u00e1val is j\u00e1rhat. Szint\u00e9n orvosi \u00e9rt\u00e9kel\u00e9st ig\u00e9nyel, ha a sebek k\u00e9t h\u00e9t eltelt\u00e9vel sem mutatj\u00e1k a gy\u00f3gyul\u00e1s jeleit, vagy ha a h\u00f3lyagok k\u00f6rnyezete er\u0151sen begyullad, f\u00e1jdalmass\u00e1 \u00e9s gennyess\u00e9 v\u00e1lik, ami bakteri\u00e1lis fel\u00fclfert\u0151z\u0151d\u00e9s gyan\u00faj\u00e1ra utal. Emellett a legyeng\u00fclt immunrendszer\u0171 szem\u00e9lyek \u2013 mint a daganatos betegs\u00e9gben szenved\u0151k, az immunszuppressz\u00edv kezel\u00e9s alatt \u00e1ll\u00f3k vagy a HIV-fert\u0151z\u00f6ttek \u2013 eset\u00e9ben a fert\u0151z\u00e9s s\u00falyosabb, kiterjedtebb lefoly\u00e1st mutathat, \u00edgy sz\u00e1mukra a korai orvosi konzult\u00e1ci\u00f3 \u00e9s az id\u0151ben megkezdett c\u00e9lzott ter\u00e1pia l\u00e9tfontoss\u00e1g\u00fa.<\/p>\n","protected":false},"excerpt":{"rendered":"<p>A herpeszv\u00edrus \u00e1ltal okozott fert\u0151z\u00e9sek a test k\u00fcl\u00f6nb\u00f6z\u0151 pontjain is megjelenhetnek, \u00e9s b\u00e1r kellemetlen panaszokkal j\u00e1rnak. A k\u00f3rk\u00e9p\u2026<\/p>\n","protected":false},"author":1,"featured_media":149,"comment_status":"closed","ping_status":"closed","sticky":false,"template":"","format":"standard","meta":{"footnotes":""},"categories":[15],"tags":[20,29,30,31,21,22,23,24,25,26,27,28],"class_list":["post-150","post","type-post","status-publish","format-standard","has-post-thumbnail","hentry","category-tech-es-tudomany","tag-20","tag-29","tag-30","tag-31","tag-21","tag-22","tag-23","tag-24","tag-25","tag-26","tag-27","tag-28"],"_links":{"self":[{"href":"https:\/\/magicon.hu\/?rest_route=\/wp\/v2\/posts\/150","targetHints":{"allow":["GET"]}}],"collection":[{"href":"https:\/\/magicon.hu\/?rest_route=\/wp\/v2\/posts"}],"about":[{"href":"https:\/\/magicon.hu\/?rest_route=\/wp\/v2\/types\/post"}],"author":[{"embeddable":true,"href":"https:\/\/magicon.hu\/?rest_route=\/wp\/v2\/users\/1"}],"replies":[{"embeddable":true,"href":"https:\/\/magicon.hu\/?rest_route=%2Fwp%2Fv2%2Fcomments&post=150"}],"version-history":[{"count":2,"href":"https:\/\/magicon.hu\/?rest_route=\/wp\/v2\/posts\/150\/revisions"}],"predecessor-version":[{"id":152,"href":"https:\/\/magicon.hu\/?rest_route=\/wp\/v2\/posts\/150\/revisions\/152"}],"wp:featuredmedia":[{"embeddable":true,"href":"https:\/\/magicon.hu\/?rest_route=\/wp\/v2\/media\/149"}],"wp:attachment":[{"href":"https:\/\/magicon.hu\/?rest_route=%2Fwp%2Fv2%2Fmedia&parent=150"}],"wp:term":[{"taxonomy":"category","embeddable":true,"href":"https:\/\/magicon.hu\/?rest_route=%2Fwp%2Fv2%2Fcategories&post=150"},{"taxonomy":"post_tag","embeddable":true,"href":"https:\/\/magicon.hu\/?rest_route=%2Fwp%2Fv2%2Ftags&post=150"}],"curies":[{"name":"wp","href":"https:\/\/api.w.org\/{rel}","templated":true}]}}