{"id":123,"date":"2026-08-31T21:34:42","date_gmt":"2026-08-31T19:34:42","guid":{"rendered":"https:\/\/magicon.hu\/?p=123"},"modified":"2026-08-31T09:16:13","modified_gmt":"2026-08-31T07:16:13","slug":"igaz-torteneten-alapulo-filmek","status":"publish","type":"post","link":"https:\/\/magicon.hu\/igaz-torteneten-alapulo-filmek\/","title":{"rendered":"Igaz t\u00f6rt\u00e9neten alapul\u00f3 filmek"},"content":{"rendered":"\n<p class=\"wp-block-paragraph\">A val\u00f3s esem\u00e9nyeken alapul\u00f3 filmek mindig k\u00fcl\u00f6nleges vonzer\u0151vel b\u00edrtak. Amikor a k\u00e9perny\u0151n felt\u0171nik a felirat, amely jelzi, hogy a l\u00e1tott t\u00f6rt\u00e9net a val\u00f3s\u00e1gon alapul, a n\u00e9z\u0151i \u00e9lm\u00e9ny azonnal \u00faj dimenzi\u00f3t kap. Az igaz t\u00f6rt\u00e9neten alapul\u00f3 alkot\u00e1sok nem csup\u00e1n sz\u00f3rakoztatnak, hanem k\u00f6zvetlen betekint\u00e9st engednek az emberi sorsok, a rendk\u00edv\u00fcli helyt\u00e1ll\u00e1sok \u00e9s a t\u00f6rt\u00e9nelem legfordulatosabb pillanataiba.<\/p>\n\n\n\n<h2 class=\"wp-block-heading\">Az igaz t\u00f6rt\u00e9netek vonzereje<\/h2>\n\n\n\n<p class=\"wp-block-paragraph\">Az igaz t\u00f6rt\u00e9netek ir\u00e1nti fokozott \u00e9rdekl\u0151d\u00e9s m\u00f6g\u00f6tt m\u00e9ly pszichol\u00f3giai mechanizmusok h\u00faz\u00f3dnak meg. A tudat, hogy a k\u00e9perny\u0151n bemutatott konfliktusok \u00e9s \u00e9rzelmek egykor val\u00f3ban megt\u00f6rt\u00e9ntek, jelent\u0151sen feler\u0151s\u00edti a n\u00e9z\u0151i emp\u00e1ti\u00e1t \u00e9s a dr\u00e1mai bevon\u00f3d\u00e1st. A fikci\u00f3s elemekkel szemben a val\u00f3s\u00e1gon alapul\u00f3 cselekm\u00e9ny nagyobb s\u00falyt ad a fesz\u00fclts\u00e9gnek, hiszen a t\u00e9tek h\u00fas-v\u00e9r emberek \u00e9let\u00e9t \u00e9rintett\u00e9k.<\/p>\n\n\n\n<p class=\"wp-block-paragraph\">Ugyanakkor a filmgy\u00e1rt\u00e1si folyamat sor\u00e1n elker\u00fclhetetlen egyfajta egyens\u00falyoz\u00e1s a dokumentarista hiteless\u00e9g \u00e9s a dramaturgiai szabads\u00e1g k\u00f6z\u00f6tt. A rendez\u0151k \u00e9s forgat\u00f3k\u00f6nyv\u00edr\u00f3k gyakran t\u00f6m\u00f6r\u00edtik az id\u0151s\u00edkokat vagy \u00f6sszevonnak karaktereket a g\u00f6rd\u00fcl\u00e9kenyebb mes\u00e9l\u00e9s \u00e9rdek\u00e9ben. Ez a m\u0171v\u00e9szi finomhangol\u00e1s nem csorb\u00edtja az esem\u00e9nyek l\u00e9nyeg\u00e9t, hanem seg\u00edti a t\u00f6rt\u00e9net m\u00e9lyebb emberi igazs\u00e1gainak kibontakoz\u00e1s\u00e1t an\u00e9lk\u00fcl, hogy t\u00falbonyol\u00edtott elm\u00e9leti keretek k\u00f6z\u00e9 szor\u00edtan\u00e1 a n\u00e9z\u0151t.<\/p>\n\n\n\n<h2 class=\"wp-block-heading\">Megt\u00f6rt\u00e9nt esem\u00e9nyen alapul\u00f3 filmek<\/h2>\n\n\n\n<p class=\"wp-block-paragraph\">A val\u00f3s\u00e1g ihlette mozik sz\u00e9les sk\u00e1l\u00e1n mozognak, a megr\u00e1z\u00f3 t\u00f6rt\u00e9nelmi tabl\u00f3kt\u00f3l a leny\u0171g\u00f6z\u0151 szem\u00e9lyes karriert\u00f6rt\u00e9netekig. A m\u0171faj legmeghat\u00e1roz\u00f3bb alkot\u00e1sai megmutatj\u00e1k, hogy az \u00e9let \u00edrja a legkisz\u00e1m\u00edthatatlanabb forgat\u00f3k\u00f6nyveket, ahol a megt\u00f6rt\u00e9nt esem\u00e9nyen alapul\u00f3 filmek ereje az emberi kitart\u00e1sban nyilv\u00e1nul meg.<\/p>\n\n\n\n<p class=\"wp-block-paragraph\">\u00cdme n\u00e9h\u00e1ny olyan klasszikus \u00e9s modern alapm\u0171, amely maradand\u00f3 \u00e9rt\u00e9ket k\u00f6zvet\u00edt:<\/p>\n\n\n\n<ul class=\"wp-block-list\"><li><strong>Schindler list\u00e1ja (Schindler&#39;s List, 1993)<\/strong>: Steven Spielberg t\u00f6rt\u00e9nelmi dr\u00e1m\u00e1ja Oskar Schindler n\u00e9met gy\u00e1ros \u00e9let\u00e9t mutatja be, aki a m\u00e1sodik vil\u00e1gh\u00e1bor\u00fa alatt t\u00f6bb mint ezer zsid\u00f3 munk\u00e1s \u00e9let\u00e9t mentette meg a biztos hal\u00e1lt\u00f3l. A film legf\u0151bb tanuls\u00e1ga az egy\u00e9ni felel\u0151ss\u00e9gv\u00e1llal\u00e1sban \u00e9s a legrettegettebb id\u0151kben is meg\u0151rizhet\u0151 humanizmusban rejlik.<\/li><li><strong>\u00c9letreval\u00f3k (Intouchables, 2011)<\/strong>: A francia sikerfilm egy kerekessz\u00e9khez k\u00f6t\u00f6tt gazdag arisztokrata \u00e9s a k\u00fclv\u00e1rosi k\u00f6rnyezetb\u0151l \u00e9rkez\u0151 \u00e1pol\u00f3j\u00e1nak val\u00f3sz\u00edn\u0171tlen, m\u00e9gis m\u00e9ly bar\u00e1ts\u00e1g\u00e1t t\u00e1rja a n\u00e9z\u0151k el\u00e9. Az alkot\u00e1s r\u00e1vil\u00e1g\u00edt arra, hogy az el\u0151\u00edt\u00e9letek lebont\u00e1sa \u00e9s a humor mekkora gy\u00f3gy\u00edt\u00f3 er\u0151vel b\u00edr az emberi kapcsolatokban.<\/li><li><strong>A boldogs\u00e1g nyom\u00e1ban (The Pursuit of Happyness, 2006)<\/strong>: Chris Gardner igaz t\u00f6rt\u00e9nete a rendk\u00edv\u00fcli elsz\u00e1nts\u00e1g \u00e9s az apai szeretet mement\u00f3ja. A hajl\u00e9ktalans\u00e1ggal k\u00fczd\u0151 apa k\u00fczdelme a p\u00e9nz\u00fcgyi szektorban bizony\u00edtja, hogy a kitart\u00e1s \u00e9s a hit k\u00e9pes fel\u00fcl\u00edrni a legnehezebb k\u00f6r\u00fclm\u00e9nyeket is.<\/li><li><strong>Kapj el, ha tudsz (Catch Me If You Can, 2002)<\/strong>: B\u00e1r a film Frank Abagnale Jr. \u00f6n\u00e9letrajz\u00e1n alapul \u2013 amelynek val\u00f3s\u00e1gtartalm\u00e1t a leg\u00fajabb kutat\u00e1sok er\u0151sen megk\u00e9rd\u0151jelezik \u2013, a t\u00f6rt\u00e9net a zsenialit\u00e1s \u00e9s a mag\u00e1nyos \u00fatkeres\u00e9s k\u00fcl\u00f6nleges \u00f6tv\u00f6zete marad. A p\u00f6rg\u0151s hajsza m\u00f6g\u00f6tt felsejlik a szem\u00e9lyes identit\u00e1s \u00e9s a csal\u00e1di elfogad\u00e1s ir\u00e1nti v\u00e1gy.<\/li><li><strong>Hajsza a gy\u0151zelem\u00e9rt (Rush, 2013)<\/strong>: Niki Lauda \u00e9s James Hunt 1976-os Formula\u20131-es rivaliz\u00e1l\u00e1sa k\u00e9t teljesen elt\u00e9r\u0151 \u00e9letfiloz\u00f3fia \u00e9s karakter \u00f6sszecsap\u00e1s\u00e1t \u00e1br\u00e1zolja, bemutatva a professzion\u00e1lis al\u00e1zat \u00e9s a kock\u00e1zatv\u00e1llal\u00e1s hat\u00e1rvonalait.<\/li><\/ul>\n\n\n\n<p class=\"wp-block-paragraph\">Ezek a munk\u00e1k nemcsak sz\u00f3rakoztatnak, hanem m\u00e9lyrehat\u00f3 mor\u00e1lis \u00e9s etikai tanuls\u00e1gokkal is szolg\u00e1lnak.<\/p>\n\n\n\n<h2 class=\"wp-block-heading\">Filmek megt\u00f6rt\u00e9nt esem\u00e9nyek alapj\u00e1n: a t\u00fal\u00e9l\u00e9st\u0151l a romantik\u00e1ig<\/h2>\n\n\n\n<p class=\"wp-block-paragraph\">A val\u00f3s esem\u00e9nyeket feldolgoz\u00f3 mozi nem korl\u00e1toz\u00f3dik egyetlen m\u0171fajra, hanem rendk\u00edv\u00fcl sz\u00e9les tematikus spektrumot \u00f6lel fel. A filmek megt\u00f6rt\u00e9nt esem\u00e9nyek alapj\u00e1n az extr\u00e9m t\u00fal\u00e9l\u0151t\u00f6rt\u00e9netekt\u0151l az \u00e9let \u00edrta romantikus dr\u00e1m\u00e1kig terjednek.<\/p>\n\n\n\n<p class=\"wp-block-paragraph\">Az extr\u00e9m t\u00fal\u00e9l\u0151t\u00f6rt\u00e9netek \u2013 mint a term\u00e9szeti elemekkel k\u00fczd\u0151 kalandorokr\u00f3l sz\u00f3l\u00f3 dr\u00e1m\u00e1k \u2013 az emberi fizikai \u00e9s pszichikai teljes\u00edt\u0151k\u00e9pess\u00e9g legv\u00e9gs\u0151 hat\u00e1rait feszegetik. Ezzel szemben a romantikus m\u0171fajban az \u00e9let \u00edrta szerelmek jelennek meg, ahol a kapcsolatok megtart\u00e1s\u00e1\u00e9rt folytatott k\u00fczdelem, az elk\u00f6telez\u0151d\u00e9s \u00e9s a betegs\u00e9gekkel val\u00f3 k\u00f6z\u00f6s szemben\u00e9z\u00e9s adja a narrat\u00edva magv\u00e1t.<\/p>\n\n\n\n<p class=\"wp-block-paragraph\">A nemzetk\u00f6zi felhozatal mellett a hazai filmgy\u00e1rt\u00e1s is kiemelked\u0151 alkot\u00e1sokkal k\u00e9pviselteti mag\u00e1t ebben a kateg\u00f3ri\u00e1ban:<\/p>\n\n\n\n<ul class=\"wp-block-list\"><li><strong>Magass\u00e1gok \u00e9s m\u00e9lys\u00e9gek<\/strong>: Er\u0151ss Zsolt hegym\u00e1sz\u00f3 trag\u00e9di\u00e1j\u00e1t \u00e9s feles\u00e9ge, Sterczer Hilda gy\u00e1szfeldolgoz\u00e1s\u00e1t mutatja be, m\u00e9lyrehat\u00f3 betekint\u00e9st ny\u00fajtva a l\u00e9lektani fel\u00e9p\u00fcl\u00e9s folyamat\u00e1ba.<\/li><li><strong>K\u00e9k Pelikan<\/strong>: A kilencvenes \u00e9vek hamis\u00edtott vonatjegyeivel zajl\u00f3 utaz\u00e1sok nosztalgikus, m\u00e9gis realisztikus vil\u00e1g\u00e1t t\u00e1rja fel egyedi anim\u00e1ci\u00f3s dokumentumfilmes form\u00e1ban.<\/li><\/ul>\n\n\n\n<p class=\"wp-block-paragraph\">A m\u0171faji soksz\u00edn\u0171s\u00e9g biztos\u00edtja, hogy mindenki megtal\u00e1lja a pillanatnyi hangulat\u00e1hoz legink\u00e1bb illeszked\u0151 elbesz\u00e9l\u00e9st.<\/p>\n\n\n\n<h2 class=\"wp-block-heading\">T\u00f6k\u00e9letes film kiv\u00e1laszt\u00e1sa egy mozid\u00e9lut\u00e1nhoz<\/h2>\n\n\n\n<p class=\"wp-block-paragraph\">A megfelel\u0151 alkot\u00e1s kiv\u00e1laszt\u00e1s\u00e1hoz \u00e9rdemes v\u00e9giggondolni az aktu\u00e1lis \u00e9rzelmi ig\u00e9nyeket \u00e9s a megtekint\u00e9s c\u00e9lj\u00e1t. Ha az inspir\u00e1ci\u00f3 \u00e9s a fellelkes\u00fcl\u00e9s a c\u00e9l, a kitart\u00e1sr\u00f3l sz\u00f3l\u00f3 \u00e9letrajzi dr\u00e1m\u00e1k ny\u00fajthatj\u00e1k a legmegfelel\u0151bb \u00e9lm\u00e9nyt. A t\u00f6rt\u00e9nelmi \u00e9s t\u00e1rsadalmi k\u00e9rd\u00e9sek ir\u00e1nt \u00e9rdekl\u0151d\u0151k sz\u00e1m\u00e1ra a t\u00e9nyfelt\u00e1r\u00f3 vagy korszakalkot\u00f3 esem\u00e9nyeket feldolgoz\u00f3 m\u0171vek k\u00edn\u00e1lnak m\u00e9lyebb szellemi t\u00e1pl\u00e1l\u00e9kot, m\u00edg a k\u00f6nnyedebb, m\u00e9gis val\u00f3s\u00e1gh\u0171 sz\u00f3rakoz\u00e1sra v\u00e1gy\u00f3knak a szellemes sz\u00e9lh\u00e1most\u00f6rt\u00e9netek kedveznek.<\/p>\n\n\n\n<p class=\"wp-block-paragraph\">A megtekint\u00e9st k\u00f6vet\u0151en \u00e9rdemes id\u0151t sz\u00e1nni a h\u00e1tt\u00e9resem\u00e9nyek megismer\u00e9s\u00e9re is, hiszen az eredeti dokumentumok, interj\u00fak vagy visszaeml\u00e9kez\u00e9sek \u00e1ttanulm\u00e1nyoz\u00e1sa tov\u00e1bb gazdag\u00edtja a film\u00e9lm\u00e9nyt, \u00e9s m\u00e9g teljesebb\u00e9 teszi a filmn\u00e9z\u00e9s \u00e9lm\u00e9ny\u00e9t.<\/p>\n\n","protected":false},"excerpt":{"rendered":"<p>A val\u00f3s esem\u00e9nyeken alapul\u00f3 filmek mindig k\u00fcl\u00f6nleges vonzer\u0151vel b\u00edrtak. Amikor a k\u00e9perny\u0151n felt\u0171nik a felirat, amely jelzi, hogy\u2026<\/p>\n","protected":false},"author":1,"featured_media":122,"comment_status":"closed","ping_status":"closed","sticky":false,"template":"","format":"standard","meta":{"footnotes":""},"categories":[13],"tags":[20,29,30,31,21,22,23,24,25,26,27,28],"class_list":["post-123","post","type-post","status-publish","format-standard","has-post-thumbnail","hentry","category-eletmod","tag-20","tag-29","tag-30","tag-31","tag-21","tag-22","tag-23","tag-24","tag-25","tag-26","tag-27","tag-28"],"_links":{"self":[{"href":"https:\/\/magicon.hu\/?rest_route=\/wp\/v2\/posts\/123","targetHints":{"allow":["GET"]}}],"collection":[{"href":"https:\/\/magicon.hu\/?rest_route=\/wp\/v2\/posts"}],"about":[{"href":"https:\/\/magicon.hu\/?rest_route=\/wp\/v2\/types\/post"}],"author":[{"embeddable":true,"href":"https:\/\/magicon.hu\/?rest_route=\/wp\/v2\/users\/1"}],"replies":[{"embeddable":true,"href":"https:\/\/magicon.hu\/?rest_route=%2Fwp%2Fv2%2Fcomments&post=123"}],"version-history":[{"count":1,"href":"https:\/\/magicon.hu\/?rest_route=\/wp\/v2\/posts\/123\/revisions"}],"predecessor-version":[{"id":126,"href":"https:\/\/magicon.hu\/?rest_route=\/wp\/v2\/posts\/123\/revisions\/126"}],"wp:featuredmedia":[{"embeddable":true,"href":"https:\/\/magicon.hu\/?rest_route=\/wp\/v2\/media\/122"}],"wp:attachment":[{"href":"https:\/\/magicon.hu\/?rest_route=%2Fwp%2Fv2%2Fmedia&parent=123"}],"wp:term":[{"taxonomy":"category","embeddable":true,"href":"https:\/\/magicon.hu\/?rest_route=%2Fwp%2Fv2%2Fcategories&post=123"},{"taxonomy":"post_tag","embeddable":true,"href":"https:\/\/magicon.hu\/?rest_route=%2Fwp%2Fv2%2Ftags&post=123"}],"curies":[{"name":"wp","href":"https:\/\/api.w.org\/{rel}","templated":true}]}}