{"id":121,"date":"2026-08-28T21:35:07","date_gmt":"2026-08-28T19:35:07","guid":{"rendered":"https:\/\/magicon.hu\/?p=121"},"modified":"2026-08-31T09:16:54","modified_gmt":"2026-08-31T07:16:54","slug":"animacios-filmek","status":"publish","type":"post","link":"https:\/\/magicon.hu\/animacios-filmek\/","title":{"rendered":"Az anim\u00e1ci\u00f3s filmek vil\u00e1ga"},"content":{"rendered":"\n<p class=\"wp-block-paragraph\">Az anim\u00e1ci\u00f3s filmek vil\u00e1ga az elm\u00falt \u00e9vtizedekben gy\u00f6keres \u00e1talakul\u00e1son ment kereszt\u00fcl: ma m\u00e1r messze nem csak a legkisebbeknek sz\u00f3l\u00f3 sz\u00f3rakoz\u00e1st jelentik. Ez a m\u0171faj a kort\u00e1rs filmm\u0171v\u00e9szet egyik legkreat\u00edvabb \u00e9s leg\u00f6sszetettebb ter\u00fclet\u00e9v\u00e9 v\u00e1lt, amely egyszerre k\u00e9pes m\u00e9ly filoz\u00f3fiai k\u00e9rd\u00e9seket feszegetni, ment\u00e1lis folyamatokat szeml\u00e9ltetni \u00e9s felejthetetlen k\u00f6z\u00f6ss\u00e9gi \u00e9lm\u00e9nyt ny\u00fajtani minden koroszt\u00e1ly sz\u00e1m\u00e1ra. A vizu\u00e1lis t\u00f6rt\u00e9netmes\u00e9l\u00e9s hat\u00e1rtalan eszk\u00f6zt\u00e1ra lehet\u0151v\u00e9 teszi, hogy az alkot\u00f3k olyan absztrakt fogalmakat \u00e9s \u00e9rzelmeket keltsenek \u00e9letre, amelyek az \u00e9l\u0151szerepl\u0151s filmek keretei k\u00f6z\u00f6tt nehezen lenn\u00e9nek megval\u00f3s\u00edthat\u00f3k. A m\u0171faj fejl\u0151d\u00e9se \u00e9s legkiemelked\u0151bb alkot\u00e1sai j\u00f3l mutatj\u00e1k az anim\u00e1ci\u00f3 m\u00e9lyebb dimenzi\u00f3it.<\/p>\n\n\n\n<h2 class=\"wp-block-heading\">Mi\u00e9rt var\u00e1zsolj\u00e1k el a n\u00e9z\u0151ket a legjobb mes\u00e9k?<\/h2>\n\n\n\n<p class=\"wp-block-paragraph\">Az anim\u00e1ci\u00f3s m\u0171faj rendk\u00edv\u00fcli n\u00e9pszer\u0171s\u00e9g\u00e9nek \u00e9s hat\u00e1s\u00e1nak kulcsa a korl\u00e1tlan alkot\u00f3i szabads\u00e1gban keresend\u0151. A hagyom\u00e1nyos mozi fizikai korl\u00e1taival szemben a rajzolt vagy sz\u00e1m\u00edt\u00f3g\u00e9ppel gener\u00e1lt vil\u00e1gokban a k\u00e9pzelet szabja meg az egyetlen hat\u00e1rt. Ez a rugalmass\u00e1g teszi lehet\u0151v\u00e9, hogy a <strong>legjobb mes\u00e9k<\/strong> ne csup\u00e1n felsz\u00ednes sz\u00f3rakoz\u00e1st k\u00edn\u00e1ljanak, hanem komoly pszichol\u00f3giai \u00e9s t\u00e1rsadalmi \u00fczeneteket is k\u00f6zvet\u00edtsenek a n\u00e9z\u0151k fel\u00e9.<\/p>\n\n\n\n<p class=\"wp-block-paragraph\">A vizu\u00e1lis t\u00f6rt\u00e9netmes\u00e9l\u00e9s r\u00e9v\u00e9n a l\u00e1tv\u00e1ny elemei \u2013 a sz\u00ednek, a form\u00e1k \u00e9s a mozg\u00e1s dinamik\u00e1ja \u2013 k\u00f6zvetlen\u00fcl az \u00e9rzelmekre hatnak. Egy szimbolikus karakter vagy egy sz\u00fcrre\u00e1lis k\u00f6rnyezet gyakran sokkal pontosabban k\u00e9pes kifejezni a gy\u00e1szt, az \u00f6r\u00f6m\u00f6t, a szorong\u00e1st vagy az elfogad\u00e1st, mint a sz\u00f3beli p\u00e1rbesz\u00e9dek. Ez a saj\u00e1toss\u00e1g teszi az anim\u00e1ci\u00f3t univerz\u00e1lis nyelvv\u00e9, amelyet nemzetis\u00e9gt\u0151l \u00e9s \u00e9letkort\u00f3l f\u00fcggetlen\u00fcl b\u00e1rki meg\u00e9rthet.<\/p>\n\n\n\n<p class=\"wp-block-paragraph\">A m\u0171faj fontos k\u00f6z\u00f6ss\u00e9g\u00e9p\u00edt\u0151 funkci\u00f3t is bet\u00f6lt. A k\u00f6z\u00f6s moziz\u00e1s vagy az otthoni mesen\u00e9z\u00e9s sor\u00e1n a csal\u00e1dtagok olyan tapasztalatokat osztanak meg egym\u00e1ssal, amelyek megk\u00f6nny\u00edtik a nehezebb t\u00e9m\u00e1k feldolgoz\u00e1s\u00e1t. A sz\u00fcl\u0151k \u00e9s gyermekek k\u00f6z\u00f6tti p\u00e1rbesz\u00e9d elind\u00edt\u00e1s\u00e1ban az anim\u00e1ci\u00f3k megb\u00edzhat\u00f3 hidat k\u00e9peznek, seg\u00edtve az alapvet\u0151 \u00e9rt\u00e9kek \u00e1tad\u00e1s\u00e1t \u00e9s a k\u00f6z\u00f6s csal\u00e1di k\u00f6tel\u00e9kek elm\u00e9ly\u00edt\u00e9s\u00e9t.<\/p>\n\n\n\n<h2 class=\"wp-block-heading\">A magyar filmgy\u00e1rt\u00e1s id\u0151tlen kincsei \u00e9s a legjobb rajzfilmek<\/h2>\n\n\n\n<p class=\"wp-block-paragraph\">Magyarorsz\u00e1g m\u00e9lt\u00e1n b\u00fcszke a gazdag \u00e9s nemzetk\u00f6zileg is elismert anim\u00e1ci\u00f3s hagyom\u00e1nyaira. A hazai rajzfilmgy\u00e1rt\u00e1s aranykora olyan mesterm\u0171veket sz\u00fclt, amelyek a magyar irodalom \u00e9s kult\u00fara legszebb elemeit \u00f6tv\u00f6zt\u00e9k a legmagasabb szint\u0171 vizu\u00e1lis kivitelez\u00e9ssel. A klasszikus magyar alkot\u00e1sok gener\u00e1ci\u00f3k gondolkod\u00e1sm\u00f3dj\u00e1t form\u00e1lt\u00e1k, mik\u00f6zben a kort\u00e1rs magyar rendez\u0151k napjainkban is bizony\u00edtj\u00e1k, hogy a hazai m\u0171helyek k\u00e9pesek felvenni a versenyt a glob\u00e1lis \u00e9lvonallal.<\/p>\n\n\n\n<p class=\"wp-block-paragraph\">A legmeghat\u00e1roz\u00f3bb hazai alkot\u00e1sok \u00e9s a <strong>legjobb rajzfilmek<\/strong> k\u00f6z\u00fcl az al\u00e1bbi m\u00e9rf\u00f6ldk\u00f6veket \u00e9rdemes kiemelni:<\/p>\n\n\n\n<ul class=\"wp-block-list\"><li><strong>Vuk (1981):<\/strong> Dargay Attila rendez\u0151 Fekete Istv\u00e1n klasszikus reg\u00e9ny\u00e9b\u0151l k\u00e9sz\u00edtett halhatatlan anim\u00e1ci\u00f3t. A kis r\u00f3ka feln\u00f6v\u00e9st\u00f6rt\u00e9nete nemcsak a term\u00e9szet tisztelet\u00e9re \u00e9s az \u00e9let v\u00e9delm\u00e9re tan\u00edt, hanem a vesztes\u00e9g feldolgoz\u00e1s\u00e1nak \u00e9s a b\u00e1tors\u00e1g megtal\u00e1l\u00e1s\u00e1nak \u00e9rz\u00e9keny \u00e1br\u00e1zol\u00e1sa miatt is a magyar filmt\u00f6rt\u00e9net egyik leg\u00e9rt\u00e9kesebb gy\u00f6ngyszeme.<\/li><li><strong>Macskafog\u00f3 (1986):<\/strong> Ternovszky B\u00e9la \u00e9s Nepp J\u00f3zsef zseni\u00e1lis alkot\u00e1sa a m\u0171faji par\u00f3dia cs\u00facsteljes\u00edtm\u00e9nye. A meglep\u0151en \u00e9rett humort, a titkos\u00fcgyn\u00f6k-filmek elemeit \u00e9s a t\u00e1rsadalomkritik\u00e1t \u00f6tv\u00f6z\u0151 anim\u00e1ci\u00f3 sz\u00e1ll\u00f3ig\u00e9v\u00e9 v\u00e1lt p\u00e1rbesz\u00e9dekkel \u00e9s ut\u00e1nozhatatlan karakterekkel \u00edrta be mag\u00e1t a kult\u00fart\u00f6rt\u00e9netbe, bizony\u00edtva, hogy a magyar rajzfilmek a feln\u0151tt k\u00f6z\u00f6ns\u00e9g sz\u00e1m\u00e1ra is leny\u0171g\u00f6z\u0151 \u00e9lm\u00e9nyt ny\u00fajtanak.<\/li><li><strong>M\u0171anyag \u00e9gbolt (2023):<\/strong> Szab\u00f3 Sarolta \u00e9s B\u00e1n\u00f3czki Tibor posztapokaliptikus sci-fije a modern magyar anim\u00e1ci\u00f3 kiemelked\u0151 teljes\u00edtm\u00e9nye. A rotoszk\u00f3p technik\u00e1val k\u00e9sz\u00fclt alkot\u00e1s egy olyan j\u00f6v\u0151beli Budapestet mutat be, ahol a t\u00fal\u00e9l\u00e9s \u00e1ra az emberi testek n\u00f6v\u00e9nyi alapanyagg\u00e1 alak\u00edt\u00e1sa. A film a kl\u00edmav\u00e1ls\u00e1g, a haland\u00f3s\u00e1g \u00e9s a szerelem m\u00e9ly filoz\u00f3fiai k\u00e9rd\u00e9seit boncolgatja, nemzetk\u00f6zi szinten is elismer\u00e9st aratva.<\/li><\/ul>\n\n\n\n<p class=\"wp-block-paragraph\">A hazai anim\u00e1ci\u00f3s st\u00fadi\u00f3k siker\u00e9nek titka mindig is a tartalmi m\u00e9lys\u00e9gben \u00e9s az egyedi m\u0171v\u00e9szi l\u00e1t\u00e1sm\u00f3dban rejlett. A magyar rajzfilmek nem csup\u00e1n kikapcsol\u00f3d\u00e1st ny\u00fajtanak, hanem kult\u00far\u00e1nk alapvet\u0151 \u00e9rt\u00e9keit k\u00f6zvet\u00edtik a j\u00f6v\u0151 gener\u00e1ci\u00f3i sz\u00e1m\u00e1ra, mik\u00f6zben folyamatosan meg\u00fajulnak, v\u00e1laszolva az \u00faj technol\u00f3giai kih\u00edv\u00e1sokra.<\/p>\n\n\n\n<h2 class=\"wp-block-heading\">Kihagyhatatlan alkot\u00e1sok \u00e9s a legjobb anim\u00e1ci\u00f3s filmek<\/h2>\n\n\n\n<p class=\"wp-block-paragraph\">A nemzetk\u00f6zi filmiparban a sz\u00e1m\u00edt\u00f3g\u00e9pes technol\u00f3gia megjelen\u00e9se \u00e9s az \u00f3ri\u00e1si anim\u00e1ci\u00f3s st\u00fadi\u00f3k \u2013 mint a Pixar, a Disney vagy a DreamWorks \u2013 munk\u00e1ss\u00e1ga teljesen \u00e1tform\u00e1lta a m\u0171faj kereteit. A glob\u00e1lis piacon sz\u00fcletett <strong>legjobb anim\u00e1ci\u00f3s filmek<\/strong> ma m\u00e1r nem csup\u00e1n vizu\u00e1lis brav\u00farok, hanem komoly l\u00e9lektani \u00e9s t\u00e1rsadalmi k\u00e9rd\u00e9seket feszeget\u0151 dr\u00e1m\u00e1k is egyben. Ezek az alkot\u00e1sok r\u00e1vil\u00e1g\u00edtanak arra, hogy az \u00f6nelfogad\u00e1s, a gy\u00e1sz, a csal\u00e1di \u00f6r\u00f6ks\u00e9g \u00e9s a ment\u00e1lis eg\u00e9szs\u00e9g t\u00e9mak\u00f6rei mik\u00e9nt jelen\u00edthet\u0151k meg k\u00f6z\u00e9rthet\u0151, m\u00e9gis m\u00e9ly form\u00e1ban.<\/p>\n\n\n\n<p class=\"wp-block-paragraph\">A nemzetk\u00f6zi anim\u00e1ci\u00f3 t\u00f6rt\u00e9net\u00e9ben t\u00f6bb olyan kulcsfontoss\u00e1g\u00fa alkot\u00e1s tal\u00e1lhat\u00f3, amely m\u00e9rf\u00f6ldk\u0151nek sz\u00e1m\u00edt a kort\u00e1rs filmm\u0171v\u00e9szet alakul\u00e1s\u00e1ban:<\/p>\n\n\n\n<ul class=\"wp-block-list\"><li><strong>Toy Story \u2013 J\u00e1t\u00e9kh\u00e1bor\u00fa (1995):<\/strong> Ez a film a vil\u00e1g els\u0151 teljesen sz\u00e1m\u00edt\u00f3g\u00e9ppel anim\u00e1lt eg\u00e9sz est\u00e9s mozifilmjek\u00e9nt alapjaiban v\u00e1ltoztatta meg a filmgy\u00e1rt\u00e1st. A j\u00e1t\u00e9kok titkos \u00e9let\u00e9n kereszt\u00fcl a t\u00f6rt\u00e9net a bar\u00e1ts\u00e1g, a f\u00e9lt\u00e9kenys\u00e9g, a lojalit\u00e1s \u00e9s az elm\u00fal\u00e1s k\u00e9rd\u00e9seit boncolgatja, megteremtve a modern anim\u00e1ci\u00f3s \u00e9lm\u00e9ny alapjait.<\/li><li><strong>Coco (2017):<\/strong> A Pixar st\u00fadi\u00f3 mesterm\u0171ve a mexik\u00f3i halottak napja k\u00f6r\u00e9 \u00e9p\u00fcl\u0151 kultur\u00e1lis trad\u00edci\u00f3kon kereszt\u00fcl mutatja be a csal\u00e1di k\u00f6tel\u00e9kek \u00e9s az eml\u00e9kez\u00e9s fontoss\u00e1g\u00e1t. A film \u00e9rz\u00e9kenyen tan\u00edtja meg a n\u00e9z\u0151knek, hogy az elhunyt szeretteink eml\u00e9ke mindaddig tov\u00e1bb \u00e9l benn\u00fcnk, am\u00edg meg\u0151rizz\u00fck a t\u00f6rt\u00e9neteiket.<\/li><li><strong>Agyman\u00f3k (2015):<\/strong> Az emberi elme m\u0171k\u00f6d\u00e9s\u00e9t \u00e9s az \u00e9rzelmek (Der\u0171, B\u00e1nat, Harag, Majr\u00e9 \u00e9s Undor) szerep\u00e9t feldolgoz\u00f3 alkot\u00e1s a kort\u00e1rs pszichol\u00f3giai anim\u00e1ci\u00f3 cs\u00facsa. A film zseni\u00e1lisan mutatja be a feln\u00f6v\u00e9s neh\u00e9zs\u00e9geit, \u00e9s r\u00e1vil\u00e1g\u00edt arra, hogy a szomor\u00fas\u00e1g nem elnyomand\u00f3 negat\u00edvum, hanem a lelki egyens\u00faly \u00e9s a megbocs\u00e1t\u00e1s n\u00e9lk\u00fcl\u00f6zhetetlen eleme.<\/li><\/ul>\n\n\n\n<p class=\"wp-block-paragraph\">Ezek a nemzetk\u00f6zi sikerek bebizony\u00edtott\u00e1k, hogy a rajzolt vagy gener\u00e1lt karakterek k\u00e9pesek a legm\u00e9lyebb emberi emp\u00e1ti\u00e1t felkelteni a n\u00e9z\u0151ben, \u00e9s fontos t\u00e1rsadalmi p\u00e1rbesz\u00e9deket elind\u00edtani.<\/p>\n\n\n\n<h2 class=\"wp-block-heading\">A modern technol\u00f3gia hat\u00e1sa<\/h2>\n\n\n\n<p class=\"wp-block-paragraph\">Az anim\u00e1ci\u00f3s technol\u00f3gia sz\u00e9lsebes fejl\u0151d\u00e9se napjainkban teljesen \u00faj t\u00e1vlatokat nyit meg az alkot\u00f3k el\u0151tt. A mesters\u00e9ges intelligencia, a val\u00f3s idej\u0171 renderel\u00e9s \u00e9s az egyre kifinomultabb vizu\u00e1lis effektek nemcsak a l\u00e1tv\u00e1nyvil\u00e1got teszik r\u00e9szletgazdagabb\u00e1, hanem lehet\u0151v\u00e9 teszik a kort\u00e1rs t\u00e1rsadalmi kih\u00edv\u00e1sokra val\u00f3 azonnali reag\u00e1l\u00e1st is. A leg\u00fajabb produkci\u00f3k k\u00f6zponti t\u00e9m\u00e1j\u00e1v\u00e1 egyre ink\u00e1bb a digit\u00e1lis kor k\u00e9rd\u00e9sei v\u00e1lnak.<\/p>\n\n\n\n<p class=\"wp-block-paragraph\">Ennek a trendnek a mintap\u00e9ld\u00e1ja a k\u00e9sz\u00fcl\u0151 <em>Toy Story 5<\/em>, amely a tervek szerint a gyermekek okoseszk\u00f6z-haszn\u00e1lat\u00e1val \u00e9s a k\u00e9perny\u0151id\u0151 dominanci\u00e1j\u00e1val foglalkozik majd. A hagyom\u00e1nyos j\u00e1t\u00e9kok \u00e9s a digit\u00e1lis k\u00fcty\u00fck \u00f6sszecsap\u00e1sa olyan aktu\u00e1lis probl\u00e9ma, amellyel szinte minden mai csal\u00e1d szembes\u00fcl a mindennapokban.<\/p>\n\n\n\n<p class=\"wp-block-paragraph\">A mozikba \u00e9rkez\u0151 leg\u00fajabb folytat\u00e1sok \u00e9s \u00faj franchise-ok \u00edgy nemcsak sz\u00f3rakoztatnak, hanem seg\u00edtik a sz\u00fcl\u0151ket \u00e9s a fiatalokat abban, hogy k\u00f6z\u00f6sen dolgozz\u00e1k fel a digit\u00e1lis vil\u00e1g kih\u00edv\u00e1sait. Az anim\u00e1ci\u00f3 j\u00f6v\u0151je teh\u00e1t tov\u00e1bbra is a technol\u00f3giai innov\u00e1ci\u00f3 \u00e9s az emberi \u00e9rzelmek tal\u00e1lkoz\u00e1s\u00e1ban rejlik.<\/p>\n\n","protected":false},"excerpt":{"rendered":"<p>Az anim\u00e1ci\u00f3s filmek vil\u00e1ga az elm\u00falt \u00e9vtizedekben gy\u00f6keres \u00e1talakul\u00e1son ment kereszt\u00fcl: ma m\u00e1r messze nem csak a legkisebbeknek\u2026<\/p>\n","protected":false},"author":1,"featured_media":120,"comment_status":"closed","ping_status":"closed","sticky":false,"template":"","format":"standard","meta":{"footnotes":""},"categories":[13],"tags":[20,29,30,31,21,22,23,24,25,26,27,28],"class_list":["post-121","post","type-post","status-publish","format-standard","has-post-thumbnail","hentry","category-eletmod","tag-20","tag-29","tag-30","tag-31","tag-21","tag-22","tag-23","tag-24","tag-25","tag-26","tag-27","tag-28"],"_links":{"self":[{"href":"https:\/\/magicon.hu\/?rest_route=\/wp\/v2\/posts\/121","targetHints":{"allow":["GET"]}}],"collection":[{"href":"https:\/\/magicon.hu\/?rest_route=\/wp\/v2\/posts"}],"about":[{"href":"https:\/\/magicon.hu\/?rest_route=\/wp\/v2\/types\/post"}],"author":[{"embeddable":true,"href":"https:\/\/magicon.hu\/?rest_route=\/wp\/v2\/users\/1"}],"replies":[{"embeddable":true,"href":"https:\/\/magicon.hu\/?rest_route=%2Fwp%2Fv2%2Fcomments&post=121"}],"version-history":[{"count":1,"href":"https:\/\/magicon.hu\/?rest_route=\/wp\/v2\/posts\/121\/revisions"}],"predecessor-version":[{"id":125,"href":"https:\/\/magicon.hu\/?rest_route=\/wp\/v2\/posts\/121\/revisions\/125"}],"wp:featuredmedia":[{"embeddable":true,"href":"https:\/\/magicon.hu\/?rest_route=\/wp\/v2\/media\/120"}],"wp:attachment":[{"href":"https:\/\/magicon.hu\/?rest_route=%2Fwp%2Fv2%2Fmedia&parent=121"}],"wp:term":[{"taxonomy":"category","embeddable":true,"href":"https:\/\/magicon.hu\/?rest_route=%2Fwp%2Fv2%2Fcategories&post=121"},{"taxonomy":"post_tag","embeddable":true,"href":"https:\/\/magicon.hu\/?rest_route=%2Fwp%2Fv2%2Ftags&post=121"}],"curies":[{"name":"wp","href":"https:\/\/api.w.org\/{rel}","templated":true}]}}