{"id":101,"date":"2026-08-26T16:23:27","date_gmt":"2026-08-26T14:23:27","guid":{"rendered":"https:\/\/magicon.hu\/?p=101"},"modified":"2026-08-31T09:23:07","modified_gmt":"2026-08-31T07:23:07","slug":"csakra-szinek","status":"publish","type":"post","link":"https:\/\/magicon.hu\/csakra-szinek\/","title":{"rendered":"A csakr\u00e1k sz\u00ednei \u00e9s szerep\u00fck"},"content":{"rendered":"\n<p class=\"wp-block-paragraph\">Az emberi szervezet m\u0171k\u00f6d\u00e9s\u00e9vel \u00e9s j\u00f3ll\u00e9t\u00e9vel kapcsolatos keleti filoz\u00f3fi\u00e1k k\u00f6zponti elem\u00e9t k\u00e9pezik a test energiak\u00f6zpontjai. A fizikai \u00e9rz\u00e9kel\u00e9s \u00e9s a spiritu\u00e1lis gondolkod\u00e1s tal\u00e1lkoz\u00e1s\u00e1n\u00e1l a sz\u00ednek nem csup\u00e1n eszt\u00e9tikai \u00e9lm\u00e9nyt ny\u00fajtanak, hanem szimbolikusan meghat\u00e1rozott bels\u0151 \u00e1llapotokat is jel\u00f6lnek. A h\u00e9t f\u0151 energiak\u00f6zpont meg\u00e9rt\u00e9se \u00e9s a hozz\u00e1juk kapcsol\u00f3d\u00f3 sz\u00ednanal\u00f3gi\u00e1k vizsg\u00e1lata betekint\u00e9st enged a testi \u00e9s lelki folyamatok \u00f6sszef\u00fcgg\u00e9seibe.<\/p>\n\n\n\n<h2 class=\"wp-block-heading\">Az energiatest alapjai \u00e9s a csakr\u00e1k nevei a keleti hagyom\u00e1nyban<\/h2>\n\n\n\n<p class=\"wp-block-paragraph\">Az \u0151si keleti hagyom\u00e1nyok szerint az ember nem csup\u00e1n h\u00fasb\u00f3l \u00e9s v\u00e9rb\u0151l \u00e1ll, hanem egy \u00f6sszetett energiatesttel is rendelkezik. Ennek a rendszernek a legfontosabb csom\u00f3pontjai a csakr\u00e1k, amelyek a gerincoszlop ment\u00e9n elhelyezked\u0151, folyamatosan forg\u00f3 energiakerekek. A szanszkrit eredet\u0171 csakra sz\u00f3 jelent\u00e9se \u201eker\u00e9k\u201d, \u201eforg\u00f3 korong\u201d vagy \u201e\u00f6rv\u00e9ny\u201d. Ezek az energiak\u00f6zpontok transzform\u00e1tork\u00e9nt m\u0171k\u00f6dnek: felveszik a k\u00f6rnyezet \u00e9s a kozmosz \u00e9leterej\u00e9t, a pr\u00e1n\u00e1t, \u00e1talak\u00edtj\u00e1k azt, majd sz\u00e9tosztj\u00e1k a szervezetben. A hagyom\u00e1nyos rendszerekben a csakr\u00e1k nevei szanszkrit kifejez\u00e9sekb\u0151l erednek, amelyek pontosan le\u00edrj\u00e1k az adott k\u00f6zpont elhelyezked\u00e9s\u00e9t \u00e9s funkci\u00f3j\u00e1t.<\/p>\n\n\n\n<p class=\"wp-block-paragraph\">A gerinc ment\u00e9n lentr\u0151l felfel\u00e9 haladva az energiak\u00f6zpontok finomod\u00f3 rezg\u00e9sszinteket k\u00e9pviselnek. B\u00e1r a fizikai f\u00e9nyspektrum \u00e9s a csakr\u00e1k \u00f6sszekapcsol\u00e1sa nem igazolt fizikai jelens\u00e9g, a modern ezot\u00e9ri\u00e1ban a sz\u00ednek \u00e9s a csakr\u00e1k kapcsolata szeml\u00e9letes szimbolikus anal\u00f3giak\u00e9nt szolg\u00e1l. \u00c9rdemes tiszt\u00e1zni, hogy a csakr\u00e1k h\u00e9t sziv\u00e1rv\u00e1nysz\u00edn szerinti feloszt\u00e1sa nem az \u0151si szanszkrit trad\u00edci\u00f3 r\u00e9sze, hanem a 20. sz\u00e1zad m\u00e1sodik fel\u00e9ben megjelent nyugati modell. Ebben a megk\u00f6zel\u00edt\u00e9sben az als\u00f3bb k\u00f6zpontokhoz a lassabb, fizikai l\u00e9tez\u00e9st jelk\u00e9pez\u0151 meleg sz\u00ednek tartoznak, m\u00edg a fels\u0151bb energiak\u00f6zpontok finomabb, spiritu\u00e1lisabb energi\u00e1it a hideg sz\u00ednek jelen\u00edtik meg.<\/p>\n\n\n\n<h2 class=\"wp-block-heading\">A h\u00e9t f\u0151 csakra sz\u00ednek jelent\u00e9se \u00e9s a blokkolts\u00e1g fizikai t\u00fcnetei<\/h2>\n\n\n\n<p class=\"wp-block-paragraph\">A csakra sz\u00ednek jelent\u00e9se m\u00e9lyen \u00f6sszef\u00fcgg az egyes k\u00f6zpontok elhelyezked\u00e9s\u00e9vel, \u00e9lettani szerep\u00e9vel \u00e9s lelki dimenzi\u00f3ival. A gerinc ment\u00e9n lentr\u0151l felfel\u00e9 haladva az al\u00e1bbi h\u00e9t f\u0151 energiak\u00f6zpontot k\u00fcl\u00f6n\u00edthetj\u00fck el:<\/p>\n\n\n\n<ul class=\"wp-block-list\"><li><strong>Gy\u00f6k\u00e9rcsakra (<em>Muladhara<\/em>) \u2013 V\u00f6r\u00f6s sz\u00edn:<\/strong>\n\n&#8211; <strong>Elhelyezked\u00e9s:<\/strong> A gerincoszlop alj\u00e1n, a g\u00e1t ter\u00fclet\u00e9n tal\u00e1lhat\u00f3.\n&#8211; <strong>Sz\u00edn \u00e9s elem:<\/strong> M\u00e9lyv\u00f6r\u00f6s, t\u0171zpiros; eleme a f\u00f6ld.\n&#8211; <strong>Jelent\u00e9s \u00e9s hat\u00e1s:<\/strong> A fizikai stabilit\u00e1s, az alapvet\u0151 t\u00fal\u00e9l\u00e9si \u00f6szt\u00f6n\u00f6k \u00e9s a f\u00f6ldelts\u00e9g k\u00f6zpontja. A v\u00f6r\u00f6s a legmelegebb sz\u00edn, amely a fizikai er\u0151t, a szenved\u00e9lyt \u00e9s az \u00e9letenergi\u00e1t k\u00e9pviseli. Kiegyens\u00falyozott \u00e1llapotban a biztons\u00e1g\u00e9rzet, az \u00e9letbe vetett bizalom, a vitalit\u00e1s \u00e9s a szil\u00e1rd anyagi alapok domin\u00e1lnak.\n&#8211; <strong>Blokkolts\u00e1g t\u00fcnetei:<\/strong> Egzisztenci\u00e1lis szorong\u00e1s, f\u00e9lelem, bizonytalans\u00e1g, d\u00fchkit\u00f6r\u00e9sek, anyagi probl\u00e9m\u00e1k, fizikai szinten pedig alacsony energiaszint \u00e9s f\u00e1rad\u00e9konys\u00e1g.<\/li><li><strong>Szakr\u00e1lis csakra (<em>Svadhisthana<\/em>) \u2013 Narancss\u00e1rga sz\u00edn:<\/strong>\n\n&#8211; <strong>Elhelyezked\u00e9s:<\/strong> Az alhasban, a k\u00f6ld\u00f6k \u00e9s a g\u00e1t k\u00f6z\u00f6tti szakaszon helyezkedik el.\n&#8211; <strong>Sz\u00edn \u00e9s elem:<\/strong> Ragyog\u00f3 narancss\u00e1rga; eleme a v\u00edz.\n&#8211; <strong>Jelent\u00e9s \u00e9s hat\u00e1s:<\/strong> Az \u00e9rzelmek \u00e1raml\u00e1s\u00e1\u00e9rt, az alkot\u00f3v\u00e1gy\u00e9rt, az \u00e9let\u00f6r\u00f6m\u00f6k\u00e9rt \u00e9s a szexualit\u00e1s\u00e9rt felel\u0151s k\u00f6zpont. A narancss\u00e1rga az \u00f6r\u00f6m, a lelkesed\u00e9s, a k\u00edv\u00e1ncsis\u00e1g \u00e9s az intimit\u00e1s kifejez\u0151je. Harmonikus m\u0171k\u00f6d\u00e9se eset\u00e9n a kreativit\u00e1s \u00e9s az eg\u00e9szs\u00e9ges t\u00e1rsas kapcsolatok \u00e9rv\u00e9nyes\u00fclnek.\n&#8211; <strong>Blokkolts\u00e1g t\u00fcnetei:<\/strong> Alkot\u00f3i v\u00e1ls\u00e1g, \u00e9rzelmi ridegs\u00e9g, p\u00e1rkapcsolati elakad\u00e1sok, szexu\u00e1lis zavarok.<\/li><li><strong>Napfonat csakra (<em>Manipura<\/em>) \u2013 S\u00e1rga sz\u00edn:<\/strong>\n\n&#8211; <strong>Elhelyezked\u00e9s:<\/strong> A gyomort\u00e1j\u00e9kon, a k\u00f6ld\u00f6k felett tal\u00e1lhat\u00f3.\n&#8211; <strong>Sz\u00edn \u00e9s elem:<\/strong> Naps\u00e1rga, citroms\u00e1rga; eleme a t\u0171z.\n&#8211; <strong>Jelent\u00e9s \u00e9s hat\u00e1s:<\/strong> A szem\u00e9lyes er\u0151, az \u00f6nbecs\u00fcl\u00e9s, a ment\u00e1lis tisztas\u00e1g, az intellektus \u00e9s az akarat sz\u00e9khelye. A s\u00e1rga sz\u00edn a bels\u0151 ragyog\u00e1st \u00e9s a magabiztoss\u00e1got szimboliz\u00e1lja. Egyens\u00faly eset\u00e9n er\u0151s az \u00f6nbizalom, a hat\u00e1rozott d\u00f6nt\u00e9shoz\u00e1si k\u00e9pess\u00e9g \u00e9s az eg\u00e9szs\u00e9ges hat\u00e1rok kijel\u00f6l\u00e9se.\n&#8211; <strong>Blokkolts\u00e1g t\u00fcnetei:<\/strong> Kisebbrend\u0171s\u00e9gi \u00e9rz\u00e9s, kontrollm\u00e1nia, hat\u00e1rozatlans\u00e1g, d\u00fchkit\u00f6r\u00e9sek, em\u00e9szt\u00e9si panaszok.<\/li><li><strong>Sz\u00edvcsakra (<em>Anahata<\/em>) \u2013 Z\u00f6ld \u00e9s r\u00f3zsasz\u00edn:<\/strong>\n\n&#8211; <strong>Elhelyezked\u00e9s:<\/strong> A mellkas k\u00f6zep\u00e9n, a sz\u00edv magass\u00e1g\u00e1ban helyezkedik el.\n&#8211; <strong>Sz\u00edn \u00e9s elem:<\/strong> Els\u0151dlegesen z\u00f6ld, m\u00e1sodlagosan r\u00f3zsasz\u00edn; eleme a leveg\u0151.\n&#8211; <strong>Jelent\u00e9s \u00e9s hat\u00e1s:<\/strong> H\u00edd az als\u00f3bb fizikai \u00e9s a fels\u0151bb spiritu\u00e1lis energiak\u00f6zpontok k\u00f6z\u00f6tt. A z\u00f6ld a gy\u00f3gyul\u00e1s, a n\u00f6veked\u00e9s, a term\u00e9szet \u00e9s a b\u00e9ke sz\u00edne, m\u00edg a r\u00f3zsasz\u00edn a felt\u00e9tel n\u00e9lk\u00fcli szeretetet \u00e9s gyeng\u00e9ds\u00e9get jelk\u00e9pezi. Harmonikus \u00e1llapotban az egy\u00fctt\u00e9rz\u00e9s, a megbocs\u00e1t\u00e1s, az elfogad\u00e1s \u00e9s az \u00f6nzetlen szeretet domin\u00e1l.\n&#8211; <strong>Blokkolts\u00e1g t\u00fcnetei:<\/strong> Elszigetelts\u00e9g, mag\u00e1ny, f\u00e9lt\u00e9kenys\u00e9g, haragtart\u00e1s, kering\u00e9si vagy l\u00e9gz\u0151szervi panaszok.<\/li><li><strong>Torokcsakra (<em>Vishuddha<\/em>) \u2013 Vil\u00e1gosk\u00e9k sz\u00edn:<\/strong>\n\n&#8211; <strong>Elhelyezked\u00e9s:<\/strong> A torok ter\u00fclet\u00e9n tal\u00e1lhat\u00f3.\n&#8211; <strong>Sz\u00edn \u00e9s elem:<\/strong> Vil\u00e1gosk\u00e9k, t\u00fcrkizk\u00e9k; eleme az \u00e9ter.\n&#8211; <strong>Jelent\u00e9s \u00e9s hat\u00e1s:<\/strong> Az \u00f6nkifejez\u00e9s, a tiszta kommunik\u00e1ci\u00f3 \u00e9s az igazs\u00e1g kimond\u00e1s\u00e1nak k\u00f6zpontja. A vil\u00e1gosk\u00e9k a tiszta \u00e9gbolt nyitotts\u00e1g\u00e1t, a h\u0171v\u00f6s nyugalmat \u00e9s a gondolati tisztas\u00e1got t\u00fckr\u00f6zi. Egyens\u00falyban az \u0151szinte \u00f6nkifejez\u00e9s \u00e9s a figyelmes jelenl\u00e9t jellemzi.\n&#8211; <strong>Blokkolts\u00e1g t\u00fcnetei:<\/strong> Kommunik\u00e1ci\u00f3s neh\u00e9zs\u00e9gek, torokf\u00e1j\u00e1s, gomb\u00f3c\u00e9rz\u00e9s a torokban, elfojtott gondolatok, hallgat\u00e1sba burkol\u00f3z\u00e1s vagy t\u00falzott fecseg\u00e9s.<\/li><li><strong>Homlokcsakra vagy Harmadik Szem (<em>Ajna<\/em>) \u2013 Indig\u00f3k\u00e9k sz\u00edn:<\/strong>\n\n&#8211; <strong>Elhelyezked\u00e9s:<\/strong> A homlok k\u00f6zep\u00e9n, a szem\u00f6ld\u00f6k\u00f6k k\u00f6z\u00f6tti ter\u00fcleten helyezkedik el.\n&#8211; <strong>Sz\u00edn:<\/strong> Indig\u00f3k\u00e9k, s\u00f6t\u00e9tk\u00e9k.\n&#8211; <strong>Jelent\u00e9s me hat\u00e1s:<\/strong> Az intu\u00edci\u00f3, a bels\u0151 l\u00e1t\u00e1s, a b\u00f6lcsess\u00e9g \u00e9s a k\u00e9pzel\u0151er\u0151 sz\u00e9khelye. Az indig\u00f3k\u00e9k az \u00e9jszakai \u00e9gbolt m\u00e9lys\u00e9g\u00e9t \u00e9s a tudatalatti meg\u00e9rt\u00e9s\u00e9t k\u00e9pviseli. Kiegyens\u00falyozottan tiszt\u00e1nl\u00e1t\u00e1st, megb\u00edzhat\u00f3 meg\u00e9rz\u00e9seket \u00e9s az \u00f6sszef\u00fcgg\u00e9sek \u00e1tl\u00e1t\u00e1s\u00e1t biztos\u00edtja.\n&#8211; <strong>Blokkolts\u00e1g t\u00fcnetei:<\/strong> Fejf\u00e1j\u00e1s, alv\u00e1szavarok, r\u00e9m\u00e1lmok, l\u00e1t\u00e1sprobl\u00e9m\u00e1k, t\u00falzott racionalit\u00e1s, az intu\u00edci\u00f3 teljes elutas\u00edt\u00e1sa vagy a realit\u00e1s\u00e9rz\u00e9k elveszt\u00e9se.<\/li><li><strong>Koronacsakra (<em>Sahasrara<\/em>) \u2013 Lila \u00e9s ibolyasz\u00edn:<\/strong>\n\n&#8211; <strong>Elhelyezked\u00e9s:<\/strong> A fejtet\u0151n tal\u00e1lhat\u00f3.\n&#8211; <strong>Sz\u00edn:<\/strong> Lila, ibolya, esetenk\u00e9nt feh\u00e9r vagy arany.\n&#8211; <strong>Jelent\u00e9s \u00e9s hat\u00e1s:<\/strong> A spiritu\u00e1lis kapcsol\u00f3d\u00e1s, a magasabb tudatoss\u00e1g \u00e9s az egys\u00e9g\u00e9lm\u00e9ny k\u00f6zpontja. A lila a l\u00e1that\u00f3 spektrum legmagasabb rezg\u00e9s\u0171 sz\u00edne, amely a transzcendenci\u00e1t, a m\u00e9ly medit\u00e1ci\u00f3t \u00e9s a megvil\u00e1gosod\u00e1st szimboliz\u00e1lja. Egyens\u00faly eset\u00e9n bels\u0151 b\u00e9ke \u00e9s az \u00e9let m\u00e9lyebb \u00e9rtelm\u00e9nek meg\u00e9rt\u00e9se tapasztalhat\u00f3.\n&#8211; <strong>Blokkolts\u00e1g t\u00fcnetei:<\/strong> C\u00e9ltalans\u00e1g, spiritu\u00e1lis elszigetelts\u00e9g, merev gondolkod\u00e1sm\u00f3d, sz\u00e9d\u00fcl\u00e9s \u00e9s idegrendszeri kimer\u00fclts\u00e9g.<\/li><\/ul>\n\n\n\n<p class=\"wp-block-paragraph\"><em>(Fontos megjegyezni, hogy a fizikai szervi panaszok \u00e9s klinikai t\u00fcnetek eset\u00e9n elengedhetetlen a szakszer\u0171 orvosi kivizsg\u00e1l\u00e1s \u00e9s kezel\u00e9s; az energetikai megk\u00f6zel\u00edt\u00e9s nem helyettes\u00edti az eg\u00e9szs\u00e9g\u00fcgyi ell\u00e1t\u00e1st.)<\/em><\/p>\n\n\n\n<h2 class=\"wp-block-heading\">A bels\u0151 egyens\u00faly helyre\u00e1ll\u00edt\u00e1sa \u00e9s a csakr\u00e1k megnyit\u00e1sa a gyakorlatban<\/h2>\n\n\n\n<p class=\"wp-block-paragraph\">A sz\u00ednek nem csup\u00e1n elm\u00e9leti szimb\u00f3lumok, hanem az energiatest be\u00e1ll\u00edt\u00e1s\u00e1t seg\u00edt\u0151 gyakorlati eszk\u00f6z\u00f6k is. Az egyes \u00e9letter\u00fcleteken tapasztalt elakad\u00e1sok eset\u00e9n a tudatos sz\u00edn- \u00e9s rezg\u00e9shaszn\u00e1lat seg\u00edts\u00e9get ny\u00fajt az energetikai egyens\u00faly vissza\u00e1ll\u00edt\u00e1s\u00e1ban, \u00edgy a csakr\u00e1k megnyit\u00e1sa \u00e9s harmoniz\u00e1l\u00e1sa a mindennapi \u00e9let r\u00e9sz\u00e9v\u00e9 v\u00e1lhat.<\/p>\n\n\n\n<ul class=\"wp-block-list\"><li><strong>\u00d6lt\u00f6zk\u00f6d\u00e9s \u00e9s tudatos sz\u00ednv\u00e1laszt\u00e1s:<\/strong> A ruh\u00e1zat sz\u00ednei k\u00f6zvetlen hat\u00e1ssal vannak a k\u00f6z\u00e9rzetre. Ha az \u00f6nbizalom er\u0151s\u00edt\u00e9s\u00e9re van sz\u00fcks\u00e9g (napfonat csakra), a s\u00e1rga \u00e1rnyalatok visel\u00e9se t\u00e1mogathatja a folyamatot. Egy fontos t\u00e1rgyal\u00e1s vagy el\u0151ad\u00e1s el\u0151tt a k\u00e9k ruhadarabok vagy kieg\u00e9sz\u00edt\u0151k a torokcsakra m\u0171k\u00f6d\u00e9s\u00e9t \u00e9s a tiszta kommunik\u00e1ci\u00f3t seg\u00edtik el\u0151. Az elutas\u00edtott vagy el\u0151nyben r\u00e9szes\u00edtett sz\u00ednek megfigyel\u00e9se fontos visszajelz\u00e9s az aktu\u00e1lis energetikai \u00e1llapotr\u00f3l.<\/li><li><strong>Sz\u00ednmedit\u00e1ci\u00f3 \u00e9s vizualiz\u00e1ci\u00f3:<\/strong> Csendes k\u00f6rnyezetben v\u00e9gzett gyakorlat sor\u00e1n \u00e9rdemes a bels\u0151 k\u00e9pekre \u00f6sszpontos\u00edtani. A kiv\u00e1lasztott energiak\u00f6zpont hely\u00e9n egy ragyog\u00f3, tiszta sz\u00edn\u0171 f\u00e9nyg\u00f6mb forg\u00e1sa k\u00e9pzelhet\u0151 el. Bel\u00e9gz\u00e9skor a megfelel\u0151 sz\u00edn\u0171 f\u00e9ynt besz\u00edvva, kil\u00e9gz\u00e9skor pedig a fesz\u00fclts\u00e9get elengedve \u00e9rhetj\u00fck el a k\u00edv\u00e1nt hat\u00e1st.<\/li><li><strong>\u00c1sv\u00e1nyok \u00e9s krist\u00e1lyok haszn\u00e1lata:<\/strong> A term\u00e9szetes krist\u00e1lyok rezg\u00e9sei j\u00f3l illeszkednek a test energiapontjaihoz. A gy\u00f6k\u00e9rcsakr\u00e1hoz a v\u00f6r\u00f6s j\u00e1spist, a napfonathoz a citrint, a koronacsakr\u00e1hoz pedig az ametisztot haszn\u00e1lhatjuk a rezg\u00e9sszint harmoniz\u00e1l\u00e1s\u00e1ra.<\/li><li><strong>K\u00f6rnyezet \u00e9s lakberendez\u00e9s:<\/strong> Az otthoni vagy munkahelyi t\u00e9rben elhelyezett sz\u00ednes kieg\u00e9sz\u00edt\u0151k \u2013 mint a p\u00e1rn\u00e1k, gyerty\u00e1k, k\u00e9pek vagy textil t\u00e1rgyak \u2013 folyamatosan biztos\u00edtj\u00e1k a k\u00edv\u00e1nt sz\u00ednfrekvencia jelenl\u00e9t\u00e9t a mindennapokban.<\/li><\/ul>\n\n\n\n<p class=\"wp-block-paragraph\">A csakr\u00e1k sz\u00edneinek megismer\u00e9se \u00e9s tudatos alkalmaz\u00e1sa egy hat\u00e9kony \u00f6nismereti utaz\u00e1s, amely hozz\u00e1j\u00e1rul a testi-lelki egyens\u00faly, a bels\u0151 b\u00e9ke \u00e9s az eg\u00e9szs\u00e9g fenntart\u00e1s\u00e1hoz.<\/p>\n\n","protected":false},"excerpt":{"rendered":"<p>Az emberi szervezet m\u0171k\u00f6d\u00e9s\u00e9vel \u00e9s j\u00f3ll\u00e9t\u00e9vel kapcsolatos keleti filoz\u00f3fi\u00e1k k\u00f6zponti elem\u00e9t k\u00e9pezik a test energiak\u00f6zpontjai. A fizikai \u00e9rz\u00e9kel\u00e9s\u2026<\/p>\n","protected":false},"author":1,"featured_media":100,"comment_status":"closed","ping_status":"closed","sticky":false,"template":"","format":"standard","meta":{"footnotes":""},"categories":[13],"tags":[20,29,30,31,21,22,23,24,25,26,27,28],"class_list":["post-101","post","type-post","status-publish","format-standard","has-post-thumbnail","hentry","category-eletmod","tag-20","tag-29","tag-30","tag-31","tag-21","tag-22","tag-23","tag-24","tag-25","tag-26","tag-27","tag-28"],"_links":{"self":[{"href":"https:\/\/magicon.hu\/?rest_route=\/wp\/v2\/posts\/101","targetHints":{"allow":["GET"]}}],"collection":[{"href":"https:\/\/magicon.hu\/?rest_route=\/wp\/v2\/posts"}],"about":[{"href":"https:\/\/magicon.hu\/?rest_route=\/wp\/v2\/types\/post"}],"author":[{"embeddable":true,"href":"https:\/\/magicon.hu\/?rest_route=\/wp\/v2\/users\/1"}],"replies":[{"embeddable":true,"href":"https:\/\/magicon.hu\/?rest_route=%2Fwp%2Fv2%2Fcomments&post=101"}],"version-history":[{"count":1,"href":"https:\/\/magicon.hu\/?rest_route=\/wp\/v2\/posts\/101\/revisions"}],"predecessor-version":[{"id":102,"href":"https:\/\/magicon.hu\/?rest_route=\/wp\/v2\/posts\/101\/revisions\/102"}],"wp:featuredmedia":[{"embeddable":true,"href":"https:\/\/magicon.hu\/?rest_route=\/wp\/v2\/media\/100"}],"wp:attachment":[{"href":"https:\/\/magicon.hu\/?rest_route=%2Fwp%2Fv2%2Fmedia&parent=101"}],"wp:term":[{"taxonomy":"category","embeddable":true,"href":"https:\/\/magicon.hu\/?rest_route=%2Fwp%2Fv2%2Fcategories&post=101"},{"taxonomy":"post_tag","embeddable":true,"href":"https:\/\/magicon.hu\/?rest_route=%2Fwp%2Fv2%2Ftags&post=101"}],"curies":[{"name":"wp","href":"https:\/\/api.w.org\/{rel}","templated":true}]}}